{"id":56878,"date":"2022-10-26T10:33:09","date_gmt":"2022-10-26T08:33:09","guid":{"rendered":"https:\/\/miradordeatarfe.es\/?p=56878"},"modified":"2022-10-24T18:00:18","modified_gmt":"2022-10-24T16:00:18","slug":"da-el-salto-formate-en-competencias-digitales","status":"publish","type":"post","link":"https:\/\/miradordeatarfe.es\/?p=56878","title":{"rendered":"ATARFE: Da el salto, f\u00f3rmate en competencias digitales"},"content":{"rendered":"<div class=\"elementor-column elementor-col-33 elementor-inner-column elementor-element elementor-element-104467dc\" data-id=\"104467dc\" data-element_type=\"column\">\n<div class=\"elementor-widget-wrap elementor-element-populated\">\n<div class=\"elementor-element elementor-element-59bbed4c elementor-widget elementor-widget-heading\" data-id=\"59bbed4c\" data-element_type=\"widget\" data-widget_type=\"heading.default\">\n<div class=\"elementor-widget-container\">\n<div class=\"elementor-element elementor-element-649ee728 elementor-widget elementor-widget-text-editor\" data-id=\"649ee728\" data-element_type=\"widget\" data-widget_type=\"text-editor.default\">\n<h3 class=\"elementor-widget-container\">Llega lo lejos que quieras, f\u00f3rmate en competencias digitales.<span class=\"elementor-heading-title elementor-size-default\">Nuestro programa formativo es la oportunidad que necesitas para sacar rendimiento a las nuevas tecnolog\u00edas, tu momento es ahora<\/span><\/h3>\n<\/div>\n<h2 class=\"elementor-heading-title elementor-size-default\">Competencias digitales b\u00e1sicas para el empleo<\/h2>\n<\/div>\n<\/div>\n<div class=\"elementor-element elementor-element-3aa47fe2 elementor-widget elementor-widget-heading\" data-id=\"3aa47fe2\" data-element_type=\"widget\" data-widget_type=\"heading.default\">\n<div class=\"elementor-widget-container\">\n<p><strong>Duraci\u00f3n<\/strong>: 26 horas<br \/>\n<strong>Objetivos:<\/strong> Adquirir <strong>habilidades tecnol\u00f3gicas<\/strong> digitales que promuevan, <strong>faciliten<\/strong> y <strong>mejoren<\/strong> la <strong>empleabilidad<\/strong> y el <strong>desarrollo de negocios<\/strong>, en particular promovidos por mujeres conciliando su vida familiar y profesional.<\/p>\n<section class=\"elementor-section elementor-top-section elementor-element elementor-element-1b06591 elementor-section-boxed elementor-section-height-default elementor-section-height-default\" data-id=\"1b06591\" data-element_type=\"section\" data-settings=\"{&quot;background_background&quot;:&quot;classic&quot;}\">\n<div class=\"elementor-container elementor-column-gap-default\">\n<div class=\"elementor-column elementor-col-100 elementor-top-column elementor-element elementor-element-d6a1562\" data-id=\"d6a1562\" data-element_type=\"column\">\n<div class=\"elementor-widget-wrap elementor-element-populated\">\n<section class=\"elementor-section elementor-inner-section elementor-element elementor-element-cd00ed2 elementor-section-boxed elementor-section-height-default elementor-section-height-default\" data-id=\"cd00ed2\" data-element_type=\"section\">\n<div class=\"elementor-container elementor-column-gap-default\">\n<div class=\"elementor-column elementor-col-100 elementor-inner-column elementor-element elementor-element-35c751e\" data-id=\"35c751e\" data-element_type=\"column\">\n<div class=\"elementor-widget-wrap elementor-element-populated\">\n<div class=\"elementor-element elementor-element-fee3fc5 elementor-widget elementor-widget-heading\" data-id=\"fee3fc5\" data-element_type=\"widget\" data-widget_type=\"heading.default\">\n<div class=\"elementor-widget-container\">\n<p class=\"elementor-heading-title elementor-size-default\">En la alfabetizaci\u00f3n digital de personas trabajadoras contratadas en el marco del plan de fomento del empleo agrario PROFEA (C19.|3, Plan de recuperaci\u00f3n y transformaci\u00f3n y resiliencia de la econom\u00eda espa\u00f1ola)<\/p>\n<\/div>\n<\/div>\n<\/div>\n<\/div>\n<\/div>\n<\/section>\n<\/div>\n<\/div>\n<\/div>\n<\/section>\n<section class=\"elementor-section elementor-top-section elementor-element elementor-element-17ecaad elementor-section-boxed elementor-section-height-default elementor-section-height-default\" data-id=\"17ecaad\" data-element_type=\"section\" data-settings=\"{&quot;background_background&quot;:&quot;classic&quot;}\">\n<div class=\"elementor-container elementor-column-gap-default\">\n<div class=\"elementor-column elementor-col-100 elementor-top-column elementor-element elementor-element-952d1dd\" data-id=\"952d1dd\" data-element_type=\"column\">\n<div class=\"elementor-widget-wrap elementor-element-populated\">\n<section class=\"elementor-section elementor-inner-section elementor-element elementor-element-92175b5 elementor-section-boxed elementor-section-height-default elementor-section-height-default\" data-id=\"92175b5\" data-element_type=\"section\">\n<div class=\"elementor-container elementor-column-gap-default\">\n<div class=\"elementor-column elementor-col-100 elementor-inner-column elementor-element elementor-element-5dce005\" data-id=\"5dce005\" data-element_type=\"column\">\n<div class=\"elementor-widget-wrap elementor-element-populated\">\n<div class=\"elementor-element elementor-element-2b4e19c elementor-widget elementor-widget-heading\" data-id=\"2b4e19c\" data-element_type=\"widget\" data-widget_type=\"heading.default\">\n<div class=\"elementor-widget-container\">\n<h3>\u00bfOBJETIVOS DEL PROGRAMA?<\/h3>\n<\/div>\n<\/div>\n<\/div>\n<\/div>\n<\/div>\n<\/section>\n<section class=\"elementor-section elementor-inner-section elementor-element elementor-element-2e29ceb elementor-section-boxed elementor-section-height-default elementor-section-height-default\" data-id=\"2e29ceb\" data-element_type=\"section\">\n<div class=\"elementor-container elementor-column-gap-default\">\n<div class=\"elementor-column elementor-col-50 elementor-inner-column elementor-element elementor-element-a72dd54\" data-id=\"a72dd54\" data-element_type=\"column\">\n<div class=\"elementor-widget-wrap elementor-element-populated\">\n<div class=\"elementor-element elementor-element-c3651e9 elementor-widget elementor-widget-heading\" data-id=\"c3651e9\" data-element_type=\"widget\" data-widget_type=\"heading.default\">\n<div class=\"elementor-widget-container\">\n<ul class=\"lista1\">\n<li><strong>Desarrollar las competencias digitales<\/strong> de las mujeres que pertenecen al programa PROFEA.<\/li>\n<li>Dotar a las beneficiarias de <strong>herramientas que permitan dar a conocer su negocio<\/strong> y\/o la ampliaci\u00f3n del mismo.<\/li>\n<li>Establecer mecanismos de <strong>conexi\u00f3n digital<\/strong> que permitan las <strong>sinergias entre negocios<\/strong> y, por ende, entre mujeres emprendedoras.<\/li>\n<li>Incrementar la capacitaci\u00f3n en <strong>competencias digitales<\/strong> adecuadas que <strong>permita afrontar con \u00e9xito<\/strong>, la <strong>inclusi\u00f3n laboral<\/strong> de las mujeres, ya sea, por cuenta ajena o por cuenta propia.<\/li>\n<li><strong>Reducir la brecha de g\u00e9nero y digital<\/strong> de la regi\u00f3n.<\/li>\n<li>Dar a conocer las <strong>posibilidades<\/strong> que ofrece el <strong>sector TIC<\/strong> para el desarrollo personal y profesional de las mujeres en zonas rurales.<\/li>\n<li><strong>Reducir el aislamiento de la poblaci\u00f3n<\/strong> de los entornos rurales y permitir dar <strong>visibilidad a sus estilos y modos de vida<\/strong>, costumbres, cultura, etc.<\/li>\n<li><strong>Incrementar<\/strong>, a trav\u00e9s de la formaci\u00f3n e informaci\u00f3n adecuada, los porcentajes de <strong>mujeres que intervienen en los procesos de toma de decisiones<\/strong>, la b\u00fasqueda de nuevas oportunidades, el aumento de la representaci\u00f3n en organismos o puestos de mayor responsabilidad o el aumento del emprendimiento.<\/li>\n<li><strong>Incrementar las tasas de emprendimiento<\/strong> en el mundo rural, y m\u00e1s concretamente el emprendimiento femenino.<\/li>\n<\/ul>\n<p><a href=\"https:\/\/i0.wp.com\/miradordeatarfe.es\/wp-content\/uploads\/2022\/10\/312094149_5694950440568779_804533408492422314_n.jpg?ssl=1\"><img data-recalc-dims=\"1\" loading=\"lazy\" decoding=\"async\" class=\"alignnone size-full wp-image-56879\" src=\"https:\/\/i0.wp.com\/miradordeatarfe.es\/wp-content\/uploads\/2022\/10\/312094149_5694950440568779_804533408492422314_n.jpg?resize=640%2C960&#038;ssl=1\" alt=\"\" width=\"640\" height=\"960\" srcset=\"https:\/\/i0.wp.com\/miradordeatarfe.es\/wp-content\/uploads\/2022\/10\/312094149_5694950440568779_804533408492422314_n.jpg?w=887&amp;ssl=1 887w, https:\/\/i0.wp.com\/miradordeatarfe.es\/wp-content\/uploads\/2022\/10\/312094149_5694950440568779_804533408492422314_n.jpg?resize=200%2C300&amp;ssl=1 200w, https:\/\/i0.wp.com\/miradordeatarfe.es\/wp-content\/uploads\/2022\/10\/312094149_5694950440568779_804533408492422314_n.jpg?resize=683%2C1024&amp;ssl=1 683w, https:\/\/i0.wp.com\/miradordeatarfe.es\/wp-content\/uploads\/2022\/10\/312094149_5694950440568779_804533408492422314_n.jpg?resize=768%2C1152&amp;ssl=1 768w\" sizes=\"auto, (max-width: 640px) 100vw, 640px\" \/><\/a><\/p>\n<\/div>\n<\/div>\n<\/div>\n<\/div>\n<div class=\"elementor-column elementor-col-50 elementor-inner-column elementor-element elementor-element-562dea6\" data-id=\"562dea6\" data-element_type=\"column\">\n<div class=\"elementor-widget-wrap elementor-element-populated\">\n<div class=\"elementor-element elementor-element-1d19c11 elementor-widget elementor-widget-heading\" data-id=\"1d19c11\" data-element_type=\"widget\" data-widget_type=\"heading.default\">\n<div class=\"elementor-widget-container\">\u00a0<\/div>\n<\/div>\n<\/div>\n<\/div>\n<\/div>\n<\/section>\n<\/div>\n<\/div>\n<\/div>\n<\/section>\n<\/div>\n<\/div>\n<\/div>\n<\/div>\n","protected":false},"excerpt":{"rendered":"<p>Llega lo lejos que quieras, f\u00f3rmate en competencias digitales.Nuestro programa formativo es la oportunidad que&#8230;<\/p>\n","protected":false},"author":1,"featured_media":56880,"comment_status":"closed","ping_status":"closed","sticky":false,"template":"","format":"standard","meta":{"_coblocks_attr":"","_coblocks_dimensions":"","_coblocks_responsive_height":"","_coblocks_accordion_ie_support":"","jetpack_post_was_ever_published":false,"_jetpack_newsletter_access":"","_jetpack_dont_email_post_to_subs":false,"_jetpack_newsletter_tier_id":0,"_jetpack_memberships_contains_paywalled_content":false,"_jetpack_memberships_contains_paid_content":false,"footnotes":"","jetpack_publicize_message":"","jetpack_publicize_feature_enabled":true,"jetpack_social_post_already_shared":true,"jetpack_social_options":{"image_generator_settings":{"template":"highway","default_image_id":0,"enabled":false},"version":2}},"categories":[2,6916,1161,44,15],"tags":[81,76,1101],"class_list":["post-56878","post","type-post","status-publish","format-standard","has-post-thumbnail","hentry","category-atarfe","category-ayuntamiento-de-atarfe","category-ciudadania","category-noticias-de-hoy","category-ultimas-noticias","tag-atarfe","tag-formacion","tag-profea"],"jetpack_publicize_connections":[],"jetpack_featured_media_url":"https:\/\/i0.wp.com\/miradordeatarfe.es\/wp-content\/uploads\/2022\/10\/1x1-Imagen-2.jpg?fit=400%2C400&ssl=1","jetpack_likes_enabled":true,"jetpack_sharing_enabled":true,"_links":{"self":[{"href":"https:\/\/miradordeatarfe.es\/index.php?rest_route=\/wp\/v2\/posts\/56878","targetHints":{"allow":["GET"]}}],"collection":[{"href":"https:\/\/miradordeatarfe.es\/index.php?rest_route=\/wp\/v2\/posts"}],"about":[{"href":"https:\/\/miradordeatarfe.es\/index.php?rest_route=\/wp\/v2\/types\/post"}],"author":[{"embeddable":true,"href":"https:\/\/miradordeatarfe.es\/index.php?rest_route=\/wp\/v2\/users\/1"}],"replies":[{"embeddable":true,"href":"https:\/\/miradordeatarfe.es\/index.php?rest_route=%2Fwp%2Fv2%2Fcomments&post=56878"}],"version-history":[{"count":3,"href":"https:\/\/miradordeatarfe.es\/index.php?rest_route=\/wp\/v2\/posts\/56878\/revisions"}],"predecessor-version":[{"id":56959,"href":"https:\/\/miradordeatarfe.es\/index.php?rest_route=\/wp\/v2\/posts\/56878\/revisions\/56959"}],"wp:featuredmedia":[{"embeddable":true,"href":"https:\/\/miradordeatarfe.es\/index.php?rest_route=\/wp\/v2\/media\/56880"}],"wp:attachment":[{"href":"https:\/\/miradordeatarfe.es\/index.php?rest_route=%2Fwp%2Fv2%2Fmedia&parent=56878"}],"wp:term":[{"taxonomy":"category","embeddable":true,"href":"https:\/\/miradordeatarfe.es\/index.php?rest_route=%2Fwp%2Fv2%2Fcategories&post=56878"},{"taxonomy":"post_tag","embeddable":true,"href":"https:\/\/miradordeatarfe.es\/index.php?rest_route=%2Fwp%2Fv2%2Ftags&post=56878"}],"curies":[{"name":"wp","href":"https:\/\/api.w.org\/{rel}","templated":true}]}}