{"id":56886,"date":"2022-10-20T09:55:57","date_gmt":"2022-10-20T07:55:57","guid":{"rendered":"https:\/\/miradordeatarfe.es\/?p=56886"},"modified":"2022-10-18T20:05:54","modified_gmt":"2022-10-18T18:05:54","slug":"asi-sera-el-nuevo-estatuto-del-becario-las-practicas-no-podran-hacerse-de-noche-ni-en-turnos-y-los-becarios-no-podran-superar-el-20-de-la-plantilla","status":"publish","type":"post","link":"https:\/\/miradordeatarfe.es\/?p=56886","title":{"rendered":"As\u00ed ser\u00e1 el nuevo Estatuto del Becario: las pr\u00e1cticas no podr\u00e1n hacerse de noche ni en turnos y los becarios no podr\u00e1n superar el 20% de la plantilla"},"content":{"rendered":"<header>\n<h2 style=\"text-align: justify;\">La CEOE no firmar\u00e1 la propuesta del Estatuto del Becario planteada por el Ministerio de Trabajo<\/h2>\n<\/header>\n<div class=\"cnt-txt\" style=\"text-align: justify;\">\n<p>Novedades sobre el Estatuto del Becario que adelanta la SER: la propuesta del Gobierno contempla que las pr\u00e1cticas no pueden estar fuera del curr\u00edculum acad\u00e9mico, han de estar incluidas en la universidad y que los estudiantes no podr\u00e1n superar el 20% del total de la plantilla donde hagan las pr\u00e1cticas.<\/p>\n<\/div>\n<p style=\"text-align: justify;\">Adem\u00e1s, la CEOE no firmar\u00e1 la propuesta del Estatuto del Becario planteada por el Ministerio de Trabajo. Seg\u00fan fuentes de la negociaci\u00f3n, los empresarios no comparten el texto donde se define qu\u00e9 es un becario.<\/p>\n<p style=\"text-align: justify;\">La propuesta, a la que ha tenido acceso la SER, dice que el becario es quien desarrolla tareas formativas que han de figurar en los programas oficialmente reconocidos en la FP o la Universidad. Este planteamiento acaba as\u00ed con las pr\u00e1cticas extracurriculares de aqu\u00ed a 2025.<\/p>\n<p style=\"text-align: justify;\">Adem\u00e1s, la empresa tendr\u00e1 que hacerse cargo de sus gastos de transporte, alojamiento y manutenci\u00f3n si es que la beca no es remunerada o si no existe otra beca que los cubra.<\/p>\n<p style=\"text-align: justify;\">En general, las pr\u00e1cticas no podr\u00e1n hacerse por la noche ni por turnos y los becarios no podr\u00e1n superar el 20% de la plantilla total de una empresa.<\/p>\n<p style=\"text-align: justify;\">Seg\u00fan fuentes de la negociaci\u00f3n consultadas por la SER, a\u00fan quedan por afinar las cuestiones de Seguridad Social, pero ya se pact\u00f3 que las empresas tendr\u00e1n que dar de alta a los becarios y ese tiempo sumar\u00e1 para una futura pensi\u00f3n. Eso s\u00ed, para las empresas habr\u00e1 bonificaciones de m\u00e1s del 75% de las cuotas a la Seguridad Social, aun por cerrar.<\/p>\n<p style=\"text-align: justify;\">Los sindicatos han dado el visto bueno, a espera de ratificar el s\u00ed definitivo con sus \u00f3rganos.<\/p>\n<div class=\"cnt-byline\">\n<div>\n<p><a class=\"au-wb\" title=\"Elsa Llorente\" href=\"https:\/\/cadenaser.com\/autor\/elsa_llorente_gonzalez\/a\/\"><strong>Elsa Llorente<\/strong><\/a><\/p>\n<\/div>\n<p><a class=\"emi\" title=\"Cadena SER\" href=\"https:\/\/cadenaser.com\/cadena-ser\/\">Cadena SER<\/a><\/div>\n<div>\u00a0<\/div>\n<div>https:\/\/cadenaser.com\/nacional\/2022\/10\/18\/el-estatuto-del-becario-contempla-que-las-practicas-no-podran-hacerse-por-la-noche-ni-por-turnos-y-los-becarios-no-podran-superar-el-20-de-la-plantilla-cadena-ser\/<\/div>\n","protected":false},"excerpt":{"rendered":"<p>La CEOE no firmar\u00e1 la propuesta del Estatuto del Becario planteada por el Ministerio de&#8230;<\/p>\n","protected":false},"author":1,"featured_media":56888,"comment_status":"closed","ping_status":"closed","sticky":false,"template":"","format":"standard","meta":{"_coblocks_attr":"","_coblocks_dimensions":"","_coblocks_responsive_height":"","_coblocks_accordion_ie_support":"","jetpack_post_was_ever_published":false,"_jetpack_newsletter_access":"","_jetpack_dont_email_post_to_subs":false,"_jetpack_newsletter_tier_id":0,"_jetpack_memberships_contains_paywalled_content":false,"_jetpack_memberships_contains_paid_content":false,"footnotes":"","jetpack_publicize_message":"","jetpack_publicize_feature_enabled":true,"jetpack_social_post_already_shared":true,"jetpack_social_options":{"image_generator_settings":{"template":"highway","default_image_id":0,"enabled":false},"version":2}},"categories":[1161,44,7671,6937,15],"tags":[3823,7880,7395],"class_list":["post-56886","post","type-post","status-publish","format-standard","has-post-thumbnail","hentry","category-ciudadania","category-noticias-de-hoy","category-politica","category-sociedad","category-ultimas-noticias","tag-becarios","tag-ceoe","tag-ministerio-de-trabajo"],"jetpack_publicize_connections":[],"jetpack_featured_media_url":"https:\/\/i0.wp.com\/miradordeatarfe.es\/wp-content\/uploads\/2022\/10\/TRABAJO.jpeg?fit=650%2C366&ssl=1","jetpack_likes_enabled":true,"jetpack_sharing_enabled":true,"_links":{"self":[{"href":"https:\/\/miradordeatarfe.es\/index.php?rest_route=\/wp\/v2\/posts\/56886","targetHints":{"allow":["GET"]}}],"collection":[{"href":"https:\/\/miradordeatarfe.es\/index.php?rest_route=\/wp\/v2\/posts"}],"about":[{"href":"https:\/\/miradordeatarfe.es\/index.php?rest_route=\/wp\/v2\/types\/post"}],"author":[{"embeddable":true,"href":"https:\/\/miradordeatarfe.es\/index.php?rest_route=\/wp\/v2\/users\/1"}],"replies":[{"embeddable":true,"href":"https:\/\/miradordeatarfe.es\/index.php?rest_route=%2Fwp%2Fv2%2Fcomments&post=56886"}],"version-history":[{"count":2,"href":"https:\/\/miradordeatarfe.es\/index.php?rest_route=\/wp\/v2\/posts\/56886\/revisions"}],"predecessor-version":[{"id":56889,"href":"https:\/\/miradordeatarfe.es\/index.php?rest_route=\/wp\/v2\/posts\/56886\/revisions\/56889"}],"wp:featuredmedia":[{"embeddable":true,"href":"https:\/\/miradordeatarfe.es\/index.php?rest_route=\/wp\/v2\/media\/56888"}],"wp:attachment":[{"href":"https:\/\/miradordeatarfe.es\/index.php?rest_route=%2Fwp%2Fv2%2Fmedia&parent=56886"}],"wp:term":[{"taxonomy":"category","embeddable":true,"href":"https:\/\/miradordeatarfe.es\/index.php?rest_route=%2Fwp%2Fv2%2Fcategories&post=56886"},{"taxonomy":"post_tag","embeddable":true,"href":"https:\/\/miradordeatarfe.es\/index.php?rest_route=%2Fwp%2Fv2%2Ftags&post=56886"}],"curies":[{"name":"wp","href":"https:\/\/api.w.org\/{rel}","templated":true}]}}