{"id":56890,"date":"2022-10-23T09:12:12","date_gmt":"2022-10-23T07:12:12","guid":{"rendered":"https:\/\/miradordeatarfe.es\/?p=56890"},"modified":"2022-10-18T20:15:25","modified_gmt":"2022-10-18T18:15:25","slug":"la-mitad-de-los-universitarios-hace-un-uso-problematico-del-movil","status":"publish","type":"post","link":"https:\/\/miradordeatarfe.es\/?p=56890","title":{"rendered":"La mitad de los universitarios hace un uso problem\u00e1tico del m\u00f3vil"},"content":{"rendered":"<header>\n<h3>Casi siete de cada diez admite usar el tel\u00e9fono para sentirse mejor. Un 30% emplea este dispositivo m\u00e1s de cinco horas en un d\u00eda laborable<\/h3>\n<\/header>\n<div class=\"cnt-txt\">\n<p style=\"text-align: justify;\">En 49,3% de los universitarios espa\u00f1oles realiza un uso problem\u00e1tico del m\u00f3vil. Es el dato m\u00e1s llamativo del informe \u201cUso del m\u00f3vil, estilo de vida y bienestar psicol\u00f3gico en estudiantes universitarios. Influencia de la pandemia\u00bb, realizado por la REUPS, una red integrada por 57 universidades espa\u00f1olas, con el apoyo de la Fundaci\u00f3n Mapfre.<\/p>\n<\/div>\n<p style=\"text-align: justify;\">Para llegar a esa conclusi\u00f3n los autores han hecho preguntas como si sent\u00edan perdidos sin el m\u00f3vil, se angustiaban si no pod\u00edan cogerlo o mirar los mensajes o si en su entorno les reprochaban que estaban demasiado pendientes del tel\u00e9fono. Ese uso problem\u00e1tico est\u00e1 relacionado con otro dato que tambi\u00e9n revela este estudio: la mitad de los universitarios tiene nomofobia, terror a quedarse sin tel\u00e9fono o sin internet. Casi un 30% lo utiliza m\u00e1s de 5 horas en d\u00edas laborales. Un porcentaje que sube al 34% los fines de semana. Un 31% de los estudiantes se ha gastado m\u00e1s de 500 euros en un tel\u00e9fono.<\/p>\n<p style=\"text-align: justify;\">El uso excesivo del m\u00f3vil es mayor en mujeres que en hombres. Los autores creen que ellas est\u00e1n m\u00e1s enganchadas porque lo usan \u00bb para redes sociales para comunicarse y los hombres para juegos\u00bb, ha explicado Antoni Aguil\u00f3, presidente de REUPS y el responsable del estudio. \u00abEsto puede ser una explicaci\u00f3n por el que la mujer tenga m\u00e1s uso problem\u00e1tico\u00bb. Un 62,8% de los universitarios usan el m\u00f3vil para sentirse mejor, un 74% cuando se sienten solos y seis de cada diez reconocen que est\u00e1n m\u00e1s pendientes del tel\u00e9fono de lo que les gustar\u00eda. El m\u00f3vil afecta tambi\u00e9n al descanso: m\u00e1s del 60% dice que descansa peor si usa el m\u00f3vil antes de ir a la cama.<\/p>\n<h3 style=\"text-align: justify;\">Mala dieta<\/h3>\n<p style=\"text-align: justify;\">El estudio, que se basa en una muestra de 16.574 personas con una media de 23 a\u00f1os, analiza otros h\u00e1bitos de salud y tambi\u00e9n el impacto que la pandemia ha tenido en los universitarios. Se podr\u00eda decir que los universitarios se alimentan mal. La mayor\u00eda no sigue la Dieta Mediterr\u00e1nea: el 64,3% admite que tiene baja adherencia a ese tipo de dieta y come menos de dos veces a la semana verduras, legumbres y pescado. Las mujeres presentan una mejor adherencia que los hombres, un 36,7% frente a un 33,7%. Por ramas de conocimiento los alumnos de Ciencias de la Salud son los que mejor adherencia a la Dieta Mediterr\u00e1nea tienen, 40,7%. Casi un tercio asegura que ha mejorado su dieta a consecuencia de la pandemia. En cuanto al deporte, el 48,5% del alumnado ha realizado actividad f\u00edsica 3 o m\u00e1s veces a la semana durante el confinamiento, increment\u00e1ndose en un 39% en el caso de las mujeres y en un 34,5% de los hombres.<\/p>\n<h3 style=\"text-align: justify;\">Alcohol y tabaco<\/h3>\n<p style=\"text-align: justify;\">Casi uno de cada cinco universitarios (el 19,7% ) presenta riesgo medio de adicci\u00f3n al alcohol y un 4,4% riesgo alto o posible adicci\u00f3n. A la mayor\u00eda, sin embargo, (73,6%) no le afect\u00f3 la pandemia en el consumo de alcohol aunque casi un 9% admiti\u00f3 que bebi\u00f3 m\u00e1s. Los autores dicen que son porcentajes similares a los de la poblaci\u00f3n general. Un 14% es fumador, menos que en la poblaci\u00f3n general, y un 12% ex fumadores. La pandemia ha influido en que un 8,1% haya empezado a fumar o fuma m\u00e1s y hay una dependencia media o alta en el 16,9% de los casos.<\/p>\n<h3 style=\"text-align: justify;\">Pandemia y salud mental<\/h3>\n<p style=\"text-align: justify;\">Durante la pandemia la mitad sufri\u00f3 ansiedad o sintomatolog\u00eda depresiva, un 21% tuvo miedo de morir de COVID y uno de cada diez sufri\u00f3 la perdida de alg\u00fan familiar por esta enfermedad. E impacto de la pandemia fue significativamente mayor en las mujeres que en los hombres que sufrieron mucho m\u00e1s emocionalmente.<\/p>\n<p style=\"text-align: justify;\">En general, los universitarios tienen una buena percepci\u00f3n de su estado de salud. El 74% considera que es bueno o muy bueno pero el 46% dice que ha empeorado con la pandemia. Las mujeres tienen una peor percepci\u00f3n del estado de salud (7,3% m\u00e1s ) y de c\u00f3mo les ha afectado la pandemia (95% m\u00e1s).<\/p>\n<div class=\"cnt-byline\">\n<div>\n<p><a class=\"au-wb\" title=\"Adela Molina\" href=\"https:\/\/cadenaser.com\/autor\/adela_molina_villar\/a\/\"><strong>Adela Molina<\/strong><\/a><\/p>\n<\/div>\n<p><a class=\"emi\" title=\"Cadena SER\" href=\"https:\/\/cadenaser.com\/cadena-ser\/\">Cadena SER<\/a><\/div>\n<div>\u00a0<\/div>\n<div>https:\/\/cadenaser.com\/nacional\/2022\/10\/18\/la-mitad-de-los-universitarios-hace-un-uso-problematico-del-movil-cadena-ser\/<\/div>\n","protected":false},"excerpt":{"rendered":"<p>Casi siete de cada diez admite usar el tel\u00e9fono para sentirse mejor. Un 30% emplea&#8230;<\/p>\n","protected":false},"author":1,"featured_media":56891,"comment_status":"closed","ping_status":"closed","sticky":false,"template":"","format":"standard","meta":{"_coblocks_attr":"","_coblocks_dimensions":"","_coblocks_responsive_height":"","_coblocks_accordion_ie_support":"","jetpack_post_was_ever_published":false,"_jetpack_newsletter_access":"","_jetpack_dont_email_post_to_subs":false,"_jetpack_newsletter_tier_id":0,"_jetpack_memberships_contains_paywalled_content":false,"_jetpack_memberships_contains_paid_content":false,"footnotes":"","jetpack_publicize_message":"","jetpack_publicize_feature_enabled":true,"jetpack_social_post_already_shared":true,"jetpack_social_options":{"image_generator_settings":{"template":"highway","default_image_id":0,"enabled":false},"version":2}},"categories":[1161,44,6937,6920,15],"tags":[9529,1064,2977],"class_list":["post-56890","post","type-post","status-publish","format-standard","has-post-thumbnail","hentry","category-ciudadania","category-noticias-de-hoy","category-sociedad","category-tecnologia","category-ultimas-noticias","tag-mal-uso","tag-moviles","tag-universitarios"],"jetpack_publicize_connections":[],"jetpack_featured_media_url":"https:\/\/i0.wp.com\/miradordeatarfe.es\/wp-content\/uploads\/2022\/10\/S3LJYFOVP5OM5KHCFBFNMN46UU.jpg?fit=650%2C488&ssl=1","jetpack_likes_enabled":true,"jetpack_sharing_enabled":true,"_links":{"self":[{"href":"https:\/\/miradordeatarfe.es\/index.php?rest_route=\/wp\/v2\/posts\/56890","targetHints":{"allow":["GET"]}}],"collection":[{"href":"https:\/\/miradordeatarfe.es\/index.php?rest_route=\/wp\/v2\/posts"}],"about":[{"href":"https:\/\/miradordeatarfe.es\/index.php?rest_route=\/wp\/v2\/types\/post"}],"author":[{"embeddable":true,"href":"https:\/\/miradordeatarfe.es\/index.php?rest_route=\/wp\/v2\/users\/1"}],"replies":[{"embeddable":true,"href":"https:\/\/miradordeatarfe.es\/index.php?rest_route=%2Fwp%2Fv2%2Fcomments&post=56890"}],"version-history":[{"count":1,"href":"https:\/\/miradordeatarfe.es\/index.php?rest_route=\/wp\/v2\/posts\/56890\/revisions"}],"predecessor-version":[{"id":56892,"href":"https:\/\/miradordeatarfe.es\/index.php?rest_route=\/wp\/v2\/posts\/56890\/revisions\/56892"}],"wp:featuredmedia":[{"embeddable":true,"href":"https:\/\/miradordeatarfe.es\/index.php?rest_route=\/wp\/v2\/media\/56891"}],"wp:attachment":[{"href":"https:\/\/miradordeatarfe.es\/index.php?rest_route=%2Fwp%2Fv2%2Fmedia&parent=56890"}],"wp:term":[{"taxonomy":"category","embeddable":true,"href":"https:\/\/miradordeatarfe.es\/index.php?rest_route=%2Fwp%2Fv2%2Fcategories&post=56890"},{"taxonomy":"post_tag","embeddable":true,"href":"https:\/\/miradordeatarfe.es\/index.php?rest_route=%2Fwp%2Fv2%2Ftags&post=56890"}],"curies":[{"name":"wp","href":"https:\/\/api.w.org\/{rel}","templated":true}]}}