{"id":56904,"date":"2022-10-26T08:35:50","date_gmt":"2022-10-26T06:35:50","guid":{"rendered":"https:\/\/miradordeatarfe.es\/?p=56904"},"modified":"2022-10-19T20:49:59","modified_gmt":"2022-10-19T18:49:59","slug":"aparatos-por-menos-de-35-euros-para-ahorrar-energia-en-casa","status":"publish","type":"post","link":"https:\/\/miradordeatarfe.es\/?p=56904","title":{"rendered":"Aparatos por menos de 35 euros para ahorrar energ\u00eda en casa"},"content":{"rendered":"<h2 class=\"voc-sub-title\">Cargadores solares, enchufes inteligentes, luces con sensores&#8230;<\/h2>\n<p class=\"voc-paragraph\" style=\"text-align: justify;\">La subida de los precios de la energ\u00eda que estamos experimentando hace ya tiempo y el hecho de que la situaci\u00f3n no parece que ir\u00e1 a mejor a corto plazo est\u00e1 llevando a la gente a buscar d\u00f3nde ahorrar (o no gastar mucho m\u00e1s, al menos) en la factura de la luz. Seg\u00fan una encuesta realizada el a\u00f1o pasado por la plataforma digital para la mejora del hogar Habitissimo, el 32% de los espa\u00f1oles ya dec\u00eda entonces que la factura energ\u00e9tica era el gasto principal de su vivienda. No digamos ahora&#8230;<\/p>\n<p class=\"voc-paragraph\" style=\"text-align: justify;\">A esto hay que sumar la circunstancia de que cada vez existe m\u00e1s conciencia sobre la necesidad de proteger el medio ambiente, contaminar menos y consumir con m\u00e1s cuidado los recursos naturales, mientras el mundo se prepara para generar energ\u00eda por v\u00edas que miren m\u00e1s por el bienestar del planeta.<\/p>\n<p class=\"voc-paragraph\" style=\"text-align: justify;\">Adem\u00e1s de estudiar qu\u00e9 tarifa es la m\u00e1s adecuada para las necesidades de la familia, existen una serie de dispositivos que pueden ayudar a controlar el consumo en el hogar y a no desperdiciar energ\u00eda el\u00e9ctrica. Suponen un gasto inicial, s\u00ed, pero tampoco demasiado alto y se amortiza en poco tiempo. Estos son algunos ejemplos de gadgets econ\u00f3micos (hemos puesto el tope en 35 euros) con los que podemos reducir la factura de la luz.<\/p>\n<div class=\"voc-detail__cmp voc-detail__cmp--title voc-detail__cmp--no-margin\" style=\"text-align: justify;\">\n<h3 class=\"voc-detail__title\">Monitor inteligente de consumo el\u00e9ctrico<\/h3>\n<\/div>\n<p class=\"voc-paragraph\" style=\"text-align: justify;\">Una de las dificultades para controlar el consumo en casa es que ahora que los contadores est\u00e1n fuera del hogar es complicado saber cu\u00e1nta luz se est\u00e1 gastando. Los medidores inteligentes ayudan a tener controlado este gasto. Estos aparatos tambi\u00e9n son capaces de detectar qu\u00e9 electrodom\u00e9sticos consumen m\u00e1s, as\u00ed como lo que gastan los aparatos en espera (&#8216;stand by&#8217;).<\/p>\n<p class=\"voc-paragraph\" style=\"text-align: justify;\"><strong>Precio: desde 17 euros.<\/strong><\/p>\n<div class=\"voc-detail__cmp voc-detail__cmp--title voc-detail__cmp--no-margin\" style=\"text-align: justify;\">\n<h3 class=\"voc-detail__title\">Bombillas y luces LED o de bajo consumo<\/h3>\n<\/div>\n<p class=\"voc-paragraph\" style=\"text-align: justify;\">Desde 2018 ya no se venden ni se fabrican en Espa\u00f1a las bombillas hal\u00f3genas que hemos conocido toda la vida y cada vez son m\u00e1s los hogares que est\u00e1n totalmente iluminados con bombillas de bajo consumo o LED. A favor de estas \u00faltimas, que necesitan menos energ\u00eda para dar luz a la estancia y duran m\u00e1s tiempo. Se ha calculado que el ahorro anual respecto a las bombillas incandescentes supera los 35 euros al a\u00f1o.<\/p>\n<p class=\"voc-paragraph\" style=\"text-align: justify;\"><strong>Precio: desde 1,5 euros.<\/strong><\/p>\n<div class=\"voc-detail__cmp voc-detail__cmp--title voc-detail__cmp--no-margin\" style=\"text-align: justify;\">\n<h3 class=\"voc-detail__title\">Enchufes inteligentes<\/h3>\n<\/div>\n<p class=\"voc-paragraph\" style=\"text-align: justify;\">Una de las mejores maneras de ahorrar electricidad es gastarla \u00fanicamente cuando sea necesario. Obvio, \u00bfno? Y si hay alg\u00fan sistema dom\u00f3tico en casa o m\u00e1s dispositivos inteligentes es recomendable comprobar que son compatibles entre s\u00ed. Los enchufes inteligentes se controlan a trav\u00e9s del m\u00f3vil y no es necesario estar en casa para manejarlos. Precisan de una toma de tierra, un detalle que hay que tener en cuenta en los edificios cuya instalaci\u00f3n tenga ya un tiempo.<\/p>\n<p class=\"voc-paragraph\" style=\"text-align: justify;\">Algunos modelos incluso pueden comprobar el consumo de electricidad, ya que registran cu\u00e1nta ha pasado a los aparatos que est\u00e1n conectados a ellos.<\/p>\n<p class=\"voc-paragraph\" style=\"text-align: justify;\"><strong>Precio: desde 11 euros (suelen venir en paquetes de dos o cuatro enchufes).<\/strong><\/p>\n<div class=\"voc-detail__cmp voc-detail__cmp--title voc-detail__cmp--no-margin\" style=\"text-align: justify;\">\n<h3 class=\"voc-detail__title\">Temporizador de enchufes<\/h3>\n<\/div>\n<p class=\"voc-paragraph\" style=\"text-align: justify;\">En caso de que sea mucha inversi\u00f3n cambiar todos los enchufes de la casa, se puede optar por un temporizador. No es lo mismo ni se controla a distancia, pero s\u00ed se puede programar para no gastar energ\u00eda en un horario determinado. Los hay anal\u00f3gicos (m\u00e1s baratos) y digitales (f\u00e1ciles de usar y con posibilidad de elegir varias programaciones).<\/p>\n<p class=\"voc-paragraph\" style=\"text-align: justify;\"><strong>Precio: desde 4 euros cada uno los anal\u00f3gicos y desde 9 los digitales.<\/strong><\/p>\n<div class=\"voc-detail__cmp voc-detail__cmp--title voc-detail__cmp--no-margin\" style=\"text-align: justify;\">\n<h3 class=\"voc-detail__title\">Luces con sensor de movimiento<\/h3>\n<\/div>\n<p class=\"voc-paragraph\" style=\"text-align: justify;\">A veces alguno de los habitantes de la casa \u2013sobre todo los ni\u00f1os\u2013 se olvida de apagar la luz de una habitaci\u00f3n cuando no va a estar en ella un rato. Con los sensores por infrarrojos de las l\u00e1mparas ya no hay que ir comprobando que las habitaciones vac\u00edas tengan la luz apagada, sino que cuando no hay ning\u00fan movimiento \u2013lo que suele indicar que no hay nadie, claro\u2013 apagan la luz directamente, evitando as\u00ed un despilfarro de energ\u00eda y dinero totalmente innecesario. Tambi\u00e9n se puede instalar un sensor de movimiento independiente y hay modelos que incluso pueden apagar todos los dispositivos inteligentes de la habitaci\u00f3n, como la televisi\u00f3n.<\/p>\n<p class=\"voc-paragraph\" style=\"text-align: justify;\"><strong>Precio: las luces con sensor se pueden encontrar desde 35 euros. Y los sensores independientes, desde 12 euros cada uno.<\/strong><\/p>\n<div class=\"voc-detail__cmp voc-detail__cmp--title voc-detail__cmp--no-margin\" style=\"text-align: justify;\">\n<h3 class=\"voc-detail__title\">Cargador solar dom\u00e9stico<\/h3>\n<\/div>\n<p class=\"voc-paragraph\" style=\"text-align: justify;\">La energ\u00eda solar es una de las que est\u00e1 en auge por ser menos perjudicial para el medio ambiente. Para el consumo de un hogar se precisa la instalaci\u00f3n de paneles solares grandes, pero con uno de menos tama\u00f1o se pueden hacer peque\u00f1as cosas como cargar un m\u00f3vil, una tablet, un lector electr\u00f3nico o incluso una consola port\u00e1til. Adem\u00e1s, estos cargadores solares se pueden llevar en excursiones al aire libre.<\/p>\n<p class=\"voc-paragraph\" style=\"text-align: justify;\"><strong>Precio: desde 24 euros.<\/strong><\/p>\n<p style=\"text-align: justify;\"><a class=\"voc-author\" title=\"SARA BORONDO\"><strong>SARA BORONDO<\/strong> <\/a><\/p>\n<div class=\"voc-article-container\" style=\"text-align: justify;\">\n<article class=\"voc-article voc-article--detail voc-article--detail--base voc-article--photo-bottom\">\n<div class=\"voc-img-container  \">\n<p class=\"figure-caption\"><span class=\"voc-photo-author\">FOTO: TOM\u00c1S ONDARRA<\/span><\/p>\n<\/div>\n<div class=\"voc-info-container\">\n<p class=\"voc-sub-title\">https:\/\/www.ideal.es\/vivir\/tecnologia\/aparatos-euros-ahorrar-20221018154943-ntrc.html<\/p>\n<\/div>\n<\/article>\n<\/div>\n<div class=\"voc-detail\" data-voc-share-selection=\"\">\n<div class=\"voc-author-timesocial \">\n<div class=\"voc-author-timesocial__signature\">\n<div class=\"voc-author-timesocial__info\">\n<div class=\"voc-author-info\" style=\"text-align: justify;\">\u00a0<\/div>\n<\/div>\n<\/div>\n<\/div>\n<\/div>\n","protected":false},"excerpt":{"rendered":"<p>Cargadores solares, enchufes inteligentes, luces con sensores&#8230; La subida de los precios de la energ\u00eda&#8230;<\/p>\n","protected":false},"author":1,"featured_media":56905,"comment_status":"closed","ping_status":"closed","sticky":false,"template":"","format":"standard","meta":{"_coblocks_attr":"","_coblocks_dimensions":"","_coblocks_responsive_height":"","_coblocks_accordion_ie_support":"","jetpack_post_was_ever_published":false,"_jetpack_newsletter_access":"","_jetpack_dont_email_post_to_subs":false,"_jetpack_newsletter_tier_id":0,"_jetpack_memberships_contains_paywalled_content":false,"_jetpack_memberships_contains_paid_content":false,"footnotes":"","jetpack_publicize_message":"","jetpack_publicize_feature_enabled":true,"jetpack_social_post_already_shared":true,"jetpack_social_options":{"image_generator_settings":{"template":"highway","default_image_id":0,"enabled":false},"version":2}},"categories":[1161,9,44,7671,6937,6920,15],"tags":[2359,2266,588],"class_list":["post-56904","post","type-post","status-publish","format-standard","has-post-thumbnail","hentry","category-ciudadania","category-medio-ambiente","category-noticias-de-hoy","category-politica","category-sociedad","category-tecnologia","category-ultimas-noticias","tag-ahorro","tag-aparatos-electricos","tag-energia"],"jetpack_publicize_connections":[],"jetpack_featured_media_url":"https:\/\/i0.wp.com\/miradordeatarfe.es\/wp-content\/uploads\/2022\/10\/WEB-F-Ahorro-en-la-luz-keUC-U180401322524cPG-624x385%40RC.jpg?fit=624%2C385&ssl=1","jetpack_likes_enabled":true,"jetpack_sharing_enabled":true,"_links":{"self":[{"href":"https:\/\/miradordeatarfe.es\/index.php?rest_route=\/wp\/v2\/posts\/56904","targetHints":{"allow":["GET"]}}],"collection":[{"href":"https:\/\/miradordeatarfe.es\/index.php?rest_route=\/wp\/v2\/posts"}],"about":[{"href":"https:\/\/miradordeatarfe.es\/index.php?rest_route=\/wp\/v2\/types\/post"}],"author":[{"embeddable":true,"href":"https:\/\/miradordeatarfe.es\/index.php?rest_route=\/wp\/v2\/users\/1"}],"replies":[{"embeddable":true,"href":"https:\/\/miradordeatarfe.es\/index.php?rest_route=%2Fwp%2Fv2%2Fcomments&post=56904"}],"version-history":[{"count":1,"href":"https:\/\/miradordeatarfe.es\/index.php?rest_route=\/wp\/v2\/posts\/56904\/revisions"}],"predecessor-version":[{"id":56906,"href":"https:\/\/miradordeatarfe.es\/index.php?rest_route=\/wp\/v2\/posts\/56904\/revisions\/56906"}],"wp:featuredmedia":[{"embeddable":true,"href":"https:\/\/miradordeatarfe.es\/index.php?rest_route=\/wp\/v2\/media\/56905"}],"wp:attachment":[{"href":"https:\/\/miradordeatarfe.es\/index.php?rest_route=%2Fwp%2Fv2%2Fmedia&parent=56904"}],"wp:term":[{"taxonomy":"category","embeddable":true,"href":"https:\/\/miradordeatarfe.es\/index.php?rest_route=%2Fwp%2Fv2%2Fcategories&post=56904"},{"taxonomy":"post_tag","embeddable":true,"href":"https:\/\/miradordeatarfe.es\/index.php?rest_route=%2Fwp%2Fv2%2Ftags&post=56904"}],"curies":[{"name":"wp","href":"https:\/\/api.w.org\/{rel}","templated":true}]}}