{"id":56907,"date":"2022-10-27T11:39:03","date_gmt":"2022-10-27T09:39:03","guid":{"rendered":"https:\/\/miradordeatarfe.es\/?p=56907"},"modified":"2022-10-24T16:51:16","modified_gmt":"2022-10-24T14:51:16","slug":"atarfe-nuestro-vecino-roque-hidalgo-alvarez-se-despide-de-la-actividad-academica","status":"publish","type":"post","link":"https:\/\/miradordeatarfe.es\/?p=56907","title":{"rendered":"\u00bb NUESTRO VECINO ROQUE HIDALGO \u00c1LVAREZ SE DESPIDE DE LA ACTIVIDAD ACAD\u00c9MICA\u00bb por Jos\u00e9 Enrique Granados"},"content":{"rendered":"<div class=\"\" dir=\"auto\">\n<div id=\"jsc_c_1pb\" class=\"x1iorvi4 x1pi30zi x1l90r2v x1swvt13\" data-ad-comet-preview=\"message\" data-ad-preview=\"message\">\n<div class=\"x78zum5 xdt5ytf xz62fqu x16ldp7u\">\n<div class=\"xu06os2 x1ok221b\">\n<div class=\"xdj266r x11i5rnm xat24cr x1mh8g0r x1vvkbs x126k92a\">\n<h3 dir=\"auto\" style=\"text-align: justify;\">El pasado 16 de septiembre en la Facultad de Ciencias, tuvo lugar la despedida de la actividad acad\u00e9mica en la Universidad de Granada, de Roque Hidalgo \u00c1lvarez, tras 51 a\u00f1os al servicio de la ciudadan\u00eda como profesor y servidor p\u00fablico.<\/h3>\n<div dir=\"auto\" style=\"text-align: justify;\">En el acto, imparti\u00f3 la conferencia titulada \u201c<strong>La Historia de la ciencia de coloides e interfases en Espa\u00f1a. Antonio de Gregorio Rocasolano. Un gran cient\u00edfico e inquisidor (1873-1941)\u00bb<\/strong><\/div>\n<div dir=\"auto\" style=\"text-align: justify;\">\u00a0<\/div>\n<div dir=\"auto\" style=\"text-align: justify;\">\n<p>La conferencia puede verse en el siguiente enlace: <a class=\"x1i10hfl xjbqb8w x6umtig x1b1mbwd xaqea5y xav7gou x9f619 x1ypdohk xt0psk2 xe8uvvx xdj266r x11i5rnm xat24cr x1mh8g0r xexx8yu x4uap5 x18d9i69 xkhd6sd x16tdsg8 x1hl2dhg xggy1nq x1a2a7pz xt0b8zv x1fey0fg\" tabindex=\"0\" role=\"link\" href=\"https:\/\/drive.google.com\/file\/d\/1A3VkGx6d4a-1CpMD-hT2vvYWVsG842oP\/view?usp=sharing&amp;fbclid=IwAR3hdsisudkDe-MNHNMkFRBBbfIoP4yQ4eYfa04WX4y2WFd84AoZLDLJ74g\" target=\"_blank\" rel=\"nofollow noopener\">https:\/\/drive.google.com\/&#8230;\/1A3VkGx6d4a-1CpMD&#8230;\/view&#8230;<\/a><\/p>\n<div>\n<div id=\"0DE9E47C-871A-4F90-8440-B190C216800A_6\" class=\"mcafee_ok\" tabindex=\"0\">\u00a0<\/div>\n<\/div>\n<\/div>\n<div dir=\"auto\" style=\"text-align: justify;\">Aunque natural de La Carolina, Roque es vecino nuestro desde hace muchos a\u00f1os. Catedr\u00e1tico del Departamento de F\u00edsica Aplicada desde 1992, su tesis doctoral tuvo como t\u00edtulo \u201cTermodin\u00e1mica del No-Equilibrio de los procesos electrocin\u00e9ticos\u201d y la defendi\u00f3 en la universidad de Granada en 1979. Recibi\u00f3 el premio extraordinario de doctorado un a\u00f1o m\u00e1s tarde. En el curso 1984-85, siendo ya Profesor Titular, realiz\u00f3 una estancia postdoctoral en el Departamento de Qu\u00edmica-F\u00edsica Coloidal de la Universidad de Wageningen (Pa\u00edses Bajos), donde caracteriz\u00f3 coloides modelo mediante t\u00e9cnicas electrocin\u00e9ticas.<\/div>\n<div dir=\"auto\" style=\"text-align: justify;\">\u00a0<\/div>\n<div dir=\"auto\" style=\"text-align: justify;\"><a href=\"https:\/\/i0.wp.com\/miradordeatarfe.es\/wp-content\/uploads\/2022\/10\/Roque-Hidalgo-Alvarez.jpg?ssl=1\"><img data-recalc-dims=\"1\" loading=\"lazy\" decoding=\"async\" class=\"alignleft wp-image-56909 size-medium\" src=\"https:\/\/i0.wp.com\/miradordeatarfe.es\/wp-content\/uploads\/2022\/10\/Roque-Hidalgo-Alvarez.jpg?resize=300%2C300&#038;ssl=1\" alt=\"\" width=\"300\" height=\"300\" srcset=\"https:\/\/i0.wp.com\/miradordeatarfe.es\/wp-content\/uploads\/2022\/10\/Roque-Hidalgo-Alvarez.jpg?resize=300%2C300&amp;ssl=1 300w, https:\/\/i0.wp.com\/miradordeatarfe.es\/wp-content\/uploads\/2022\/10\/Roque-Hidalgo-Alvarez.jpg?resize=150%2C150&amp;ssl=1 150w, https:\/\/i0.wp.com\/miradordeatarfe.es\/wp-content\/uploads\/2022\/10\/Roque-Hidalgo-Alvarez.jpg?w=512&amp;ssl=1 512w\" sizes=\"auto, (max-width: 300px) 100vw, 300px\" \/><\/a>En 2015 fue propuesto como FRS (Fellow of the Royal Society). Ha trabajado en diferentes temas dentro de la Ciencia de Coloides e Interfases, tales como: densidad de carga efectiva y estabilidad coloidal de coloides modelo en 2- y 3-D, correlaciones i\u00f3nicas e inversi\u00f3n de carga en coloides reales, adsorci\u00f3n f\u00edsica y uni\u00f3n covalente de prote\u00ednas a coloides funcionalizados, mecanismos de estabilidad coloidal y propiedades interfaciales, escalado din\u00e1mico y ecuaci\u00f3n de agregaci\u00f3n de Smoluchowski. En resumen, ha investigado experimentalmente las propiedades electrocin\u00e9ticas y los mecanismos de estabilidad de coloides modelo y los liposomas. En la actualidad, su trabajo est\u00e1 m\u00e1s enfocado hacia estudios experimentales para medir la actividad interfacial de part\u00edculas de Janus en interfases l\u00edquidas. Tambi\u00e9n colabora con el catedr\u00e1tico Juan de Vicente en el estudio de los fluidos magnetorreol\u00f3gicos. Ha estado implicado en 44 proyectos nacionales e internacionales de investigaci\u00f3n. De los cuales ha sido investigador principal de 12 proyectos financiados por la Uni\u00f3n Europea, el MICINN, el MINECO y la Junta de Andaluc\u00eda y en 17 contratos con empresas privadas como Repsol, Kolmer, Biokit y Operon.<\/div>\n<div dir=\"auto\" style=\"text-align: justify;\">\u00a0<\/div>\n<div dir=\"auto\" style=\"text-align: justify;\">Director o codirector de 26 estudiantes de doctorado, en 1999 y 2010 fue el presidente del Comit\u00e9 Organizador de la IV Liquid Matter Conference y de la International Soft Matter Conference, ambas celebradas en Granada.<\/div>\n<div dir=\"auto\" style=\"text-align: justify;\">\u00a0<\/div>\n<div dir=\"auto\" style=\"text-align: justify;\">Ha sido miembro del Comit\u00e9 Editorial Asesor de la revista Soft Matter (RSC) y Editor Invitado de 4 n\u00fameros especiales de las siguientes revistas: Colloids &amp; Surfaces 92 (1-2) 1994 y 267(1-2) 2005, Journal of Physics: Condensed Matter 12( 2000 y Soft Matter 7(4) 2011.<\/div>\n<div dir=\"auto\" style=\"text-align: justify;\">\u00a0<\/div>\n<div dir=\"auto\" style=\"text-align: justify;\">Todo lo cual ha sido posible gracias a la inestimable ayuda de muchos y buenos compa\u00f1eros y compa\u00f1eras con las que ha compartido estos a\u00f1os de trabajo universitario, entre los que se encuentran otros atarfe\u00f1os que tambi\u00e9n tendr\u00e1n su hueco en nuestra gacetilla.<\/div>\n<div dir=\"auto\" style=\"text-align: justify;\">\u00a0<\/div>\n<div dir=\"auto\" style=\"text-align: justify;\">Esta actividad profesional ha sido complementaria con otras inquietudes que le han llevado a escribir varios libros sobre historia y personajes hist\u00f3ricos relacionados con la ciencia. \u201cGranada durante la dictadura de Primo de Rivera (1923-1930). Los retos de la modernizaci\u00f3n autoritaria\u201d, \u201cJes\u00fas Yoldi Bereau. Un universitario al servicio del bien com\u00fan\u201d o \u201cJuan Antonio Morente Chiquero: In memoriam\u201d son algunos de los t\u00edtulos de los libros escritos por Roque, el cual deber\u00eda ser homenajeado por el pueblo, en el que decidi\u00f3 residir, hace mucho tiempo.<\/div>\n<div dir=\"auto\" style=\"text-align: justify;\">\u00a0<\/div>\n<div dir=\"auto\" style=\"text-align: justify;\"><a href=\"https:\/\/www.facebook.com\/profile.php?id=100063704734064\"><strong>Gacetilla y curiosidades elvirenses.<\/strong><\/a><\/div>\n<\/div>\n<\/div>\n<\/div>\n<\/div>\n<\/div>\n","protected":false},"excerpt":{"rendered":"<p>El pasado 16 de septiembre en la Facultad de Ciencias, tuvo lugar la despedida de&#8230;<\/p>\n","protected":false},"author":1,"featured_media":56908,"comment_status":"closed","ping_status":"closed","sticky":false,"template":"","format":"standard","meta":{"_coblocks_attr":"","_coblocks_dimensions":"","_coblocks_responsive_height":"","_coblocks_accordion_ie_support":"","jetpack_post_was_ever_published":false,"_jetpack_newsletter_access":"","_jetpack_dont_email_post_to_subs":false,"_jetpack_newsletter_tier_id":0,"_jetpack_memberships_contains_paywalled_content":false,"_jetpack_memberships_contains_paid_content":false,"footnotes":"","jetpack_publicize_message":"","jetpack_publicize_feature_enabled":true,"jetpack_social_post_already_shared":true,"jetpack_social_options":{"image_generator_settings":{"template":"highway","default_image_id":0,"enabled":false},"version":2}},"categories":[2,9597,1161,38,44,6539,15],"tags":[1920,9663],"class_list":["post-56907","post","type-post","status-publish","format-standard","has-post-thumbnail","hentry","category-atarfe","category-cientificos-atarfenos","category-ciudadania","category-opinion-de-jose-enrique-granados","category-noticias-de-hoy","category-personajes-de-ataref","category-ultimas-noticias","tag-cientifico","tag-jubilado"],"jetpack_publicize_connections":[],"jetpack_featured_media_url":"https:\/\/i0.wp.com\/miradordeatarfe.es\/wp-content\/uploads\/2022\/10\/312023682_517590787041075_6053111018933892246_n.jpg?fit=923%2C540&ssl=1","jetpack_likes_enabled":true,"jetpack_sharing_enabled":true,"_links":{"self":[{"href":"https:\/\/miradordeatarfe.es\/index.php?rest_route=\/wp\/v2\/posts\/56907","targetHints":{"allow":["GET"]}}],"collection":[{"href":"https:\/\/miradordeatarfe.es\/index.php?rest_route=\/wp\/v2\/posts"}],"about":[{"href":"https:\/\/miradordeatarfe.es\/index.php?rest_route=\/wp\/v2\/types\/post"}],"author":[{"embeddable":true,"href":"https:\/\/miradordeatarfe.es\/index.php?rest_route=\/wp\/v2\/users\/1"}],"replies":[{"embeddable":true,"href":"https:\/\/miradordeatarfe.es\/index.php?rest_route=%2Fwp%2Fv2%2Fcomments&post=56907"}],"version-history":[{"count":5,"href":"https:\/\/miradordeatarfe.es\/index.php?rest_route=\/wp\/v2\/posts\/56907\/revisions"}],"predecessor-version":[{"id":56956,"href":"https:\/\/miradordeatarfe.es\/index.php?rest_route=\/wp\/v2\/posts\/56907\/revisions\/56956"}],"wp:featuredmedia":[{"embeddable":true,"href":"https:\/\/miradordeatarfe.es\/index.php?rest_route=\/wp\/v2\/media\/56908"}],"wp:attachment":[{"href":"https:\/\/miradordeatarfe.es\/index.php?rest_route=%2Fwp%2Fv2%2Fmedia&parent=56907"}],"wp:term":[{"taxonomy":"category","embeddable":true,"href":"https:\/\/miradordeatarfe.es\/index.php?rest_route=%2Fwp%2Fv2%2Fcategories&post=56907"},{"taxonomy":"post_tag","embeddable":true,"href":"https:\/\/miradordeatarfe.es\/index.php?rest_route=%2Fwp%2Fv2%2Ftags&post=56907"}],"curies":[{"name":"wp","href":"https:\/\/api.w.org\/{rel}","templated":true}]}}