{"id":56913,"date":"2022-10-20T10:42:08","date_gmt":"2022-10-20T08:42:08","guid":{"rendered":"https:\/\/miradordeatarfe.es\/?p=56913"},"modified":"2023-10-21T10:19:01","modified_gmt":"2023-10-21T08:19:01","slug":"atarfe-vuelven-las-excavaciones-a-medina-elvira","status":"publish","type":"post","link":"https:\/\/miradordeatarfe.es\/?p=56913","title":{"rendered":"ATARFE: VUELVEN LAS EXCAVACIONES  A MEDINA ELVIRA"},"content":{"rendered":"<h3><span class=\"x193iq5w xeuugli x13faqbe x1vvkbs x1xmvt09 x1lliihq x1s928wv xhkezso x1gmr53x x1cpjm7i x1fgarty x1943h6x xudqn12 x3x7a5m x6prxxf xvq8zen xo1l8bm xzsf02u x1yc453h\" dir=\"auto\">El pasado 6 de octubre comenz\u00f3 una nueva campa\u00f1a de excavaci\u00f3n en el yacimiento, esta vez dirigida por Guillermo Garc\u00eda-Contreras Ruiz en el marco de la C\u00e1tedra Gomez Moreno de la UGR. <\/span><\/h3>\n<p><span class=\"x193iq5w xeuugli x13faqbe x1vvkbs x1xmvt09 x1lliihq x1s928wv xhkezso x1gmr53x x1cpjm7i x1fgarty x1943h6x xudqn12 x3x7a5m x6prxxf xvq8zen xo1l8bm xzsf02u x1yc453h\" dir=\"auto\">La campa\u00f1a, que tendr\u00e1 unos dos meses de duraci\u00f3n aproximadamente, pretende acometer la investigaci\u00f3n de una parte del centro de la ciudad y sobre todo comenzar con ello la puesta en valor y musealizaci\u00f3n in situ del yacimiento.<\/span><\/p>\n<p>Las m\u00e1quinas han terminado y nosotros iremos con algunos estudiantes ma\u00f1ana a limpiar todo, y desde el lunes queremos ya empezar a excavar con normalidad. Algunos de los que est\u00e1is por aqu\u00ed mostr\u00e1steis inter\u00e9s en venir como voluntarios. Todo el tema del voluntariado lo va a gestionar el ayuntamiento directamente.\u00a0 Nuestro papel ser\u00e1 difundir, apoyar y facilitar la adhesi\u00f3n de voluntari@s.<\/p>\n<div>\n<p class=\"titulo\">La \u00faltima excavaci\u00f3n en Medina Elvira, en Atarfe (Granada), refuerza la singularidad del yacimiento<\/p>\n<p>\nEl primer trabajo arqueol\u00f3gico que se hizo en Medina Elvira fue una peque\u00f1a intervenci\u00f3n de urgencia en el a\u00f1o 2000, en el denominado Cerro de los Cigarrones, dirigida por \u00c1ngel Rodr\u00edguez Aguilera, en la que ya se puso en evidencia la importancia de los registros arqueol\u00f3gicos de la zona. En 2001, se hizo otra peque\u00f1a intervenci\u00f3n que detect\u00f3 una de las zonas m\u00e1s importantes del yacimiento, el amurallamiento del cerro del sombrerete que A. Malpica, director de la intervenci\u00f3n, denomin\u00f3 o identific\u00f3 como la zona de la Alcazaba.<\/p>\n<p>En 2003, se desarroll\u00f3 una prospecci\u00f3n que ten\u00eda como objetivo el delimitar el yacimiento, tambi\u00e9n dirigida por Malpica. Finalmente, en 2005, la Consejer\u00eda de Cultura impuls\u00f3 y autoriz\u00f3 un Proyecto General de Investigaci\u00f3n que se desarroll\u00f3 hasta 2009 y que fue dirigido igualmente por el profesor Malpica. Hasta la actualidad, el n\u00famero de intervenciones preventivas ha sido enorme y cada vez se hace m\u00e1s evidente la importancia del yacimiento y la riqueza que encierra en su subsuelo.<\/p>\n<\/div>\n<p><a href=\"https:\/\/i0.wp.com\/miradordeatarfe.es\/wp-content\/uploads\/2022\/10\/312126714_7892879024115492_8291204802192771284_n.jpg?ssl=1\"><img data-recalc-dims=\"1\" loading=\"lazy\" decoding=\"async\" class=\"alignnone wp-image-56914 \" src=\"https:\/\/i0.wp.com\/miradordeatarfe.es\/wp-content\/uploads\/2022\/10\/312126714_7892879024115492_8291204802192771284_n.jpg?resize=640%2C1207&#038;ssl=1\" alt=\"\" width=\"640\" height=\"1207\" srcset=\"https:\/\/i0.wp.com\/miradordeatarfe.es\/wp-content\/uploads\/2022\/10\/312126714_7892879024115492_8291204802192771284_n.jpg?w=318&amp;ssl=1 318w, https:\/\/i0.wp.com\/miradordeatarfe.es\/wp-content\/uploads\/2022\/10\/312126714_7892879024115492_8291204802192771284_n.jpg?resize=159%2C300&amp;ssl=1 159w\" sizes=\"auto, (max-width: 640px) 100vw, 640px\" \/><\/a><\/p>\n<p><a href=\"https:\/\/i0.wp.com\/miradordeatarfe.es\/wp-content\/uploads\/2022\/10\/312168986_7892879074115487_5041881162582400539_n.jpg?ssl=1\"><img data-recalc-dims=\"1\" loading=\"lazy\" decoding=\"async\" class=\"alignnone wp-image-56915 \" src=\"https:\/\/i0.wp.com\/miradordeatarfe.es\/wp-content\/uploads\/2022\/10\/312168986_7892879074115487_5041881162582400539_n.jpg?resize=640%2C854&#038;ssl=1\" alt=\"\" width=\"640\" height=\"854\" srcset=\"https:\/\/i0.wp.com\/miradordeatarfe.es\/wp-content\/uploads\/2022\/10\/312168986_7892879074115487_5041881162582400539_n.jpg?w=450&amp;ssl=1 450w, https:\/\/i0.wp.com\/miradordeatarfe.es\/wp-content\/uploads\/2022\/10\/312168986_7892879074115487_5041881162582400539_n.jpg?resize=225%2C300&amp;ssl=1 225w\" sizes=\"auto, (max-width: 640px) 100vw, 640px\" \/><\/a> <a href=\"https:\/\/i0.wp.com\/miradordeatarfe.es\/wp-content\/uploads\/2022\/10\/1666257980493-scaled.jpg?ssl=1\"><img data-recalc-dims=\"1\" loading=\"lazy\" decoding=\"async\" class=\"alignnone size-full wp-image-56917\" src=\"https:\/\/i0.wp.com\/miradordeatarfe.es\/wp-content\/uploads\/2022\/10\/1666257980493-scaled.jpg?resize=640%2C360&#038;ssl=1\" alt=\"\" width=\"640\" height=\"360\" srcset=\"https:\/\/i0.wp.com\/miradordeatarfe.es\/wp-content\/uploads\/2022\/10\/1666257980493-scaled.jpg?w=2560&amp;ssl=1 2560w, https:\/\/i0.wp.com\/miradordeatarfe.es\/wp-content\/uploads\/2022\/10\/1666257980493-scaled.jpg?resize=300%2C169&amp;ssl=1 300w, https:\/\/i0.wp.com\/miradordeatarfe.es\/wp-content\/uploads\/2022\/10\/1666257980493-scaled.jpg?resize=1024%2C575&amp;ssl=1 1024w, https:\/\/i0.wp.com\/miradordeatarfe.es\/wp-content\/uploads\/2022\/10\/1666257980493-scaled.jpg?resize=768%2C432&amp;ssl=1 768w, https:\/\/i0.wp.com\/miradordeatarfe.es\/wp-content\/uploads\/2022\/10\/1666257980493-scaled.jpg?resize=1536%2C863&amp;ssl=1 1536w, https:\/\/i0.wp.com\/miradordeatarfe.es\/wp-content\/uploads\/2022\/10\/1666257980493-scaled.jpg?resize=2048%2C1151&amp;ssl=1 2048w, https:\/\/i0.wp.com\/miradordeatarfe.es\/wp-content\/uploads\/2022\/10\/1666257980493-scaled.jpg?resize=1320%2C742&amp;ssl=1 1320w, https:\/\/i0.wp.com\/miradordeatarfe.es\/wp-content\/uploads\/2022\/10\/1666257980493-scaled.jpg?w=1920&amp;ssl=1 1920w\" sizes=\"auto, (max-width: 640px) 100vw, 640px\" \/><\/a> <a href=\"https:\/\/i0.wp.com\/miradordeatarfe.es\/wp-content\/uploads\/2022\/10\/1666257980524-scaled.jpg?ssl=1\"><img data-recalc-dims=\"1\" loading=\"lazy\" decoding=\"async\" class=\"alignnone size-full wp-image-56919\" src=\"https:\/\/i0.wp.com\/miradordeatarfe.es\/wp-content\/uploads\/2022\/10\/1666257980524-scaled.jpg?resize=640%2C1139&#038;ssl=1\" alt=\"\" width=\"640\" height=\"1139\" srcset=\"https:\/\/i0.wp.com\/miradordeatarfe.es\/wp-content\/uploads\/2022\/10\/1666257980524-scaled.jpg?w=1439&amp;ssl=1 1439w, https:\/\/i0.wp.com\/miradordeatarfe.es\/wp-content\/uploads\/2022\/10\/1666257980524-scaled.jpg?resize=169%2C300&amp;ssl=1 169w, https:\/\/i0.wp.com\/miradordeatarfe.es\/wp-content\/uploads\/2022\/10\/1666257980524-scaled.jpg?resize=575%2C1024&amp;ssl=1 575w, https:\/\/i0.wp.com\/miradordeatarfe.es\/wp-content\/uploads\/2022\/10\/1666257980524-scaled.jpg?resize=768%2C1367&amp;ssl=1 768w, https:\/\/i0.wp.com\/miradordeatarfe.es\/wp-content\/uploads\/2022\/10\/1666257980524-scaled.jpg?resize=863%2C1536&amp;ssl=1 863w, https:\/\/i0.wp.com\/miradordeatarfe.es\/wp-content\/uploads\/2022\/10\/1666257980524-scaled.jpg?resize=1151%2C2048&amp;ssl=1 1151w, https:\/\/i0.wp.com\/miradordeatarfe.es\/wp-content\/uploads\/2022\/10\/1666257980524-scaled.jpg?resize=1320%2C2349&amp;ssl=1 1320w\" sizes=\"auto, (max-width: 640px) 100vw, 640px\" \/><\/a><\/p>\n","protected":false},"excerpt":{"rendered":"<p>El pasado 6 de octubre comenz\u00f3 una nueva campa\u00f1a de excavaci\u00f3n en el yacimiento, esta&#8230;<\/p>\n","protected":false},"author":1,"featured_media":56922,"comment_status":"closed","ping_status":"closed","sticky":false,"template":"","format":"standard","meta":{"_coblocks_attr":"","_coblocks_dimensions":"","_coblocks_responsive_height":"","_coblocks_accordion_ie_support":"","jetpack_post_was_ever_published":false,"_jetpack_newsletter_access":"","_jetpack_dont_email_post_to_subs":false,"_jetpack_newsletter_tier_id":0,"_jetpack_memberships_contains_paywalled_content":false,"_jetpack_memberships_contains_paid_content":false,"footnotes":"","jetpack_publicize_message":"","jetpack_publicize_feature_enabled":true,"jetpack_social_post_already_shared":true,"jetpack_social_options":{"image_generator_settings":{"template":"highway","default_image_id":0,"enabled":false},"version":2}},"categories":[12,9029,5359,10431],"tags":[80,79],"class_list":["post-56913","post","type-post","status-publish","format-standard","has-post-thumbnail","hentry","category-cultura","category-la-cora-de-ilbira","category-madinat-ilbira","category-medina-elvira-2","tag-excavaciones","tag-medina-elvira"],"jetpack_publicize_connections":[],"jetpack_featured_media_url":"https:\/\/i0.wp.com\/miradordeatarfe.es\/wp-content\/uploads\/2022\/10\/EXC.png?fit=300%2C552&ssl=1","jetpack_likes_enabled":true,"jetpack_sharing_enabled":true,"_links":{"self":[{"href":"https:\/\/miradordeatarfe.es\/index.php?rest_route=\/wp\/v2\/posts\/56913","targetHints":{"allow":["GET"]}}],"collection":[{"href":"https:\/\/miradordeatarfe.es\/index.php?rest_route=\/wp\/v2\/posts"}],"about":[{"href":"https:\/\/miradordeatarfe.es\/index.php?rest_route=\/wp\/v2\/types\/post"}],"author":[{"embeddable":true,"href":"https:\/\/miradordeatarfe.es\/index.php?rest_route=\/wp\/v2\/users\/1"}],"replies":[{"embeddable":true,"href":"https:\/\/miradordeatarfe.es\/index.php?rest_route=%2Fwp%2Fv2%2Fcomments&post=56913"}],"version-history":[{"count":1,"href":"https:\/\/miradordeatarfe.es\/index.php?rest_route=\/wp\/v2\/posts\/56913\/revisions"}],"predecessor-version":[{"id":56920,"href":"https:\/\/miradordeatarfe.es\/index.php?rest_route=\/wp\/v2\/posts\/56913\/revisions\/56920"}],"wp:featuredmedia":[{"embeddable":true,"href":"https:\/\/miradordeatarfe.es\/index.php?rest_route=\/wp\/v2\/media\/56922"}],"wp:attachment":[{"href":"https:\/\/miradordeatarfe.es\/index.php?rest_route=%2Fwp%2Fv2%2Fmedia&parent=56913"}],"wp:term":[{"taxonomy":"category","embeddable":true,"href":"https:\/\/miradordeatarfe.es\/index.php?rest_route=%2Fwp%2Fv2%2Fcategories&post=56913"},{"taxonomy":"post_tag","embeddable":true,"href":"https:\/\/miradordeatarfe.es\/index.php?rest_route=%2Fwp%2Fv2%2Ftags&post=56913"}],"curies":[{"name":"wp","href":"https:\/\/api.w.org\/{rel}","templated":true}]}}