{"id":56924,"date":"2022-10-22T11:07:40","date_gmt":"2022-10-22T09:07:40","guid":{"rendered":"https:\/\/miradordeatarfe.es\/?p=56924"},"modified":"2022-10-21T11:17:10","modified_gmt":"2022-10-21T09:17:10","slug":"ataref-informacion-municipal","status":"publish","type":"post","link":"https:\/\/miradordeatarfe.es\/?p=56924","title":{"rendered":"ATARFE: INFORMACI\u00d3N MUNICIPAL"},"content":{"rendered":"<h3 style=\"text-align: justify;\"><span class=\"x193iq5w xeuugli x13faqbe x1vvkbs x1xmvt09 x1lliihq x1s928wv xhkezso x1gmr53x x1cpjm7i x1fgarty x1943h6x xudqn12 x3x7a5m x6prxxf xvq8zen xo1l8bm xzsf02u x1yc453h\" dir=\"auto\">LES COMPARTIMOS ESTE EVENTO QUE SE REALIZAR\u00c1 ENMARCADO EN LAS ACTIVIDADES DE CONOCIMIENTO SOBRE NUESTRO YACIMIENTO ARQUEOL\u00d3GICO MEDINA ELVIRA.<\/span><\/h3>\n<p style=\"text-align: justify;\"><strong>MUSEO ARQUEOL\u00d3GICO Y ETNOGR\u00c1FICO DE GRANADA<\/strong><\/p>\n<p style=\"text-align: justify;\"><strong>HORA: 19:00h.<\/strong><\/p>\n<p style=\"text-align: justify;\"><a href=\"https:\/\/i0.wp.com\/miradordeatarfe.es\/wp-content\/uploads\/2022\/10\/311589165_5701797966550693_6679816676437954675_n.jpg?ssl=1\"><img data-recalc-dims=\"1\" loading=\"lazy\" decoding=\"async\" class=\"alignnone wp-image-56925 size-full\" src=\"https:\/\/i0.wp.com\/miradordeatarfe.es\/wp-content\/uploads\/2022\/10\/311589165_5701797966550693_6679816676437954675_n.jpg?resize=509%2C720&#038;ssl=1\" alt=\"\" width=\"509\" height=\"720\" srcset=\"https:\/\/i0.wp.com\/miradordeatarfe.es\/wp-content\/uploads\/2022\/10\/311589165_5701797966550693_6679816676437954675_n.jpg?w=509&amp;ssl=1 509w, https:\/\/i0.wp.com\/miradordeatarfe.es\/wp-content\/uploads\/2022\/10\/311589165_5701797966550693_6679816676437954675_n.jpg?resize=212%2C300&amp;ssl=1 212w\" sizes=\"auto, (max-width: 509px) 100vw, 509px\" \/><\/a><\/p>\n<div class=\"\" dir=\"auto\">\n<div id=\"jsc_c_fi\" class=\"x1iorvi4 x1pi30zi x1l90r2v x1swvt13\" data-ad-comet-preview=\"message\" data-ad-preview=\"message\">\n<div class=\"x78zum5 xdt5ytf xz62fqu x16ldp7u\" style=\"text-align: justify;\">\n<div class=\"xu06os2 x1ok221b\">\n<div class=\"xdj266r x11i5rnm xat24cr x1mh8g0r x1vvkbs x126k92a\">\n<h3 dir=\"auto\">SEGUIMOS CON LA EXCELENTE PROGRAMACI\u00d3N CULTURAL PARA ESTE OTO\u00d1O. LA COARTADA<\/h3>\n<\/div>\n<div class=\"x11i5rnm xat24cr x1mh8g0r x1vvkbs xtlvy1s x126k92a\">\n<div dir=\"auto\">Una obra de intriga y suspense<\/div>\n<div dir=\"auto\">6 DE NOVIEMBRE A LAS 20: 30 h.<\/div>\n<div dir=\"auto\">\u00a0<\/div>\n<\/div>\n<div class=\"x11i5rnm xat24cr x1mh8g0r x1vvkbs xtlvy1s x126k92a\">\n<div dir=\"auto\">Con Daniel Muriel, Mar\u00eda Castro, Miguel Hermoso<\/div>\n<div dir=\"auto\">\u00a0<\/div>\n<div dir=\"auto\">Ana es una mujer al l\u00edmite. Divorciada y atormentada por su pasado, pide ayuda a su mejor amigo para prepararse a testificar en la que sin duda ser\u00e1 la declaraci\u00f3n m\u00e1s importante de su vida. De su coartada depender\u00e1 no solo la custodia de su \u00fanica hija sino tambi\u00e9n su propia libertad. A lo largo de la noche, el enfrentamiento descarnado con sus propios demonios revelar\u00e1 hasta d\u00f3nde es capaz de llegar para evitar el peor de todos sus miedos: el silencio.<\/div>\n<div dir=\"auto\">\u00a0<\/div>\n<div dir=\"auto\">ATARFE ES CULTURA.<\/div>\n<div dir=\"auto\">\u00a0<\/div>\n<div dir=\"auto\"><a href=\"https:\/\/i0.wp.com\/miradordeatarfe.es\/wp-content\/uploads\/2022\/10\/311471315_5701172473279909_7331704801798865039_n.jpg?ssl=1\"><img data-recalc-dims=\"1\" loading=\"lazy\" decoding=\"async\" class=\"alignnone size-full wp-image-56926\" src=\"https:\/\/i0.wp.com\/miradordeatarfe.es\/wp-content\/uploads\/2022\/10\/311471315_5701172473279909_7331704801798865039_n.jpg?resize=509%2C720&#038;ssl=1\" alt=\"\" width=\"509\" height=\"720\" srcset=\"https:\/\/i0.wp.com\/miradordeatarfe.es\/wp-content\/uploads\/2022\/10\/311471315_5701172473279909_7331704801798865039_n.jpg?w=509&amp;ssl=1 509w, https:\/\/i0.wp.com\/miradordeatarfe.es\/wp-content\/uploads\/2022\/10\/311471315_5701172473279909_7331704801798865039_n.jpg?resize=212%2C300&amp;ssl=1 212w\" sizes=\"auto, (max-width: 509px) 100vw, 509px\" \/><\/a><\/div>\n<div dir=\"auto\">\u00a0<\/div>\n<\/div>\n<\/div>\n<\/div>\n<div dir=\"auto\">\n<div dir=\"auto\" style=\"text-align: justify;\">La nueva obra de LOLA HERRERA, junto a LOLA BALDRICH y ANA LABORDETA, se llama ADICTOS y est\u00e1 en la programaci\u00f3n cultural para este oto\u00f1o 2022.<\/div>\n<div dir=\"auto\" style=\"text-align: justify;\"><strong>DIAS 12 Y 13 DE NOVIEMBRE A LAS 20: 30 h<\/strong>.<\/div>\n<div dir=\"auto\" style=\"text-align: justify;\">\u00a0<\/div>\n<div dir=\"auto\" style=\"text-align: justify;\">Con gran \u00e9xito en el Teatro Reina Victoria de Madrid, la obra dirigida por MAG\u00dcI MIRA, viene a nuestro auditorio en el Centro Cultural Medina Elvira con una ficci\u00f3n dist\u00f3pica, muy apegada, sin embargo, al mundo en que vivimos, en un imaginado futuro pr\u00f3ximo, para proponernos una reflexi\u00f3n acerca del uso perverso de las tecnolog\u00edas por parte del poder para controlar a las masas.<\/div>\n<div dir=\"auto\" style=\"text-align: justify;\">\u00a0<\/div>\n<div dir=\"auto\" style=\"text-align: justify;\">ATARFE ES CULTURA Y LA CULTURA ES CRECIMIENTO Y REFLEXI\u00d3N.<\/div>\n<div dir=\"auto\">\u00a0<\/div>\n<div dir=\"auto\"><a href=\"https:\/\/i0.wp.com\/miradordeatarfe.es\/wp-content\/uploads\/2022\/10\/312228950_5697997470264076_883710965949723392_n.jpg?ssl=1\"><img data-recalc-dims=\"1\" loading=\"lazy\" decoding=\"async\" class=\"alignnone size-full wp-image-56927\" src=\"https:\/\/i0.wp.com\/miradordeatarfe.es\/wp-content\/uploads\/2022\/10\/312228950_5697997470264076_883710965949723392_n.jpg?resize=526%2C884&#038;ssl=1\" alt=\"\" width=\"526\" height=\"884\" srcset=\"https:\/\/i0.wp.com\/miradordeatarfe.es\/wp-content\/uploads\/2022\/10\/312228950_5697997470264076_883710965949723392_n.jpg?w=526&amp;ssl=1 526w, https:\/\/i0.wp.com\/miradordeatarfe.es\/wp-content\/uploads\/2022\/10\/312228950_5697997470264076_883710965949723392_n.jpg?resize=179%2C300&amp;ssl=1 179w\" sizes=\"auto, (max-width: 526px) 100vw, 526px\" \/><\/a><\/div>\n<\/div>\n<\/div>\n<\/div>\n","protected":false},"excerpt":{"rendered":"<p>LES COMPARTIMOS ESTE EVENTO QUE SE REALIZAR\u00c1 ENMARCADO EN LAS ACTIVIDADES DE CONOCIMIENTO SOBRE NUESTRO&#8230;<\/p>\n","protected":false},"author":1,"featured_media":56928,"comment_status":"closed","ping_status":"closed","sticky":false,"template":"","format":"standard","meta":{"_coblocks_attr":"","_coblocks_dimensions":"","_coblocks_responsive_height":"","_coblocks_accordion_ie_support":"","jetpack_post_was_ever_published":false,"_jetpack_newsletter_access":"","_jetpack_dont_email_post_to_subs":false,"_jetpack_newsletter_tier_id":0,"_jetpack_memberships_contains_paywalled_content":false,"_jetpack_memberships_contains_paid_content":false,"footnotes":"","jetpack_publicize_message":"","jetpack_publicize_feature_enabled":true,"jetpack_social_post_already_shared":true,"jetpack_social_options":{"image_generator_settings":{"template":"highway","default_image_id":0,"enabled":false},"version":2}},"categories":[12,6916,1161,44,15],"tags":[4293,79,9664],"class_list":["post-56924","post","type-post","status-publish","format-standard","has-post-thumbnail","hentry","category-cultura","category-ayuntamiento-de-atarfe","category-ciudadania","category-noticias-de-hoy","category-ultimas-noticias","tag-ayuntamiento-de-atarfe","tag-medina-elvira","tag-teatros"],"jetpack_publicize_connections":[],"jetpack_featured_media_url":"https:\/\/i0.wp.com\/miradordeatarfe.es\/wp-content\/uploads\/2022\/10\/CC_medina_Elvira-scaled.jpg?fit=2560%2C1280&ssl=1","jetpack_likes_enabled":true,"jetpack_sharing_enabled":true,"_links":{"self":[{"href":"https:\/\/miradordeatarfe.es\/index.php?rest_route=\/wp\/v2\/posts\/56924","targetHints":{"allow":["GET"]}}],"collection":[{"href":"https:\/\/miradordeatarfe.es\/index.php?rest_route=\/wp\/v2\/posts"}],"about":[{"href":"https:\/\/miradordeatarfe.es\/index.php?rest_route=\/wp\/v2\/types\/post"}],"author":[{"embeddable":true,"href":"https:\/\/miradordeatarfe.es\/index.php?rest_route=\/wp\/v2\/users\/1"}],"replies":[{"embeddable":true,"href":"https:\/\/miradordeatarfe.es\/index.php?rest_route=%2Fwp%2Fv2%2Fcomments&post=56924"}],"version-history":[{"count":2,"href":"https:\/\/miradordeatarfe.es\/index.php?rest_route=\/wp\/v2\/posts\/56924\/revisions"}],"predecessor-version":[{"id":56930,"href":"https:\/\/miradordeatarfe.es\/index.php?rest_route=\/wp\/v2\/posts\/56924\/revisions\/56930"}],"wp:featuredmedia":[{"embeddable":true,"href":"https:\/\/miradordeatarfe.es\/index.php?rest_route=\/wp\/v2\/media\/56928"}],"wp:attachment":[{"href":"https:\/\/miradordeatarfe.es\/index.php?rest_route=%2Fwp%2Fv2%2Fmedia&parent=56924"}],"wp:term":[{"taxonomy":"category","embeddable":true,"href":"https:\/\/miradordeatarfe.es\/index.php?rest_route=%2Fwp%2Fv2%2Fcategories&post=56924"},{"taxonomy":"post_tag","embeddable":true,"href":"https:\/\/miradordeatarfe.es\/index.php?rest_route=%2Fwp%2Fv2%2Ftags&post=56924"}],"curies":[{"name":"wp","href":"https:\/\/api.w.org\/{rel}","templated":true}]}}