{"id":56943,"date":"2022-10-27T10:31:02","date_gmt":"2022-10-27T08:31:02","guid":{"rendered":"https:\/\/miradordeatarfe.es\/?p=56943"},"modified":"2022-10-24T18:01:21","modified_gmt":"2022-10-24T16:01:21","slug":"el-premio-nobel-de-gabriel-garcia-marquez-por-fuencisla-moreno-rueda","status":"publish","type":"post","link":"https:\/\/miradordeatarfe.es\/?p=56943","title":{"rendered":"\u00abEL PREMIO NOBEL DE GABRIEL GARCIA MARQUEZ\u00bb por Fuencisla Moreno Rueda"},"content":{"rendered":"<h3 dir=\"auto\">Se cumplen 40 a\u00f1os de la concesi\u00f3n del Premio Nobel de Literatura a Gabriel Garc\u00eda Marquez.<\/h3>\n<div dir=\"auto\">En la conferencia que ha pronunciado, en la Academia Sueca, el premio Nobel de Literatura de 1982, Gabriel Garc\u00eda M\u00e1rquez, ha dicho que \u201cAm\u00e9rica Latina\u201d, ha merecido la inusitada puntualizaci\u00f3n previa del secretario de la Academia Sueca, Lars Gyllensten, de que en esa casa no se hace pol\u00edtica. Pero al escritor colombiano se le ha permitido.<\/div>\n<div dir=\"auto\">\u00a0<\/div>\n<div dir=\"auto\">Gabriel Garc\u00eda M\u00e1rquez recibi\u00f3 el Premio Nobel de Literatura en 1982, seg\u00fan la Academia Sueca, \u00abpor sus novelas e historias cortas, en las que lo fant\u00e1stico y lo real son combinados en un tranquilo mundo de imaginaci\u00f3n rica, reflejando la vida y los conflictos de un continente\u00bb. Su discurso de aceptaci\u00f3n fue titulado La soledad de Am\u00e9rica Latina<\/div>\n<div dir=\"auto\">\u00a0<\/div>\n<div dir=\"auto\">Fragmento de su discurso en la Academia sueca.<\/div>\n<div dir=\"auto\">Conmovedor, emotivo, magistral!!<\/div>\n<div dir=\"auto\">\u00a0<\/div>\n<div dir=\"auto\">\u00ab&#8230;Los inventores de f\u00e1bulas que todo lo creemos, nos sentimos con el derecho de creer que todav\u00eda no es demasiado tarde para emprender la creaci\u00f3n de la utop\u00eda contraria. Una nueva y arrasadora utop\u00eda de la vida, donde nadie pueda decidir por otros hasta la forma de morir, donde de veras sea cierto el amor y sea posible la felicidad, y donde las estirpes condenadas a cien a\u00f1os de soledad tengan por fin y para siempre una segunda oportunidad sobre la tierra.<\/div>\n","protected":false},"excerpt":{"rendered":"<p>Se cumplen 40 a\u00f1os de la concesi\u00f3n del Premio Nobel de Literatura a Gabriel Garc\u00eda&#8230;<\/p>\n","protected":false},"author":1,"featured_media":56946,"comment_status":"closed","ping_status":"closed","sticky":false,"template":"","format":"standard","meta":{"_coblocks_attr":"","_coblocks_dimensions":"","_coblocks_responsive_height":"","_coblocks_accordion_ie_support":"","jetpack_post_was_ever_published":false,"_jetpack_newsletter_access":"","_jetpack_dont_email_post_to_subs":false,"_jetpack_newsletter_tier_id":0,"_jetpack_memberships_contains_paywalled_content":false,"_jetpack_memberships_contains_paid_content":false,"footnotes":"","jetpack_publicize_message":"","jetpack_publicize_feature_enabled":true,"jetpack_social_post_already_shared":true,"jetpack_social_options":{"image_generator_settings":{"template":"highway","default_image_id":0,"enabled":false},"version":2}},"categories":[1161,2949,44,6937,15],"tags":[9666,3051],"class_list":["post-56943","post","type-post","status-publish","format-standard","has-post-thumbnail","hentry","category-ciudadania","category-opinion-de-fuencisla-moreno","category-noticias-de-hoy","category-sociedad","category-ultimas-noticias","tag-gabriel-ga-marquez","tag-premio-nobel"],"jetpack_publicize_connections":[],"jetpack_featured_media_url":"https:\/\/i0.wp.com\/miradordeatarfe.es\/wp-content\/uploads\/2022\/10\/Gabriel_Garcia_M_rq_484124a-1024x576-1.webp?fit=1024%2C576&ssl=1","jetpack_likes_enabled":true,"jetpack_sharing_enabled":true,"_links":{"self":[{"href":"https:\/\/miradordeatarfe.es\/index.php?rest_route=\/wp\/v2\/posts\/56943","targetHints":{"allow":["GET"]}}],"collection":[{"href":"https:\/\/miradordeatarfe.es\/index.php?rest_route=\/wp\/v2\/posts"}],"about":[{"href":"https:\/\/miradordeatarfe.es\/index.php?rest_route=\/wp\/v2\/types\/post"}],"author":[{"embeddable":true,"href":"https:\/\/miradordeatarfe.es\/index.php?rest_route=\/wp\/v2\/users\/1"}],"replies":[{"embeddable":true,"href":"https:\/\/miradordeatarfe.es\/index.php?rest_route=%2Fwp%2Fv2%2Fcomments&post=56943"}],"version-history":[{"count":1,"href":"https:\/\/miradordeatarfe.es\/index.php?rest_route=\/wp\/v2\/posts\/56943\/revisions"}],"predecessor-version":[{"id":56945,"href":"https:\/\/miradordeatarfe.es\/index.php?rest_route=\/wp\/v2\/posts\/56943\/revisions\/56945"}],"wp:featuredmedia":[{"embeddable":true,"href":"https:\/\/miradordeatarfe.es\/index.php?rest_route=\/wp\/v2\/media\/56946"}],"wp:attachment":[{"href":"https:\/\/miradordeatarfe.es\/index.php?rest_route=%2Fwp%2Fv2%2Fmedia&parent=56943"}],"wp:term":[{"taxonomy":"category","embeddable":true,"href":"https:\/\/miradordeatarfe.es\/index.php?rest_route=%2Fwp%2Fv2%2Fcategories&post=56943"},{"taxonomy":"post_tag","embeddable":true,"href":"https:\/\/miradordeatarfe.es\/index.php?rest_route=%2Fwp%2Fv2%2Ftags&post=56943"}],"curies":[{"name":"wp","href":"https:\/\/api.w.org\/{rel}","templated":true}]}}