{"id":56947,"date":"2022-10-27T10:00:37","date_gmt":"2022-10-27T08:00:37","guid":{"rendered":"https:\/\/miradordeatarfe.es\/?p=56947"},"modified":"2022-10-24T18:01:30","modified_gmt":"2022-10-24T16:01:30","slug":"el-problema-del-cambio-climatico-no-son-los-negacionistas-sino-los-concienciados-que-no-hacen-nada","status":"publish","type":"post","link":"https:\/\/miradordeatarfe.es\/?p=56947","title":{"rendered":"\u00abEl problema del cambio clim\u00e1tico no son los negacionistas, sino los concienciados que no hacen nada\u00bb"},"content":{"rendered":"<h3 style=\"text-align: justify;\">Hablamos con la vallecana Isabel Moreno, f\u00edsica, meteor\u00f3loga y colaboradora del programa de TVE \u00abAqu\u00ed la Tierra\u00bb que acaba de publicar su primer libro, \u00abCambio clim\u00e1tico para principiantes\u00bb<\/h3>\n<div class=\"cnt-txt\">\n<p style=\"text-align: justify;\"><a href=\"https:\/\/www.isabelmorenometeo.es\/\" target=\"_blank\" rel=\"noopener\"><b>Isabel Moreno<\/b><\/a><b>\u00a0<\/b>est\u00e1 a punto de ser mam\u00e1 por primera vez. De hecho, su libro\u00a0<i>Cambio clim\u00e1tico para principiantes<\/i>\u00a0(<a href=\"https:\/\/www.penguinrandomhousegrupoeditorial.com\/\" target=\"_blank\" rel=\"noopener\"><b>Penguin Random House<\/b><\/a>, 2022) va dedicado a su peque\u00f1a, as\u00ed que la primera pregunta no puede ser otra que &#8216;\u00bfqu\u00e9 planeta le estamos dejando a las generaciones futuras?&#8217;. \u00abMi hija ver\u00e1 veranos como el que hemos tenido de manera m\u00e1s frecuente que nosotros\u00bb. La explicaci\u00f3n tiene que ver con que asegura que hay aspectos del cambio clim\u00e1tico que ya no se pueden revertir, y pone como ejemplo el calentamiento: \u00abLas temperaturas tardan unos cuantos a\u00f1os en enterarse de las concentraciones de CO2 que tenemos en la atm\u00f3sfera, as\u00ed que todav\u00eda podr\u00edamos tener veranos m\u00e1s c\u00e1lidos que el que acabamos de tener, incluso si dej\u00e1ramos de emitir CO2 ahora mismo\u00bb. Y prosigue con el argumento: \u00ab2022 ha sido un a\u00f1o excepcional en cuanto a las temperaturas, pero eso no significa que 2023 vaya a ser m\u00e1s c\u00e1lido todav\u00eda; es m\u00e1s, es muy probable que sea m\u00e1s fr\u00edo\u00bb. As\u00ed que seg\u00fan ella, las olas de calor tan frecuentes e intensas de este verano han sido algo puntual, pero tambi\u00e9n suponen \u00abla confirmaci\u00f3n de una tendencia que lleva a\u00f1os observ\u00e1ndose\u00bb.<\/p>\n<p style=\"text-align: justify;\">Seg\u00fan la \u00faltima encuesta de\u00a0<a href=\"https:\/\/www.ipsos.com\/es-es\/espana-el-pais-europeo-mas-preocupado-por-posibles-migraciones-futuras-debido-al-cambio-climatico\" target=\"_blank\" rel=\"noopener\"><b>Ipsos para el Foro Econ\u00f3mico Mundial<\/b><\/a>, Espa\u00f1a es el segundo pa\u00eds, solo por detr\u00e1s de Hungr\u00eda, que ya dice estar notando de forma severa los efectos del cambio clim\u00e1tico. Adem\u00e1s, el 83% de los espa\u00f1oles considera que los efectos se notar\u00e1n de forma m\u00e1s grave en los pr\u00f3ximos diez a\u00f1os, y el 46% de los espa\u00f1oles cree que en los pr\u00f3ximos 25 a\u00f1os tendr\u00e1 que migrar por el cambio clim\u00e1tico. A Isabel Moreno le parecen percepciones sorprendentes, pero apunta a que ello no implica que la gente act\u00fae en consecuencia. \u00abEl verdadero problema no son los negacionistas, sino la cantidad de personas que, a\u00fan estando concienciadas, terminan poniendo infinitas excusas para o retrasar las acciones, o no hacer nada, o echar balones fuera\u00bb.<\/p>\n<p style=\"text-align: justify;\">Esta experta en cambio clim\u00e1tico asegura que todos los sectores de la sociedad se tienen que sumar a esta lucha y que \u00abla ciudadan\u00eda tiene que tener en cuenta que ning\u00fan cambio va a ser posible si no nos sumamos a \u00e9l\u00bb. No obstante, cree que no es justo delegar toda la responsabilidad de revertir esta crisis medioambiental en la gente joven. Entiende que ahora mismo muchos no pueden y que cuando lleguen a los \u00f3rganos necesarios para aplicar medidas, quiz\u00e1s ya ser\u00e1 demasiado tarde. \u00abSi tengo que esperar a que sea mi hija la que tome medidas para mitigar la subida de temperatura a 1,5 grados, va a ser imposible\u00bb, concluye.<\/p>\n<p><strong>PAULA LOSADA<\/strong><\/p>\n<p>https:\/\/cadenaser.com\/cmadrid\/2022\/10\/24\/el-problema-del-cambio-climatico-no-son-los-negacionistas-sino-los-concienciados-que-no-hacen-nada-radio-madrid\/<\/p>\n<\/div>\n","protected":false},"excerpt":{"rendered":"<p>Hablamos con la vallecana Isabel Moreno, f\u00edsica, meteor\u00f3loga y colaboradora del programa de TVE \u00abAqu\u00ed&#8230;<\/p>\n","protected":false},"author":1,"featured_media":56948,"comment_status":"closed","ping_status":"closed","sticky":false,"template":"","format":"standard","meta":{"_coblocks_attr":"","_coblocks_dimensions":"","_coblocks_responsive_height":"","_coblocks_accordion_ie_support":"","jetpack_post_was_ever_published":false,"_jetpack_newsletter_access":"","_jetpack_dont_email_post_to_subs":false,"_jetpack_newsletter_tier_id":0,"_jetpack_memberships_contains_paywalled_content":false,"_jetpack_memberships_contains_paid_content":false,"footnotes":"","jetpack_publicize_message":"","jetpack_publicize_feature_enabled":true,"jetpack_social_post_already_shared":true,"jetpack_social_options":{"image_generator_settings":{"template":"highway","default_image_id":0,"enabled":false},"version":2}},"categories":[1161,9,44,6937,15],"tags":[271,8101],"class_list":["post-56947","post","type-post","status-publish","format-standard","has-post-thumbnail","hentry","category-ciudadania","category-medio-ambiente","category-noticias-de-hoy","category-sociedad","category-ultimas-noticias","tag-cambio-climatico","tag-negacionistas"],"jetpack_publicize_connections":[],"jetpack_featured_media_url":"https:\/\/i0.wp.com\/miradordeatarfe.es\/wp-content\/uploads\/2022\/10\/1666605865454_1666606283_asset_still.jpeg?fit=650%2C366&ssl=1","jetpack_likes_enabled":true,"jetpack_sharing_enabled":true,"_links":{"self":[{"href":"https:\/\/miradordeatarfe.es\/index.php?rest_route=\/wp\/v2\/posts\/56947","targetHints":{"allow":["GET"]}}],"collection":[{"href":"https:\/\/miradordeatarfe.es\/index.php?rest_route=\/wp\/v2\/posts"}],"about":[{"href":"https:\/\/miradordeatarfe.es\/index.php?rest_route=\/wp\/v2\/types\/post"}],"author":[{"embeddable":true,"href":"https:\/\/miradordeatarfe.es\/index.php?rest_route=\/wp\/v2\/users\/1"}],"replies":[{"embeddable":true,"href":"https:\/\/miradordeatarfe.es\/index.php?rest_route=%2Fwp%2Fv2%2Fcomments&post=56947"}],"version-history":[{"count":1,"href":"https:\/\/miradordeatarfe.es\/index.php?rest_route=\/wp\/v2\/posts\/56947\/revisions"}],"predecessor-version":[{"id":56949,"href":"https:\/\/miradordeatarfe.es\/index.php?rest_route=\/wp\/v2\/posts\/56947\/revisions\/56949"}],"wp:featuredmedia":[{"embeddable":true,"href":"https:\/\/miradordeatarfe.es\/index.php?rest_route=\/wp\/v2\/media\/56948"}],"wp:attachment":[{"href":"https:\/\/miradordeatarfe.es\/index.php?rest_route=%2Fwp%2Fv2%2Fmedia&parent=56947"}],"wp:term":[{"taxonomy":"category","embeddable":true,"href":"https:\/\/miradordeatarfe.es\/index.php?rest_route=%2Fwp%2Fv2%2Fcategories&post=56947"},{"taxonomy":"post_tag","embeddable":true,"href":"https:\/\/miradordeatarfe.es\/index.php?rest_route=%2Fwp%2Fv2%2Ftags&post=56947"}],"curies":[{"name":"wp","href":"https:\/\/api.w.org\/{rel}","templated":true}]}}