{"id":56950,"date":"2022-10-26T11:42:19","date_gmt":"2022-10-26T09:42:19","guid":{"rendered":"https:\/\/miradordeatarfe.es\/?p=56950"},"modified":"2022-10-24T16:49:28","modified_gmt":"2022-10-24T14:49:28","slug":"atarfe-informacion-municipal-20","status":"publish","type":"post","link":"https:\/\/miradordeatarfe.es\/?p=56950","title":{"rendered":"ATARFE: INFORMACI\u00d3N MUNICIPAL"},"content":{"rendered":"<h2>Viaje Cultural Jueves 27 de Octubre<\/h2>\n<div class=\"post-meta\"><i class=\"fa fa-calendar\"><\/i>\u00a024\/10\/2022<\/div>\n<p>La Concejal\u00eda de Participaci\u00f3n Ciudadana organiza el pr\u00f3ximo Jueves 27 de Octubre un viaje cultural a la Casa Museo de Garc\u00eda Lorca, la Casa de Bernarda Alba y el Castillo de L\u00e1char.<\/p>\n<p>Salida a las 10:30 desde el Centro Cultural Medina Elvira<\/p>\n<p>Informaci\u00f3n e Inscripciones en el Centro C\u00edvico en horario de 9 a 14 y 16 a 20<\/p>\n<p><a href=\"https:\/\/i0.wp.com\/miradordeatarfe.es\/wp-content\/uploads\/2022\/10\/cartel-28.jpg?ssl=1\"><img data-recalc-dims=\"1\" loading=\"lazy\" decoding=\"async\" class=\"alignnone size-full wp-image-56952\" src=\"https:\/\/i0.wp.com\/miradordeatarfe.es\/wp-content\/uploads\/2022\/10\/cartel-28.jpg?resize=600%2C864&#038;ssl=1\" alt=\"\" width=\"600\" height=\"864\" srcset=\"https:\/\/i0.wp.com\/miradordeatarfe.es\/wp-content\/uploads\/2022\/10\/cartel-28.jpg?w=600&amp;ssl=1 600w, https:\/\/i0.wp.com\/miradordeatarfe.es\/wp-content\/uploads\/2022\/10\/cartel-28.jpg?resize=208%2C300&amp;ssl=1 208w\" sizes=\"auto, (max-width: 600px) 100vw, 600px\" \/><\/a><\/p>\n<h2>Campa\u00f1a de limpieza de imbornales<\/h2>\n<p>A partir del pr\u00f3ximo Lunes 24 de Octubre se llevar\u00e1 a cabo una campa\u00f1a de limpieza de imbornales. Se solicita la colaboraci\u00f3n ciudadana para facilitar el trabajo de los t\u00e9cnicos de limpieza a lo largo de las calles del municio.<\/p>\n<p><a href=\"https:\/\/i0.wp.com\/miradordeatarfe.es\/wp-content\/uploads\/2022\/10\/mapa-3.jpg?ssl=1\"><img data-recalc-dims=\"1\" loading=\"lazy\" decoding=\"async\" class=\"alignnone size-full wp-image-56951\" src=\"https:\/\/i0.wp.com\/miradordeatarfe.es\/wp-content\/uploads\/2022\/10\/mapa-3.jpg?resize=600%2C446&#038;ssl=1\" alt=\"\" width=\"600\" height=\"446\" srcset=\"https:\/\/i0.wp.com\/miradordeatarfe.es\/wp-content\/uploads\/2022\/10\/mapa-3.jpg?w=600&amp;ssl=1 600w, https:\/\/i0.wp.com\/miradordeatarfe.es\/wp-content\/uploads\/2022\/10\/mapa-3.jpg?resize=300%2C223&amp;ssl=1 300w\" sizes=\"auto, (max-width: 600px) 100vw, 600px\" \/><\/a><\/p>\n<h2>Prohibici\u00f3n de Quema de Residuos<\/h2>\n<div class=\"post-meta\"><i class=\"fa fa-calendar\"><\/i>\u00a0El Ayuntamiento de Atarfe, informa que:<\/div>\n<p>Seg\u00fan el art\u00edculo 27.3. de la Ley 7\/2022, de 8 de abril, de residuos y suelos contaminados para una econom\u00eda circular,<\/p>\n<p>CON CAR\u00c1CTER GENERAL, NO EST\u00c1 PERMITIDA LA QUEMA DE RESIDUOS VEGETALES GENERADOS EN EL ENTORNO AGRARIO O SILV\u00cdCOLA.<\/p>\n<p>\u00danicamente podr\u00e1 permitirse la quema de estos residuos con car\u00e1cter excepcional, y siempre y cuando cuenten con la correspondiente autorizaci\u00f3n individualizada que permita dicha quema, por razones de car\u00e1cter fitosanitario que no sea posible abordar con otro tipo de tratamiento, motivando adecuadamente que no existen otros medios para evitar la propagaci\u00f3n de plagas, o, en entornos silv\u00edcolas, con el objeto de prevenir los incendios forestales cuando no pueda accederse para su retirada y posterior gesti\u00f3n, en aplicaci\u00f3n de la exclusi\u00f3n prevista en el art\u00edculo 3.2.e).<\/p>\n<p>Los residuos vegetales generados en el entorno agrario o silv\u00edcola que no queden excluidos del \u00e1mbito de aplicaci\u00f3n de esta ley de acuerdo con el art\u00edculo 3.2.e), deber\u00e1n gestionarse conforme a lo previsto en esta ley, en especial la jerarqu\u00eda de residuos, priorizando su reciclado mediante el tratamiento biol\u00f3gico de la materia org\u00e1nica.<\/p>\n<h2>Horario especial del Cementerio con motivo del D\u00eda de todos los Santos 2022<i class=\"fa fa-calendar\"><\/i><\/h2>\n<p>Desde el pr\u00f3ximo Lunes 24 de Octubre hasta el\u00a0Mi\u00e9rcoles\u00a02\u00a0de Noviembre, se pone en marcha el horario especial del Cementerio Municipal de Atarfe\u00a0con motivo del D\u00eda de todos los Santos, de 8:00 a 19:00 de manera ininterrumpida. Se hace un llamamiento a acudir de manera escalonada y evitar aglomeraciones.<\/p>\n<p><img data-recalc-dims=\"1\" decoding=\"async\" src=\"https:\/\/i0.wp.com\/www.atarfe.es\/data\/CoreImages\/web-nuevo-cementerio-3.jpg?w=640\" alt=\"\" \/><\/p>\n<hr class=\"invisible\" \/>\n<div class=\"post-block post-share\">\n<h3 class=\"heading-primary\">\u00a0<\/h3>\n<\/div>\n","protected":false},"excerpt":{"rendered":"<p>Viaje Cultural Jueves 27 de Octubre \u00a024\/10\/2022 La Concejal\u00eda de Participaci\u00f3n Ciudadana organiza el pr\u00f3ximo&#8230;<\/p>\n","protected":false},"author":1,"featured_media":56953,"comment_status":"closed","ping_status":"closed","sticky":false,"template":"","format":"standard","meta":{"_coblocks_attr":"","_coblocks_dimensions":"","_coblocks_responsive_height":"","_coblocks_accordion_ie_support":"","jetpack_post_was_ever_published":false,"_jetpack_newsletter_access":"","_jetpack_dont_email_post_to_subs":false,"_jetpack_newsletter_tier_id":0,"_jetpack_memberships_contains_paywalled_content":false,"_jetpack_memberships_contains_paid_content":false,"footnotes":"","jetpack_publicize_message":"","jetpack_publicize_feature_enabled":true,"jetpack_social_post_already_shared":true,"jetpack_social_options":{"image_generator_settings":{"template":"highway","default_image_id":0,"enabled":false},"version":2}},"categories":[2,6916,1161,44,6937,15],"tags":[9667,4293],"class_list":["post-56950","post","type-post","status-publish","format-standard","has-post-thumbnail","hentry","category-atarfe","category-ayuntamiento-de-atarfe","category-ciudadania","category-noticias-de-hoy","category-sociedad","category-ultimas-noticias","tag-ataref","tag-ayuntamiento-de-atarfe"],"jetpack_publicize_connections":[],"jetpack_featured_media_url":"https:\/\/i0.wp.com\/miradordeatarfe.es\/wp-content\/uploads\/2022\/10\/OIP-1-1.jpg?fit=474%2C474&ssl=1","jetpack_likes_enabled":true,"jetpack_sharing_enabled":true,"_links":{"self":[{"href":"https:\/\/miradordeatarfe.es\/index.php?rest_route=\/wp\/v2\/posts\/56950","targetHints":{"allow":["GET"]}}],"collection":[{"href":"https:\/\/miradordeatarfe.es\/index.php?rest_route=\/wp\/v2\/posts"}],"about":[{"href":"https:\/\/miradordeatarfe.es\/index.php?rest_route=\/wp\/v2\/types\/post"}],"author":[{"embeddable":true,"href":"https:\/\/miradordeatarfe.es\/index.php?rest_route=\/wp\/v2\/users\/1"}],"replies":[{"embeddable":true,"href":"https:\/\/miradordeatarfe.es\/index.php?rest_route=%2Fwp%2Fv2%2Fcomments&post=56950"}],"version-history":[{"count":1,"href":"https:\/\/miradordeatarfe.es\/index.php?rest_route=\/wp\/v2\/posts\/56950\/revisions"}],"predecessor-version":[{"id":56954,"href":"https:\/\/miradordeatarfe.es\/index.php?rest_route=\/wp\/v2\/posts\/56950\/revisions\/56954"}],"wp:featuredmedia":[{"embeddable":true,"href":"https:\/\/miradordeatarfe.es\/index.php?rest_route=\/wp\/v2\/media\/56953"}],"wp:attachment":[{"href":"https:\/\/miradordeatarfe.es\/index.php?rest_route=%2Fwp%2Fv2%2Fmedia&parent=56950"}],"wp:term":[{"taxonomy":"category","embeddable":true,"href":"https:\/\/miradordeatarfe.es\/index.php?rest_route=%2Fwp%2Fv2%2Fcategories&post=56950"},{"taxonomy":"post_tag","embeddable":true,"href":"https:\/\/miradordeatarfe.es\/index.php?rest_route=%2Fwp%2Fv2%2Ftags&post=56950"}],"curies":[{"name":"wp","href":"https:\/\/api.w.org\/{rel}","templated":true}]}}