{"id":56960,"date":"2022-10-28T09:22:38","date_gmt":"2022-10-28T07:22:38","guid":{"rendered":"https:\/\/miradordeatarfe.es\/?p=56960"},"modified":"2022-10-26T18:01:54","modified_gmt":"2022-10-26T16:01:54","slug":"amor-en-mayusculas-desde-la-admiracion-y-para-sumar-salud","status":"publish","type":"post","link":"https:\/\/miradordeatarfe.es\/?p=56960","title":{"rendered":"\u00abAMOR en may\u00fasculas, desde la admiraci\u00f3n y para sumar salud\u00bb"},"content":{"rendered":"<div class=\"cols2-2\">\n<div class=\"colA\">\n<div class=\"tags\">\n<div class=\"field field-name-field-taxonomia-ciudadania field-type-taxonomy-term-reference field-label-hidden\">\n<div class=\"field-items\">\n<div class=\"field-item even\" style=\"text-align: justify;\">El prestigioso experto en Salud P\u00fablica Joan Carles March nos ofrece el que, probablemente, sea el m\u00e1s bello, hermoso y profundo art\u00edculo en que, con magistral maestr\u00eda, reivindica la necesidad del amor en la atenci\u00f3n sanitaria, con el ejemplo, como punto de partida, del denodado esfuerzo de las y los profesionales sanitarios durante la pandemia. Una belleza de reflexi\u00f3n, que merece que leas con detenimiento y compartas.<\/div>\n<div style=\"text-align: justify;\">\u00a0<\/div>\n<\/div>\n<\/div>\n<\/div>\n<div class=\"blq-img mainImg\" style=\"text-align: justify;\">\n<div class=\"img\">\u00a0<\/div>\n<div class=\"txt\">\n<div class=\"pie\">Los sistemas sanitarios no hablan de amor; deben considerarlo algo impropio de su seriedad e importancia. Pero el amor est\u00e1 presente, de forma impl\u00edcita, en muchas de las decisiones que se toman a diario en los servicios sanitarios.\u00a0<\/div>\n<\/div>\n<\/div>\n<div class=\"cuerpo\">\n<p style=\"text-align: justify;\">Parafraseando a\u00a0<strong>Franklin D Roosevelt<\/strong>,\u00a0<strong>Iona Heath<\/strong>\u00a0se\u00f1ala: \u201c<em>El valor no es la ausencia de miedo, sino la evaluaci\u00f3n de que algo es m\u00e1s importante que el miedo. Y estoy proponiendo que ese \u201calgo m\u00e1s\u201d es el amor<\/em>\u201d.\u00a0<\/p>\n<p style=\"text-align: justify;\">Amor implica entregarse sin reparar en riesgo, como hicieron de forma inconsciente, la gran parte de profesionales que enfrentaron la pandemia cuando buena parte de la poblaci\u00f3n se refugiaba en sus casas. La pandemia s\u00ed que supondr\u00e1 una gran evoluci\u00f3n para los profesionales sanitarios amorosos, amables, responsables y verdaderamente profesionales.<\/p>\n<p style=\"text-align: justify;\">Recordar es la \u00fanica herramienta para aprender de lo vivido y, en ocasiones, para sanar y reconocer el trabajo y el esfuerzo llevado a cabo. La pandemia ha dejado multitud de experiencias y de relatos que desgarran el alma. Muchos de ellos est\u00e1n relacionados con el miedo. Abandonar fue una opci\u00f3n. Por eso le\u00eda que se ha perdido mucho, se ha vivido mucha soledad, por protecci\u00f3n y amor a la gente, se ha aislado la gente y eso ha supuesto mucho para todos. Es lo m\u00e1s dif\u00edcil que han tenido que hacer, apartarse por amor de toda la gente.<\/p>\n<p style=\"text-align: justify;\">Y adem\u00e1s de todo ese AMOR en may\u00fasculas, que debemos a profesionales que lucharon en plena pandemia, por la gente, amor implica querer una profesi\u00f3n, querer mejorar la atenci\u00f3n que se presta. Amor en Salud conlleva entender que el paciente es el centro en la realidad y no solo en el papel. Amor conlleva trabajar para una toma de decisiones compartida. Amor es tambi\u00e9n querer a la comunidad en la que vivimos.\u00a0<\/p>\n<p style=\"text-align: justify;\">Y en el amor, a veces el enamoramiento dura y a veces es necesario reenamorarse. Y para volvernos a enamorar de una salud p\u00fablica con fuerza, de una salud comunitaria potente, o de una promoci\u00f3n de salud con h-alma, es necesario cambiar algunas claves con las que miramos el presente y el pasado y ver un futuro m\u00e1s prometedor.<\/p>\n<p style=\"text-align: justify;\">Amor implica hablar de admiraci\u00f3n. Mantener la admiraci\u00f3n hacia un proyecto, y la complicidad, entendida como un proyecto compartido, el amor implica una buena dosis de admiraci\u00f3n mutua. Y es que la admiraci\u00f3n implica que reconozcamos al proyecto, que valoremos las cualidades que lo hacen \u00fanico y distinto al resto y ese algo distinto es lo que hace que pongamos nuestra atenci\u00f3n en ello y que hace que eso sea irremplazable para nosotros. Y es importante que la\u00a0admiraci\u00f3n que nos genera ese proyecto, sienta el proyecto admiraci\u00f3n por nosotros y nuestra manera de llevarlo a buen puerto. Todo ello implica que la admiraci\u00f3n debe ser mutua y adem\u00e1s no debe implicar en ning\u00fan momento dependencia o sometimiento. En este caso, amor y admiraci\u00f3n van de la mano.\u00a0<\/p>\n<p style=\"text-align: justify;\">Por tanto, trabajemos el ayudarnos mutuamente, en escucharnos, en la sinceridad, en el ver las cosas con ojos que ven y en el coraz\u00f3n que siente. Porque conversar amorosamente es importante. Incluso, una persona puede aprender a disfrutar de una conversaci\u00f3n como si fuera una experiencia emocional. Y es importante empezar a prestar atenci\u00f3n a nuestras palabras. Aprender a usar un lenguaje amable en vez de cr\u00edticas, quejas o excusas es el primer paso para ganar resiliencia y bienestar en el futuro.<\/p>\n<p style=\"text-align: justify;\">La admiraci\u00f3n es el sentimiento de alegr\u00eda que brota a la vista y que provoca el deseo de imitarlo y de desarrollar por tanto las mejores posibilidades, porque a trav\u00e9s de ella cada cual vislumbra y quiere su mejor yo. Es importante admirar el trabajo y a quienes lideran el trabajo. Es importante tener referentes en el trabajo y en los que trabajan con nosotros y nosotras. Es necesario avanzar y creer en que lo que hacemos sirve y es \u00fatil. Es necesario crecer en lo que hacemos y en las personas que lo llevamos a cabo.\u00a0<\/p>\n<p style=\"text-align: justify;\">Amor. Admiraci\u00f3n. Y dice\u00a0<strong>Luis Garc\u00eda Montero<\/strong>\u00a0en sus poemas para\u00a0<strong>Almudena Grandes<\/strong>:\u00a0<em>\u201cNunca tuvieron las miradas tanto amor a la vida. Y nada quise m\u00e1s que tus cuidados\u201d<\/em>.<\/p>\n<p style=\"text-align: justify;\">Y ello me lleva a decir que el cuidado de las personas es la tarea m\u00e1s importante del mundo, y la menos valorada; como dec\u00eda Luis, cuidados va ligado a la palabra DIGNIDAD. Amar es cuidar, as\u00ed de simple, as\u00ed de profundo, as\u00ed de maravilloso. No hay amor que se base en el descuido. Cuidar (amar) significa mantener los peque\u00f1os detalles, valorar a quien tenemos al lado y hacerle sentir especial, escuchado y amado. Cuidar al que cuida. El amor durar\u00e1 tanto como lo cuidemos y lo cuidaremos tanto como lo queramos. Hagamos lo que amamos.\u00a0<\/p>\n<div class=\"divdest\" style=\"text-align: justify;\">Algunas de estas ideas forman parte de mi conferencia pronunciada en Barcelona, el 21 de octubre, en la sede de la Agencia de Salut P\u00fablica de Catalunya, \u00bfC\u00d3MO VOLVER A ENAMORARSE?, en el marco de la #JornadaSumaSalut2022.<\/p>\n<p><strong>Gracias a Carmen Cabezas, Angelina Gonz\u00e1lez, Guadalupe Ortega, Lena Reisloh, Nerea Fern\u00e1ndez y Carla Bruguera<\/strong>.<\/div>\n<div>\u00a0<\/div>\n<\/div>\n<h3 style=\"text-align: justify;\">Joan Carles March<\/h3>\n<div class=\"cuerpo\">\n<div>FOTO: COENFEBA.COM<\/div>\n<div>\u00a0<\/div>\n<div>https:\/\/www.elindependientedegranada.es\/ciudadania\/amor-mayusculas-admiracion-sumar-salud<\/div>\n<\/div>\n<\/div>\n<\/div>\n","protected":false},"excerpt":{"rendered":"<p>El prestigioso experto en Salud P\u00fablica Joan Carles March nos ofrece el que, probablemente, sea&#8230;<\/p>\n","protected":false},"author":1,"featured_media":56961,"comment_status":"closed","ping_status":"closed","sticky":false,"template":"","format":"standard","meta":{"_coblocks_attr":"","_coblocks_dimensions":"","_coblocks_responsive_height":"","_coblocks_accordion_ie_support":"","jetpack_post_was_ever_published":false,"_jetpack_newsletter_access":"","_jetpack_dont_email_post_to_subs":false,"_jetpack_newsletter_tier_id":0,"_jetpack_memberships_contains_paywalled_content":false,"_jetpack_memberships_contains_paid_content":false,"footnotes":"","jetpack_publicize_message":"","jetpack_publicize_feature_enabled":true,"jetpack_social_post_already_shared":true,"jetpack_social_options":{"image_generator_settings":{"template":"highway","default_image_id":0,"enabled":false},"version":2}},"categories":[1161,44,6937,15,10],"tags":[413,55],"class_list":["post-56960","post","type-post","status-publish","format-standard","has-post-thumbnail","hentry","category-ciudadania","category-noticias-de-hoy","category-sociedad","category-ultimas-noticias","category-salud","tag-amor","tag-salud"],"jetpack_publicize_connections":[],"jetpack_featured_media_url":"https:\/\/i0.wp.com\/miradordeatarfe.es\/wp-content\/uploads\/2022\/10\/manos.jpg?fit=650%2C432&ssl=1","jetpack_likes_enabled":true,"jetpack_sharing_enabled":true,"_links":{"self":[{"href":"https:\/\/miradordeatarfe.es\/index.php?rest_route=\/wp\/v2\/posts\/56960","targetHints":{"allow":["GET"]}}],"collection":[{"href":"https:\/\/miradordeatarfe.es\/index.php?rest_route=\/wp\/v2\/posts"}],"about":[{"href":"https:\/\/miradordeatarfe.es\/index.php?rest_route=\/wp\/v2\/types\/post"}],"author":[{"embeddable":true,"href":"https:\/\/miradordeatarfe.es\/index.php?rest_route=\/wp\/v2\/users\/1"}],"replies":[{"embeddable":true,"href":"https:\/\/miradordeatarfe.es\/index.php?rest_route=%2Fwp%2Fv2%2Fcomments&post=56960"}],"version-history":[{"count":1,"href":"https:\/\/miradordeatarfe.es\/index.php?rest_route=\/wp\/v2\/posts\/56960\/revisions"}],"predecessor-version":[{"id":56962,"href":"https:\/\/miradordeatarfe.es\/index.php?rest_route=\/wp\/v2\/posts\/56960\/revisions\/56962"}],"wp:featuredmedia":[{"embeddable":true,"href":"https:\/\/miradordeatarfe.es\/index.php?rest_route=\/wp\/v2\/media\/56961"}],"wp:attachment":[{"href":"https:\/\/miradordeatarfe.es\/index.php?rest_route=%2Fwp%2Fv2%2Fmedia&parent=56960"}],"wp:term":[{"taxonomy":"category","embeddable":true,"href":"https:\/\/miradordeatarfe.es\/index.php?rest_route=%2Fwp%2Fv2%2Fcategories&post=56960"},{"taxonomy":"post_tag","embeddable":true,"href":"https:\/\/miradordeatarfe.es\/index.php?rest_route=%2Fwp%2Fv2%2Ftags&post=56960"}],"curies":[{"name":"wp","href":"https:\/\/api.w.org\/{rel}","templated":true}]}}