{"id":56974,"date":"2022-10-28T08:37:05","date_gmt":"2022-10-28T06:37:05","guid":{"rendered":"https:\/\/miradordeatarfe.es\/?p=56974"},"modified":"2022-10-26T18:01:11","modified_gmt":"2022-10-26T16:01:11","slug":"escoger-la-cesta-de-la-compra","status":"publish","type":"post","link":"https:\/\/miradordeatarfe.es\/?p=56974","title":{"rendered":"ESCOGER LA CESTA DE LA COMPRA"},"content":{"rendered":"<h3 style=\"text-align: justify;\">El gran reto econ\u00f3mico de estos tiempos es intentar ajustar los <a href=\"http:\/\/t.newsletter.cadenaser.com\/r\/?id=h4ec6fbf0,9e95273,49b17e4\" target=\"_blank\" rel=\"noopener\" data-saferedirecturl=\"https:\/\/www.google.com\/url?q=http:\/\/t.newsletter.cadenaser.com\/r\/?id%3Dh4ec6fbf0,9e95273,49b17e4&amp;source=gmail&amp;ust=1666886035790000&amp;usg=AOvVaw0NhYmIJMMaFii0DAD_ND_s\">salarios<\/a> con una inflaci\u00f3n que se resiste a bajar.<\/h3>\n<p style=\"text-align: justify;\">La <a href=\"http:\/\/t.newsletter.cadenaser.com\/r\/?id=h4ec6fbf0,9e95273,49b17e5\" target=\"_blank\" rel=\"noopener\" data-saferedirecturl=\"https:\/\/www.google.com\/url?q=http:\/\/t.newsletter.cadenaser.com\/r\/?id%3Dh4ec6fbf0,9e95273,49b17e5&amp;source=gmail&amp;ust=1666886035791000&amp;usg=AOvVaw3ye0s64SBx8LQzkGTnZnu0\">p\u00e9rdida<\/a> de poder adquisitivo en todos los hogares es una evidencia, sea cual sea el origen de los ingresos, pensiones, subsidios, sueldos. Cada vez es m\u00e1s caro todo y los ingresos familiares no han sufrido pr\u00e1cticamente ning\u00fan alza para poder hacer frente a la cesta de la compra sin tener que escoger entre los imprescindible y lo prescindible.<\/p>\n<p style=\"text-align: justify;\">Parece m\u00e1s necesario que nunca un acuerdo para las subidas salariales. Dicen los sindicatos que aunque no se equiparen con la <a href=\"http:\/\/t.newsletter.cadenaser.com\/r\/?id=h4ec6fbf0,9e95273,49b17e6\" target=\"_blank\" rel=\"noopener\" data-saferedirecturl=\"https:\/\/www.google.com\/url?q=http:\/\/t.newsletter.cadenaser.com\/r\/?id%3Dh4ec6fbf0,9e95273,49b17e6&amp;source=gmail&amp;ust=1666886035791000&amp;usg=AOvVaw3w14r6sCx6WYzEtxqjQWGZ\">inflaci\u00f3n<\/a>, s\u00ed contemple subidas razonables y cl\u00e1usulas de revisi\u00f3n tanto para este a\u00f1o como para los dos siguientes. No entienden, dicen, como la patronal no contempla estas condiciones y advierten de que habr\u00e1 movilizaciones y que estas no tendr\u00e1n ning\u00fan l\u00edmite.<\/p>\n<p style=\"text-align: justify;\">Y, de momento, la patronal no parece por la labor y el acuerdo se plantea improbable, al menos a corto plazo. Las familias est\u00e1n aguantando como pueden, y en muchos casos mal, este decalaje entre una cifra y otra. La pregunta es durante cu\u00e1nto tiempo muchos de ellos, los m\u00e1s vulnerables, lo podr\u00e1n soportar.<\/p>\n<p><strong>\u00c0ngels Barcel\u00f3<\/strong><\/p>\n<p>FOTO: RTVE<\/p>\n","protected":false},"excerpt":{"rendered":"<p>El gran reto econ\u00f3mico de estos tiempos es intentar ajustar los salarios con una inflaci\u00f3n&#8230;<\/p>\n","protected":false},"author":1,"featured_media":56975,"comment_status":"closed","ping_status":"closed","sticky":false,"template":"","format":"standard","meta":{"_coblocks_attr":"","_coblocks_dimensions":"","_coblocks_responsive_height":"","_coblocks_accordion_ie_support":"","jetpack_post_was_ever_published":false,"_jetpack_newsletter_access":"","_jetpack_dont_email_post_to_subs":false,"_jetpack_newsletter_tier_id":0,"_jetpack_memberships_contains_paywalled_content":false,"_jetpack_memberships_contains_paid_content":false,"footnotes":"","jetpack_publicize_message":"","jetpack_publicize_feature_enabled":true,"jetpack_social_post_already_shared":true,"jetpack_social_options":{"image_generator_settings":{"template":"highway","default_image_id":0,"enabled":false},"version":2}},"categories":[1161,44,7671,6937,15],"tags":[3405,7732,278],"class_list":["post-56974","post","type-post","status-publish","format-standard","has-post-thumbnail","hentry","category-ciudadania","category-noticias-de-hoy","category-politica","category-sociedad","category-ultimas-noticias","tag-cesta-de-la-compra","tag-inflacion","tag-salarios"],"jetpack_publicize_connections":[],"jetpack_featured_media_url":"https:\/\/i0.wp.com\/miradordeatarfe.es\/wp-content\/uploads\/2022\/10\/indice-2.jpg?fit=300%2C168&ssl=1","jetpack_likes_enabled":true,"jetpack_sharing_enabled":true,"_links":{"self":[{"href":"https:\/\/miradordeatarfe.es\/index.php?rest_route=\/wp\/v2\/posts\/56974","targetHints":{"allow":["GET"]}}],"collection":[{"href":"https:\/\/miradordeatarfe.es\/index.php?rest_route=\/wp\/v2\/posts"}],"about":[{"href":"https:\/\/miradordeatarfe.es\/index.php?rest_route=\/wp\/v2\/types\/post"}],"author":[{"embeddable":true,"href":"https:\/\/miradordeatarfe.es\/index.php?rest_route=\/wp\/v2\/users\/1"}],"replies":[{"embeddable":true,"href":"https:\/\/miradordeatarfe.es\/index.php?rest_route=%2Fwp%2Fv2%2Fcomments&post=56974"}],"version-history":[{"count":1,"href":"https:\/\/miradordeatarfe.es\/index.php?rest_route=\/wp\/v2\/posts\/56974\/revisions"}],"predecessor-version":[{"id":56976,"href":"https:\/\/miradordeatarfe.es\/index.php?rest_route=\/wp\/v2\/posts\/56974\/revisions\/56976"}],"wp:featuredmedia":[{"embeddable":true,"href":"https:\/\/miradordeatarfe.es\/index.php?rest_route=\/wp\/v2\/media\/56975"}],"wp:attachment":[{"href":"https:\/\/miradordeatarfe.es\/index.php?rest_route=%2Fwp%2Fv2%2Fmedia&parent=56974"}],"wp:term":[{"taxonomy":"category","embeddable":true,"href":"https:\/\/miradordeatarfe.es\/index.php?rest_route=%2Fwp%2Fv2%2Fcategories&post=56974"},{"taxonomy":"post_tag","embeddable":true,"href":"https:\/\/miradordeatarfe.es\/index.php?rest_route=%2Fwp%2Fv2%2Ftags&post=56974"}],"curies":[{"name":"wp","href":"https:\/\/api.w.org\/{rel}","templated":true}]}}