{"id":56977,"date":"2022-10-28T10:02:44","date_gmt":"2022-10-28T08:02:44","guid":{"rendered":"https:\/\/miradordeatarfe.es\/?p=56977"},"modified":"2022-10-26T18:23:14","modified_gmt":"2022-10-26T16:23:14","slug":"la-carta-que-demuestra-como-la-iglesia-y-el-franquismo-dejaron-morir-a-miguel-hernandez","status":"publish","type":"post","link":"https:\/\/miradordeatarfe.es\/?p=56977","title":{"rendered":"La carta que demuestra c\u00f3mo la Iglesia y el franquismo dejaron morir a Miguel Hern\u00e1ndez"},"content":{"rendered":"<h3 style=\"text-align: justify;\">Una misiva que escribi\u00f3 el hermano del poeta a un amigo personal relata c\u00f3mo era la situaci\u00f3n en la c\u00e1rcel de Alicante, donde muri\u00f3 de tuberculosis en 1942<\/h3>\n<p style=\"text-align: justify;\">Durante los \u00faltimos a\u00f1os del franquismo, en Orihuela, ciudad de nacimiento del <strong>poeta Miguel Hern\u00e1ndez,<\/strong> que la Iglesia hizo lo que pudo para que no muriera en la c\u00e1rcel. Una carta desmiente ese intento por limpiar la mala conciencia del poder religioso en tiempos de la guerra civil y la dictadura. Se trata de una carta manuscrita que ha entregado al Museo Miguel Hern\u00e1ndez-Josefina Manresa de Quesada (Ja\u00e9n)<b> <\/b> Francisco Escudero, hijo del m\u00e9dico Vicente Escudero, que atend\u00eda al hermano de Miguel Hern\u00e1ndez, Vicente, con quien le un\u00eda una relaci\u00f3n de amistad. En esa carta Vicente Hern\u00e1ndez cuenta cu\u00e1l era la situaci\u00f3n de salud del poeta en la c\u00e1rcel de Alicante y las posibilidades que hab\u00eda de salvarlo.<\/p>\n<p style=\"text-align: justify;\">\u00abCuando mi hermano estaba ya con el pulm\u00f3n quitado por don Antonio Barbero, estando tan malo en aquella enfermer\u00eda donde hab\u00edan 90 o 100 hombres tendidos quit\u00e1ndose las puses los unos a los otros con trapos sucios, pues all\u00ed no entraba un m\u00e9dico o un practicante en siete u ocho d\u00edas, aquello era inhumano\u00bb, escribe en este documento. La misiva se envi\u00f3 en 1975, el a\u00f1o de la muerte de Franco. Curiosamente, Vicente Esudero fue elegido alcalde de Orihuela a\u00f1os despu\u00e9s, en 1983. \u00abLlegu\u00e9 a un acuerdo con la Diputaci\u00f3n de Ja\u00e9n para hacer una cesi\u00f3n de uso, aunque la titularidad sigue siendo de mi familia\u00bb, cuenta Francisco Escudero a la Cadena SER.<\/p>\n<p style=\"text-align: justify;\">\u00a0<\/p>\n<p class=\"tit\" style=\"text-align: justify;\"><strong>80 a\u00f1os sin el poeta Miguel Hern\u00e1ndez<\/strong><\/p>\n<p style=\"text-align: justify;\">El motivo de hacerla p\u00fablica es constatar las <i>fake news<\/i> que la dictadura trat\u00f3 de difundir sobre la muerte del poeta. \u00abIntentaban liberar de culpa y amortiguar el abandono que sufri\u00f3 Miguel Hern\u00e1ndez y quitarle al can\u00f3nigo Luis Almarcha toda la culpa. De modo que se dec\u00eda en Orihuela que hab\u00eda hecho todo lo posible, pero que no pudo, algo que no era cierto. \u00abMiguel muri\u00f3 fruto del rencor y del olvido, porque se pudo hacer algo\u00bb, insiste Escudero.<\/p>\n<h3 style=\"text-align: justify;\">\u00abNo pod\u00eda hacer nada porque no rectific\u00f3 de sus ideas\u00bb<\/h3>\n<p style=\"text-align: justify;\">En la carta, el hermano de Miguel Hern\u00e1ndez cuenta las reuniones que tuvo con el Obispo Almarcha. \u00abCreo que fue a los cinco o seis meses de terminar la guerra cuando fui a ver al Obispo Almarcha para pedirle ayuda para mi hermano. Me dijo que no pod\u00eda hacer ahora nada porque \u00e9l no le quiso hacer caso cuando le propuso que rectificara de sus ideas y de sus escritos. Ahora no era caso\u00bb, escribe Vicente Hern\u00e1ndez. En esos encuentros, los hermanos del poeta y muchos amigos trataron de que este obispo intercediera y enviara a un sanatorio al enfermo. \u00abSe estuvo esperando el traslado m\u00e1s de 20 d\u00edas y no lleg\u00f3, hasta que muri\u00f3. Son malos recuerdos porque yo llegu\u00e9 a entrar all\u00ed, era terrible. La cabida del reformatorio es de 2.000 personas y hab\u00edan 9.000\u00bb, relata la misiva.<\/p>\n<p style=\"text-align: justify;\"><a href=\"https:\/\/i0.wp.com\/miradordeatarfe.es\/wp-content\/uploads\/2022\/10\/D6R277D7PJAZJIUTIBL7QP7OH4.jpg?ssl=1\"><img data-recalc-dims=\"1\" loading=\"lazy\" decoding=\"async\" class=\"alignnone  wp-image-56978\" src=\"https:\/\/i0.wp.com\/miradordeatarfe.es\/wp-content\/uploads\/2022\/10\/D6R277D7PJAZJIUTIBL7QP7OH4.jpg?resize=640%2C640&#038;ssl=1\" alt=\"\" width=\"640\" height=\"640\" srcset=\"https:\/\/i0.wp.com\/miradordeatarfe.es\/wp-content\/uploads\/2022\/10\/D6R277D7PJAZJIUTIBL7QP7OH4.jpg?w=650&amp;ssl=1 650w, https:\/\/i0.wp.com\/miradordeatarfe.es\/wp-content\/uploads\/2022\/10\/D6R277D7PJAZJIUTIBL7QP7OH4.jpg?resize=300%2C300&amp;ssl=1 300w, https:\/\/i0.wp.com\/miradordeatarfe.es\/wp-content\/uploads\/2022\/10\/D6R277D7PJAZJIUTIBL7QP7OH4.jpg?resize=150%2C150&amp;ssl=1 150w\" sizes=\"auto, (max-width: 640px) 100vw, 640px\" \/><\/a><\/p>\n<h6 style=\"text-align: justify;\">FOTO: Vicente Hern\u00e1ndez, hermano del poeta, detall\u00f3 en una carta cedida a la SER el abandono su hermano sufri\u00f3 en la c\u00e1rcel de Alicante. \/ Francisco Escudero<\/h6>\n<p style=\"text-align: justify;\">El can\u00f3nigo Luis Almarcha era un hombre con mucho poder. Amigo personal de Franco, fue nombrado procurador de las Cortes franquistas y poco despu\u00e9s ser\u00eda nombrado Obispo de Le\u00f3n. \u00abSi \u00e9l hubiera querido, hubieran trasladado a Miguel Hern\u00e1ndez al sanatorio tuberculoso, pero antes de eso quisieron ganarlo para la \u00abnueva Espa\u00f1a\u00bb, que no fue posible. Eso fue un gran ejemplo de honestidad e integridad del poeta que no renunci\u00f3 ni a su ideario ni a sus escritos ni a su manera de entender el mundo, a pesar de estar encarcelado y de ser consciente de que se estaba muriendo.<\/p>\n<p style=\"text-align: justify;\">Sobre la historia de la carta, explica <strong><em>Francisco Escudero, que tambi\u00e9n es director de la UNED<\/em><\/strong><strong><em> en Alicante<\/em><\/strong>, y ha escrito varios libros dedicados a temas de memoria hist\u00f3rica, entre ellos <i>Los camilleros del Ritz<\/i>, cuenta c\u00f3mo la hered\u00f3 de su padre. \u00abMi padre era amigo personal y le lleg\u00f3 a tratar varias veces en la consulta. Ante esa rumorolog\u00eda que corr\u00eda por Orihuela, mi padre le pidi\u00f3 a Vicente que le escribiera una carta donde escribiera los detalles de lo que \u00e9l vio y vivi\u00f3 cuando visitaba a su hermano en la c\u00e1rcel de Alicante\u00bb.<\/p>\n<p style=\"text-align: justify;\">Elvira y Vicente Hern\u00e1ndez, los hermanos del autor de <i>El rayo que no cesa<\/i>, fueron quienes m\u00e1s visitaron al poeta en su cautiverio, ya que Josefina Manresa, su mujer no era considerada por las autoridades franquistas como familiar directo. La dictadura no reconoc\u00eda el matrimonio civil de la Rep\u00fablica y, por tanto, no era oficialmente la esposa de Miguel Hern\u00e1ndez. \u00abEl de su hermano Vicente es el testimonio m\u00e1s directo, que vio el estado de salud de su hermano y trat\u00f3 de que lo trasladaran al sanatorio de Valencia para tuberculosos\u00bb.<\/p>\n<p style=\"text-align: justify;\">Hace a\u00f1os que sali\u00f3 el legado de Alicante, estaba en Elche, ciudad donde viv\u00eda la viuda del poeta, los hijos y nietos del poeta. Josefina Manresa se fue a la ciudad tras la muerte del poeta. En el a\u00f1o 86 lleg\u00f3 a un acuerdo con el primer alcalde democr\u00e1tico socialista para mantener el legado del poeta. \u00abElche fue la ciudad que le dio la oportunidad de salir adelante en aquellos a\u00f1os oscuros\u00bb.<\/p>\n<p style=\"text-align: justify;\">\u00abLas c\u00e1rceles se arrastran por la humedad del mundo, van por la tenebrosa v\u00eda de los juzgados: buscan a un hombre, buscan a un pueblo, lo persiguen, lo absorben, se lo tragan\u00bb, escrib\u00eda el propio poeta que sufri\u00f3 varias condenas por su compromiso pol\u00edtico. El 29 de abril de 1939, Miguel Hern\u00e1ndez cruz\u00f3 a Portugal por un paso clandestino en Huelva. All\u00ed fue detenido y entregado a la prisi\u00f3n de Huelva. En mayo fue trasladado a Sevilla. Unos d\u00edas despu\u00e9s a la c\u00e1rcel de Torrijos de Madrid. Inesperadamente, sale en libertad el 15 de septiembre. En ese momento decide volver a Orihuela para ver a su familia, pero su pueblo se convierte en una ratonera y es de nuevo detenido. Vuelve a Madrid. Es condenado a pena de muerte, despu\u00e9s ve c\u00f3mo le rebajan la pena. M\u00e1s detenciones y m\u00e1s c\u00e1rceles, Palencia, Madrid, Oca\u00f1a, Albacete&#8230; hasta que el 29 de junio de 1941 llega al Reformatorio de Adultos de Alicante donde muere el 28 de marzo de 1942.<\/p>\n<p style=\"text-align: justify;\"><strong>PEPA BLANES<\/strong><\/p>\n<p style=\"text-align: justify;\">FOTO: El m\u00e9dico Vicente Escudero (centro), junto con Vicente Hern\u00e1ndez (izquierda) y Vicente Hern\u00e1ndez hijo, sobrino del poeta, visitando el nicho de Miguel Hern\u00e1ndez en el cementerio de Alicante en una imagen de los a\u00f1os setenta. Foto facilitada por Francisco Escudero.<span class=\"a_m_m\">FAMILIA DE FRANCISCO ESCUDERO<\/span><\/p>\n<p>https:\/\/cadenaser.com\/nacional\/2022\/10\/24\/la-carta-que-demuestra-como-la-iglesia-y-el-franquismo-dejo-morir-a-miguel-hernandez-cadena-ser\/?sma=newsEditorialSER_generico20221025<\/p>\n","protected":false},"excerpt":{"rendered":"<p>Una misiva que escribi\u00f3 el hermano del poeta a un amigo personal relata c\u00f3mo era&#8230;<\/p>\n","protected":false},"author":1,"featured_media":56980,"comment_status":"closed","ping_status":"closed","sticky":false,"template":"","format":"standard","meta":{"_coblocks_attr":"","_coblocks_dimensions":"","_coblocks_responsive_height":"","_coblocks_accordion_ie_support":"","jetpack_post_was_ever_published":false,"_jetpack_newsletter_access":"","_jetpack_dont_email_post_to_subs":false,"_jetpack_newsletter_tier_id":0,"_jetpack_memberships_contains_paywalled_content":false,"_jetpack_memberships_contains_paid_content":false,"footnotes":"","jetpack_publicize_message":"","jetpack_publicize_feature_enabled":true,"jetpack_social_post_already_shared":true,"jetpack_social_options":{"image_generator_settings":{"template":"highway","default_image_id":0,"enabled":false},"version":2}},"categories":[1161,44,7671,6937,15],"tags":[1081,9668,1585],"class_list":["post-56977","post","type-post","status-publish","format-standard","has-post-thumbnail","hentry","category-ciudadania","category-noticias-de-hoy","category-politica","category-sociedad","category-ultimas-noticias","tag-carta","tag-hermano","tag-miguel-hernandez"],"jetpack_publicize_connections":[],"jetpack_featured_media_url":"https:\/\/i0.wp.com\/miradordeatarfe.es\/wp-content\/uploads\/2022\/10\/NE6MKY2ZYBGSRJBF6SBZE2J34A.webp?fit=1960%2C1691&ssl=1","jetpack_likes_enabled":true,"jetpack_sharing_enabled":true,"_links":{"self":[{"href":"https:\/\/miradordeatarfe.es\/index.php?rest_route=\/wp\/v2\/posts\/56977","targetHints":{"allow":["GET"]}}],"collection":[{"href":"https:\/\/miradordeatarfe.es\/index.php?rest_route=\/wp\/v2\/posts"}],"about":[{"href":"https:\/\/miradordeatarfe.es\/index.php?rest_route=\/wp\/v2\/types\/post"}],"author":[{"embeddable":true,"href":"https:\/\/miradordeatarfe.es\/index.php?rest_route=\/wp\/v2\/users\/1"}],"replies":[{"embeddable":true,"href":"https:\/\/miradordeatarfe.es\/index.php?rest_route=%2Fwp%2Fv2%2Fcomments&post=56977"}],"version-history":[{"count":2,"href":"https:\/\/miradordeatarfe.es\/index.php?rest_route=\/wp\/v2\/posts\/56977\/revisions"}],"predecessor-version":[{"id":56981,"href":"https:\/\/miradordeatarfe.es\/index.php?rest_route=\/wp\/v2\/posts\/56977\/revisions\/56981"}],"wp:featuredmedia":[{"embeddable":true,"href":"https:\/\/miradordeatarfe.es\/index.php?rest_route=\/wp\/v2\/media\/56980"}],"wp:attachment":[{"href":"https:\/\/miradordeatarfe.es\/index.php?rest_route=%2Fwp%2Fv2%2Fmedia&parent=56977"}],"wp:term":[{"taxonomy":"category","embeddable":true,"href":"https:\/\/miradordeatarfe.es\/index.php?rest_route=%2Fwp%2Fv2%2Fcategories&post=56977"},{"taxonomy":"post_tag","embeddable":true,"href":"https:\/\/miradordeatarfe.es\/index.php?rest_route=%2Fwp%2Fv2%2Ftags&post=56977"}],"curies":[{"name":"wp","href":"https:\/\/api.w.org\/{rel}","templated":true}]}}