{"id":56982,"date":"2022-10-27T08:23:35","date_gmt":"2022-10-27T06:23:35","guid":{"rendered":"https:\/\/miradordeatarfe.es\/?p=56982"},"modified":"2022-10-26T18:27:31","modified_gmt":"2022-10-26T16:27:31","slug":"los-premios-ondas-2022-reconocen-la-trayectoria-de-carles-francino-consulta-la-lista-completa-de-ganadores","status":"publish","type":"post","link":"https:\/\/miradordeatarfe.es\/?p=56982","title":{"rendered":"Los Premios Ondas 2022 reconocen la trayectoria de Carles Francino: consulta la lista completa de ganadores"},"content":{"rendered":"<header>\n<h2 style=\"text-align: justify;\">El fallo con los galardonados de las 69\u00aa edici\u00f3n de los Premios Ondas se ha dado a conocer este mi\u00e9rcoles desde Radio Barcelona<\/h2>\n<\/header>\n<div class=\"cnt-data-art\" style=\"text-align: justify;\">\n<div class=\"c-i\">\n<div class=\"lead-art\">\n<div id=\"video_1666715728902\">\n<div>\n<div class=\"posicionador c-pl-v\">\u00a0<\/div>\n<\/div>\n<\/div>\n<\/div>\n<\/div>\n<\/div>\n<div class=\"cnt-txt\" style=\"text-align: justify;\">\n<p>Este mi\u00e9rcoles, a las 17:00 horas, se ha dado a conocer el fallo del jurado de la 69\u00aa edici\u00f3n de los Premios Ondas, que han logrado superar un a\u00f1o m\u00e1s el <a href=\"https:\/\/cadenaser.com\/cmadrid\/2022\/10\/13\/los-premios-ondas-vuelven-a-batir-record-de-inscripciones-con-559-candidaturas-registradas-radio-madrid\/\" target=\"_blank\" rel=\"noopener\">r\u00e9cord de participaci\u00f3n con 559 candidaturas<\/a> procedentes de 15 pa\u00edses. El fallo ha sido anunciado por el secretario general de los Premios Ondas, Jaume Serra, durante el programa &#8216;La Ventana&#8217; de Carles Francino.<\/p>\n<p>El jurado de esta edici\u00f3n ha querido <a href=\"https:\/\/cadenaser.com\/nacional\/2022\/10\/26\/hay-que-joderse-asi-ha-sido-la-reaccion-de-carles-francino-al-ganar-el-premio-ondas-a-la-trayectoria-cadena-ser\/\" target=\"_blank\" rel=\"noopener\">destacar la trayectoria radiof\u00f3nica del propio Carles Francino<\/a>, que se ha enterado en directo de que ha ganado el Premio Ondas a la Trayectoria o mejor labor profesional. El director de &#8216;La Ventana&#8217; ha sido galardonado por \u00abser un formidable narrador de la actualidad, que encarna los mejores valores del periodismo radiof\u00f3nico: honestidad, cercan\u00eda, coherencia y credibilidad\u00bb, por \u00abhaber creado en los \u00faltimos diez a\u00f1os, en La Ventana, un espacio abierto a otra forma de explicar el mundo que huye de la solemnidad, de la polarizaci\u00f3n y del ruido\u00bb y \u00abespecialmente durante y tras la pandemia, por haber sabido trasladar a la antena con sensibilidad el estado de \u00e1nimo de la sociedad\u00bb.<\/p>\n<\/div>\n<p style=\"text-align: justify;\">En categor\u00eda de Radio, los Ondas de 2022 han destacado a El M\u00f3n a Rac 1 como Mejor Programa y a Mirando al Espacio, de Sergio Mena, como la Mejor Idea Radiof\u00f3nica. Por su parte, los galardones de televisi\u00f3n han premiado al veterano espacio <a href=\"https:\/\/cadenaser.com\/nacional\/2022\/10\/26\/jordi-hurtado-tras-el-premio-ondas-a-saber-y-ganar-el-grito-que-hemos-pegado-todo-el-equipo-ha-sido-increible-cadena-ser\/\" target=\"_blank\" rel=\"noopener\">&#8216;Saber y Ganar&#8217;<\/a> como Mejor Programa de Entretenimiento y a &#8216;La que se avecina&#8217; y &#8216;Cardo&#8217; como mejores series de comedia y drama, respectivamente. <a href=\"https:\/\/cadenaser.com\/nacional\/2022\/10\/26\/andreu-buenafuente-tras-recibir-el-premio-ondas-a-mejor-presentador-por-late-motiv-es-un-programa-que-me-cambio-la-vida-cadena-ser\/\" target=\"_blank\" rel=\"noopener\">Andreu Buenafuente<\/a>, que ya gan\u00f3 un Ondas en 2019 por el espacio radiof\u00f3nico &#8216;Nadie Sabe Nada&#8217;, ha sido nombrado Mejor Presentador por su labor en &#8216;Late Motiv&#8217;.<\/p>\n<p style=\"text-align: justify;\">La informaci\u00f3n sobre la guerra de Ucrania ha sido otra de las grandes premiadas de esta edici\u00f3n de los Premios Ondas, tanto en su categor\u00eda de Radio como en Televisi\u00f3n. Por un lado, la cobertura de RNE de la guerra de Ucrania, encarnada en la figura del periodista y enviado especial, Fran Sevilla, ha sido reconocida con el Ondas a la Mejor programaci\u00f3n especial en Radio, mientras que los servicios informativos de TVE se han llevado el de Mejor programa de actualidad o cobertura especial en Televisi\u00f3n.<\/p>\n<p style=\"text-align: justify;\">Consulta la lista \u00edntegra de ganadores de esta edici\u00f3n de los Premios Ondas:<\/p>\n<h3 style=\"text-align: justify;\"><u><b>Nacionales<\/b><\/u><\/h3>\n<h3 style=\"text-align: justify;\">Premios nacionales en Radio<\/h3>\n<p style=\"text-align: justify;\">Se han otorgado 6 Premios Ondas de Radio a las siguientes categor\u00edas:<\/p>\n<p style=\"text-align: justify;\"><b>Mejor programa de radio<\/b><\/p>\n<p style=\"text-align: justify;\"><i>El M\u00f3n a Rac 1, de la cadena Rac 1<\/i><\/p>\n<p style=\"text-align: justify;\">Por haber roto los cors\u00e9s de los programas matinales de radio. Por montar y, sobre todo, desmontar la escaleta del programa en funci\u00f3n de la actualidad con enorme naturalidad. Por su capacidad de marcar, desde la radio, la agenda informativa del d\u00eda en Catalu\u00f1a. Por tener una especial sensibilidad por la cultura.<\/p>\n<p style=\"text-align: justify;\"><b>Mejor programa de radio de proximidad<\/b><\/p>\n<p style=\"text-align: justify;\"><i>Especial C\u00e1rceles Vascas del programa Bulevar de Radio Euskadi<\/i><\/p>\n<p style=\"text-align: justify;\">Por asumir con destreza los mayores valores de la radio de proximidad, y mostrar desde dentro una realidad poco conocida: la vida diaria de reclusos y trabajadores en los centros penitenciarios vascos.<\/p>\n<p style=\"text-align: justify;\">Menci\u00f3n Especial:<i> La Desband\u00e1 de Onda Color<\/i><\/p>\n<p style=\"text-align: justify;\">Por construir una ambiciosa ficci\u00f3n sonora sobre uno de los episodios m\u00e1s terribles de la Guerra Civil en M\u00e1laga, y hacerlo con la participaci\u00f3n de la audiencia y de actores y actrices no profesionales de un popular barrio de la ciudad.<\/p>\n<p style=\"text-align: justify;\"><b>Trayectoria o mejor labor profesional<\/b><\/p>\n<p style=\"text-align: justify;\"><i>Carles Francino<\/i><\/p>\n<p style=\"text-align: justify;\">Por ser un formidable narrador de la actualidad, que encarna los mejores valores del periodismo radiof\u00f3nico: honestidad, cercan\u00eda, coherencia y credibilidad. Por haber creado en los \u00faltimos diez a\u00f1os, en La Ventana, un espacio abierto a otra forma de explicar el mundo que huye de la solemnidad, de la polarizaci\u00f3n y del ruido. Especialmente durante y tras la pandemia, por haber sabido trasladar a la antena con sensibilidad el estado de \u00e1nimo de la sociedad.<\/p>\n<p style=\"text-align: justify;\"><b>Mejor idea radiof\u00f3nica<\/b><\/p>\n<p style=\"text-align: justify;\"><i>Mirando al Espacio, de Sergio Mena (Sociedad Espa\u00f1ola de Radiodifusi\u00f3n)<\/i><\/p>\n<p style=\"text-align: justify;\">Por combinar con gran habilidad la narraci\u00f3n serializada y el humor surrealista en una ficci\u00f3n sonora al estilo del c\u00f3mic-pop. Por llevar a la radio, al programa \u2018Si amanece nos vamos\u2019 el original universo del podcast &#8216;El Descampao&#8217;.<\/p>\n<p style=\"text-align: justify;\"><b>Mejor programaci\u00f3n especial<\/b><\/p>\n<p style=\"text-align: justify;\"><i>Cobertura de RNE de la guerra de Ucrania, encarnada en la figura del periodista y enviado especial, Fran Sevilla.<\/i><\/p>\n<p style=\"text-align: justify;\">Por informar del conflicto sobre el terreno con objetividad, aportando contexto, y asumiendo los riesgos para los informadores de acercarse a la primera l\u00ednea del frente.<\/p>\n<p style=\"text-align: justify;\"><b>Mejor podcast o programa de emisi\u00f3n digital<\/b><\/p>\n<p style=\"text-align: justify;\"><i>Misterio en la Moraleja (Spotify)<\/i><\/p>\n<p style=\"text-align: justify;\">Por convertir una an\u00e9cdota real en un relato de suspense pol\u00edtico y sociol\u00f3gico que retrata las contradicciones de un barrio de la alta sociedad madrile\u00f1a. Eva Lamarca lo hace con los recursos narrativos del g\u00e9nero detectivesco.<\/p>\n<h3 style=\"text-align: justify;\">Premios Nacionales de Publicidad en Radio<\/h3>\n<p style=\"text-align: justify;\">Se han otorgado 2 Premios Ondas de Publicidad en Radio a las siguientes categor\u00edas:<\/p>\n<p style=\"text-align: justify;\"><b>Mejor campa\u00f1a de radio<\/b><\/p>\n<p style=\"text-align: justify;\"><i>Tiempos a\u00fan m\u00e1s confusos de la Agencia David Madrid, para el anunciante Burger King.<\/i><\/p>\n<p style=\"text-align: justify;\">De esta campa\u00f1a hemos valorado la narrativa, los \u201cinsights\u201d, la creatividad y la comprensi\u00f3n de la actualidad. Nos parece muy creativa la utilizaci\u00f3n del medio para entretener hasta llevarte al tema de la campa\u00f1a, creando un relato con el que se empatiza hasta que llegan al mensaje final. Frente a muchas campa\u00f1as muy potentes, hemos encontrado que \u00e9sta era la m\u00e1s \u201credonda\u201d y completa en los diferentes aspectos valorados.<\/p>\n<p style=\"text-align: justify;\"><b>Mejor agencia de radio<\/b><\/p>\n<p style=\"text-align: justify;\"><i>Mono Madrid<\/i><\/p>\n<p style=\"text-align: justify;\">De esta agencia hemos valorado la variedad de trabajos, su frescura y su valent\u00eda a la hora de utilizar recursos creativos como el humor. Para productos y marcas muy distintos, resuelven perfectamente las necesidades creativas de un medio complejo como la radio y consiguen que los mensajes sean claros.<\/p>\n<h3 style=\"text-align: justify;\">Premios Nacionales de Televisi\u00f3n<\/h3>\n<p style=\"text-align: justify;\">Se han otorgado 9 Premios Ondas de Televisi\u00f3n a las siguientes categor\u00edas:<\/p>\n<p style=\"text-align: justify;\"><b>Mejor programa de entretenimiento<\/b><\/p>\n<p style=\"text-align: justify;\"><i>Saber y ganar (TVE)<\/i><\/p>\n<p style=\"text-align: justify;\">Por su solidez televisiva tras 25 a\u00f1os de historia. Por ser un formato original, pilar de la televisi\u00f3n p\u00fablica en La 2, que ha cautivado a distintas generaciones y que demuestra que la divulgaci\u00f3n cultural no est\u00e1 re\u00f1ida con el entretenimiento.<\/p>\n<p style=\"text-align: justify;\"><b>Mejor programa de actualidad o cobertura especial<\/b><\/p>\n<p style=\"text-align: justify;\"><i>Cobertura de la guerra de Ucrania por los servicios informativos de TVE<\/i><\/p>\n<p style=\"text-align: justify;\">Por abordar con una mirada propia el conflicto, gracias a la calidad de sus corresponsales, enviados especiales, reporteros y equipos t\u00e9cnicos. Coberturas como esta demuestran la importancia de apostar por una informaci\u00f3n p\u00fablica potente.<\/p>\n<p style=\"text-align: justify;\"><b>Mejor presentador o presentadora<\/b><\/p>\n<p style=\"text-align: justify;\"><i>Andreu Buenafuente (Late Motiv)<\/i><\/p>\n<p style=\"text-align: justify;\">El \u00faltimo motivo para premiar a Buenafuente se llama \u2018Late Motiv\u2019, el ejemplo m\u00e1s reciente de una forma de hacer televisi\u00f3n con alma. Con su talento y su sentido del humor, ha conseguido ser un referente audiovisual, capaz de generar complicidades con invitados y espectadores. Y porque, jurado tras jurado, todos hemos dado por sentado que ten\u00eda el Ondas al mejor presentador, pero no lo ten\u00eda.<\/p>\n<p style=\"text-align: justify;\"><b>Mejor serie de comedia<\/b><\/p>\n<p style=\"text-align: justify;\"><i>La que se avecina (Mediaset)<\/i><\/p>\n<p style=\"text-align: justify;\">Por haber revolucionado la comedia en Espa\u00f1a y haber creado un universo \u00fanico capaz de\u202freinventarse a lo largo de los a\u00f1os y de conectar con varias generaciones diferentes. \u2018La que se avecina\u2019 funciona como producto de entretenimiento y, a la vez, como retrato social.<\/p>\n<p style=\"text-align: justify;\"><b>Mejor serie de drama<\/b><\/p>\n<p style=\"text-align: justify;\"><i>Cardo (Atresmedia Corporaci\u00f3n de Medios de Comunicaci\u00f3n, S.A)<\/i><\/p>\n<p style=\"text-align: justify;\">Por su retrato generacional comprometido y audaz. Coherencia y honradez atraviesan esta serie de extremo a extremo desde la est\u00e9tica hasta la interpretaci\u00f3n bajo una mirada nueva que ha sido capaz de sacudir el panorama audiovisual.<\/p>\n<p style=\"text-align: justify;\"><b>Mejor int\u00e9rprete masculino en ficci\u00f3n<\/b><\/p>\n<p style=\"text-align: justify;\"><i>Javier C\u00e1mara<\/i><\/p>\n<p style=\"text-align: justify;\">Por la creaci\u00f3n de ese ya m\u00edtico personaje de Juan Carrasco de la saga de Vota Juan, Vamos Juan y Venga Juan. Ha conseguido retratar y encarnar a una clase pol\u00edtica que reconocemos como propia y desatarnos la carcajada gracias a una manera delirante de ajustarse a un guion corrosivo.<\/p>\n<p style=\"text-align: justify;\"><b>Mejor int\u00e9rprete femenina en ficci\u00f3n<\/b><\/p>\n<p style=\"text-align: justify;\"><i>Elena Rivera<\/i><\/p>\n<p style=\"text-align: justify;\">Por su versatilidad a la hora de afrontar personajes diversos en un a\u00f1o en el que ha encabezado tres t\u00edtulos de ficci\u00f3n (Alba, Los herederos de la tierra y Sequ\u00eda). En este momento dulce de su carrera el jurado ha querido valorar la constancia y la solvencia de su trayectoria.<\/p>\n<p style=\"text-align: justify;\"><b>Mejor programa emitido por emisoras o cadenas no nacionales<\/b><\/p>\n<p style=\"text-align: justify;\"><i>Joc de cartes (TV3)<\/i><\/p>\n<p style=\"text-align: justify;\">Por su receta televisiva de \u00e9xito que a\u00fana el entretenimiento y la divulgaci\u00f3n de la cultura local. \u2018Joc de cartes\u2019 nos propone un viaje emocionante por la cocina que se hace en Catalu\u00f1a que ayuda a descubrir el talento y el esfuerzo de tantos profesionales que convierten en un arte la gastronom\u00eda.<\/p>\n<p style=\"text-align: justify;\"><b>Mejor documental o serie documental<\/b><\/p>\n<p style=\"text-align: justify;\"><i>800 metros (Netflix)<\/i><\/p>\n<p style=\"text-align: justify;\">En solo 800 metros, en las Ramblas de Barcelona, est\u00e1 el coraz\u00f3n de esta historia que nos devuelve a aquel 17 de agosto de 2017 en el que un atentado yihadista marc\u00f3 nuestras vidas. Combinando la investigaci\u00f3n con la emoci\u00f3n de los protagonistas, muchos an\u00f3nimos, este documental dibuja un relato inolvidable.<\/p>\n<h3 style=\"text-align: justify;\">Premios Nacionales de M\u00fasica<\/h3>\n<p style=\"text-align: justify;\">Se han entregado 3 Premios Ondas de M\u00fasica a las siguientes categor\u00edas:<\/p>\n<p style=\"text-align: justify;\"><b>A la trayectoria<\/b><\/p>\n<p style=\"text-align: justify;\"><i>Luz Casal<\/i><\/p>\n<p style=\"text-align: justify;\">A la \u201cgran dama de la m\u00fasica\u201d, Luz Casal. Una solista que de forma incuestionable es un referente en la m\u00fasica, cuya significaci\u00f3n ha trascendido al \u00e1mbito cultural. Adem\u00e1s de una carrera repleta de canciones de \u00e9xito, constituye una figura transversal en el arte con su aportaci\u00f3n interpretativa en bandas sonoras de pel\u00edculas clave de la cinematograf\u00eda espa\u00f1ola. Desde los inicios de su carrera ha manifestado una metamorfosis contin\u00faa siendo siempre fiel a s\u00ed misma. En cada etapa, desde la juventud hasta la madurez ha sabido transmitir su evoluci\u00f3n aportando en cada obra su inconfundible sello interpretativo.<\/p>\n<p style=\"text-align: justify;\"><b>Fen\u00f3meno musical del a\u00f1o<\/b><\/p>\n<p style=\"text-align: justify;\"><i>Dani Fern\u00e1ndez &#8211; Warner Music Spain<\/i><\/p>\n<p style=\"text-align: justify;\">Al <a href=\"https:\/\/los40.com\/los40\/2022\/10\/26\/radio\/1666791099_070936.html\" target=\"_blank\" rel=\"noopener\">joven compositor y artista Dani Fern\u00e1ndez<\/a> por su llamativa y justa presencia radiof\u00f3nica en el \u00faltimo a\u00f1o. Dani ha sido una revelaci\u00f3n como solista y autor. Desde la humildad y con gran constancia en el trabajo, en un entorno adverso donde las plataformas propician s\u00f3lo tendencias de corto recorrido, sus canciones se han consolidado en la radio musical como \u00e9xitos incuestionables.<\/p>\n<p style=\"text-align: justify;\">De gran aceptaci\u00f3n por parte del p\u00fablico general, enarbola la figura de artista espa\u00f1ol de radio de referencia en el \u00faltimo a\u00f1o. Adem\u00e1s, este premio, junto con el aprecio demostrado de los artistas del pop espa\u00f1ol a su figura, reivindica la diversidad musical que desde el nuevo talento emergente es tan necesaria hoy.<\/p>\n<p style=\"text-align: justify;\"><b>Mejor espect\u00e1culo, gira o festival<\/b><\/p>\n<p style=\"text-align: justify;\"><i>Concierto de clausura de la Gira de la Cruz del mapa 2022 &#8211; Hay que vivir el momento de Manuel Carrasco &#8211; Universal Music &#8211; Riff<\/i><\/p>\n<p style=\"text-align: justify;\">Al onubense Manuel Carrasco que a lo largo de 20 a\u00f1os de carrera ha demostrado ser un referente de la m\u00fasica en vivo en nuestro pa\u00eds. Con una trayectoria en constante desarrollo en Espa\u00f1a, Manuel culmin\u00f3 su \u00faltima gira con un concierto que bati\u00f3 el r\u00e9cord de asistencia a un evento de un artista espa\u00f1ol, con m\u00e1s de setenta mil personas en el Estadio de la Cartuja de Sevilla, el pasado 11 de junio. Este premio reconoce el constante \u00e9xito en la carrera de Carrasco en las dos \u00faltimas d\u00e9cadas sobre el escenario, su habilidad por conectar de forma tan estrecha con todos los p\u00fablicos y de manera determinante la culminaci\u00f3n de su \u00faltima gira en Sevilla \u201cLa Cruz del Mapa &#8211; Hay que vivir el momento\u201d.<\/p>\n<p style=\"text-align: justify;\">Menci\u00f3n Especial: <i>Festival Porta Ferrada -THE PROJECT MUSIC COMPANY SL<\/i><\/p>\n<p style=\"text-align: justify;\">Por su 60 edici\u00f3n acercando la m\u00fasica de calidad, de diferentes estilos desde 1958, siendo el festival de m\u00fasica decano en Catalunya. Fue pionero en la incorporaci\u00f3n del concepto de \u201cfestival de m\u00fasica\u201d como propuesta cultural de impacto tur\u00edstico en Sant Feliu de Gu\u00edxols, en la Costa Brava. Aunque en sus inicios la m\u00fasica cl\u00e1sica fue la \u00fanica protagonista, a lo largo de los a\u00f1os ha incorporado otros g\u00e9neros y disciplinas art\u00edsticas como la danza, el jazz, el rock y el pop. Por este festival han pasado artistas populares tan relevantes como Herbie Hancock, Sabina, Bebo Vald\u00e9s, Patti Smith, Lou Reed o New Order.<\/p>\n<h3 style=\"text-align: justify;\"><u><b>Internacionales<\/b><\/u><\/h3>\n<h3 style=\"text-align: justify;\">Premios Internacionales de Radio<\/h3>\n<p style=\"text-align: justify;\"><b>Ondas Internacional de Radio<\/b><\/p>\n<p style=\"text-align: justify;\"><i>Limbo &#8211; Emitido por el programa Latino USA en Public Radio Exchange Producido por Futuro Media Group<\/i><\/p>\n<p style=\"text-align: justify;\">Se trata de una obra biling\u00fce que crea un puente sonoro entre Estados Unidos y Espa\u00f1a, a trav\u00e9s de un anfitri\u00f3n que cuenta en primera persona su experiencia migratoria y la contrapuntea con los testimonios de personas cercanas. Una experiencia vinculada con la crisis econ\u00f3mica de 2008, que destaca por su sensibilidad, su empat\u00eda, su reflexi\u00f3n sobre la dimensi\u00f3n emocional de la emigraci\u00f3n y por el tacto con que aborda cuestiones de salud mental. Pero no s\u00f3lo es sobresaliente la narrativa, tambi\u00e9n lo es el dise\u00f1o sonoro, que crea una sensaci\u00f3n de intimidad entre las voces y quien escucha.<\/p>\n<h3 style=\"text-align: justify;\">Premios Internacionales de Televisi\u00f3n<\/h3>\n<p style=\"text-align: justify;\"><b>Ondas Internacional de Televisi\u00f3n<\/b><\/p>\n<p style=\"text-align: justify;\"><i>Crimes de guerre, avec les enqu\u00eateurs en Ukraine &#8211; Radio T\u00e9l\u00e9vision Suisse<\/i><\/p>\n<p style=\"text-align: justify;\">Gracias a un brillante proceso de investigaci\u00f3n y al acceso a fuentes relevantes, el documental retrata v\u00edvidamente la guerra de Ucrania y la importancia de la documentaci\u00f3n cotidiana de los cr\u00edmenes que cometen las tropas rusas. Retrata, adem\u00e1s, c\u00f3mo se est\u00e1 utilizando una nueva metodolog\u00eda para analizar los conflictos b\u00e9licos, que a\u00fana la antropolog\u00eda con el an\u00e1lisis de contenidos de redes sociales o la cartograf\u00eda digital. Con este premio, el jurado no s\u00f3lo desea reconocer el valor de una obra de alta calidad, producida en un tiempo r\u00e9cord para narrar la historia estrictamente contempor\u00e1nea, tambi\u00e9n quiere reivindicar la importancia del periodismo en tiempos de violencia a gran escala, su papel en el registro de pruebas que en un futuro podr\u00edan ser usadas en un juicio por cr\u00edmenes de guerra o contra la humanidad.<\/p>\n<p><strong>CADENA SER<\/strong><\/p>\n<p>https:\/\/cadenaser.com\/nacional\/2022\/10\/26\/sigue-en-directo-el-fallo-de-los-premios-ondas-2022-cadena-ser\/<\/p>\n","protected":false},"excerpt":{"rendered":"<p>El fallo con los galardonados de las 69\u00aa edici\u00f3n de los Premios Ondas se ha&#8230;<\/p>\n","protected":false},"author":1,"featured_media":56983,"comment_status":"closed","ping_status":"closed","sticky":false,"template":"","format":"standard","meta":{"_coblocks_attr":"","_coblocks_dimensions":"","_coblocks_responsive_height":"","_coblocks_accordion_ie_support":"","jetpack_post_was_ever_published":false,"_jetpack_newsletter_access":"","_jetpack_dont_email_post_to_subs":false,"_jetpack_newsletter_tier_id":0,"_jetpack_memberships_contains_paywalled_content":false,"_jetpack_memberships_contains_paid_content":false,"footnotes":"","jetpack_publicize_message":"","jetpack_publicize_feature_enabled":true,"jetpack_social_post_already_shared":true,"jetpack_social_options":{"image_generator_settings":{"template":"highway","default_image_id":0,"enabled":false},"version":2}},"categories":[1161,44,7671,6937,15],"tags":[9669],"class_list":["post-56982","post","type-post","status-publish","format-standard","has-post-thumbnail","hentry","category-ciudadania","category-noticias-de-hoy","category-politica","category-sociedad","category-ultimas-noticias","tag-premios-ondas"],"jetpack_publicize_connections":[],"jetpack_featured_media_url":"https:\/\/i0.wp.com\/miradordeatarfe.es\/wp-content\/uploads\/2022\/10\/TEP7C5RI7JDAVICQKEMDFWNCSY.jpg?fit=1952%2C1098&ssl=1","jetpack_likes_enabled":true,"jetpack_sharing_enabled":true,"_links":{"self":[{"href":"https:\/\/miradordeatarfe.es\/index.php?rest_route=\/wp\/v2\/posts\/56982","targetHints":{"allow":["GET"]}}],"collection":[{"href":"https:\/\/miradordeatarfe.es\/index.php?rest_route=\/wp\/v2\/posts"}],"about":[{"href":"https:\/\/miradordeatarfe.es\/index.php?rest_route=\/wp\/v2\/types\/post"}],"author":[{"embeddable":true,"href":"https:\/\/miradordeatarfe.es\/index.php?rest_route=\/wp\/v2\/users\/1"}],"replies":[{"embeddable":true,"href":"https:\/\/miradordeatarfe.es\/index.php?rest_route=%2Fwp%2Fv2%2Fcomments&post=56982"}],"version-history":[{"count":1,"href":"https:\/\/miradordeatarfe.es\/index.php?rest_route=\/wp\/v2\/posts\/56982\/revisions"}],"predecessor-version":[{"id":56984,"href":"https:\/\/miradordeatarfe.es\/index.php?rest_route=\/wp\/v2\/posts\/56982\/revisions\/56984"}],"wp:featuredmedia":[{"embeddable":true,"href":"https:\/\/miradordeatarfe.es\/index.php?rest_route=\/wp\/v2\/media\/56983"}],"wp:attachment":[{"href":"https:\/\/miradordeatarfe.es\/index.php?rest_route=%2Fwp%2Fv2%2Fmedia&parent=56982"}],"wp:term":[{"taxonomy":"category","embeddable":true,"href":"https:\/\/miradordeatarfe.es\/index.php?rest_route=%2Fwp%2Fv2%2Fcategories&post=56982"},{"taxonomy":"post_tag","embeddable":true,"href":"https:\/\/miradordeatarfe.es\/index.php?rest_route=%2Fwp%2Fv2%2Ftags&post=56982"}],"curies":[{"name":"wp","href":"https:\/\/api.w.org\/{rel}","templated":true}]}}