{"id":56995,"date":"2022-10-30T08:36:27","date_gmt":"2022-10-30T07:36:27","guid":{"rendered":"https:\/\/miradordeatarfe.es\/?p=56995"},"modified":"2022-10-30T09:09:07","modified_gmt":"2022-10-30T08:09:07","slug":"el-verano-se-alarga-cada-vez-mas-en-espana-32-grados-a-finales-de-octubre","status":"publish","type":"post","link":"https:\/\/miradordeatarfe.es\/?p=56995","title":{"rendered":"El verano se alarga cada vez m\u00e1s en Espa\u00f1a: 32 grados a finales de octubre"},"content":{"rendered":"<h3 class=\"a_st\">Este mes acabar\u00e1 siendo, con alta probabilidad, el m\u00e1s c\u00e1lido desde que hay registros y el pa\u00eds sumar\u00e1 seis meses con temperaturas estivales<\/h3>\n<p><a href=\"https:\/\/i0.wp.com\/miradordeatarfe.es\/wp-content\/uploads\/2022\/10\/anomalia3-lead.png?ssl=1\"><img data-recalc-dims=\"1\" loading=\"lazy\" decoding=\"async\" class=\"alignnone size-full wp-image-56996\" src=\"https:\/\/i0.wp.com\/miradordeatarfe.es\/wp-content\/uploads\/2022\/10\/anomalia3-lead.png?resize=640%2C297&#038;ssl=1\" alt=\"\" width=\"640\" height=\"297\" srcset=\"https:\/\/i0.wp.com\/miradordeatarfe.es\/wp-content\/uploads\/2022\/10\/anomalia3-lead.png?w=2200&amp;ssl=1 2200w, https:\/\/i0.wp.com\/miradordeatarfe.es\/wp-content\/uploads\/2022\/10\/anomalia3-lead.png?resize=300%2C139&amp;ssl=1 300w, https:\/\/i0.wp.com\/miradordeatarfe.es\/wp-content\/uploads\/2022\/10\/anomalia3-lead.png?resize=1024%2C475&amp;ssl=1 1024w, https:\/\/i0.wp.com\/miradordeatarfe.es\/wp-content\/uploads\/2022\/10\/anomalia3-lead.png?resize=768%2C356&amp;ssl=1 768w, https:\/\/i0.wp.com\/miradordeatarfe.es\/wp-content\/uploads\/2022\/10\/anomalia3-lead.png?resize=1536%2C712&amp;ssl=1 1536w, https:\/\/i0.wp.com\/miradordeatarfe.es\/wp-content\/uploads\/2022\/10\/anomalia3-lead.png?resize=2048%2C950&amp;ssl=1 2048w, https:\/\/i0.wp.com\/miradordeatarfe.es\/wp-content\/uploads\/2022\/10\/anomalia3-lead.png?resize=1320%2C612&amp;ssl=1 1320w, https:\/\/i0.wp.com\/miradordeatarfe.es\/wp-content\/uploads\/2022\/10\/anomalia3-lead.png?w=1920&amp;ssl=1 1920w\" sizes=\"auto, (max-width: 640px) 100vw, 640px\" \/><\/a><\/p>\n<p style=\"text-align: justify;\"><img data-recalc-dims=\"1\" decoding=\"async\" id=\"g-anomalia3-lead-img\" class=\"g-aiImg\" src=\"https:\/\/i0.wp.com\/ep00.epimg.net\/infografias\/2022\/10\/temps\/anomalia3\/anomalia3-lead.png?w=640&#038;ssl=1\" alt=\"\" \/><\/p>\n<div id=\"g-ai4-1\" class=\"g-Grafico g-aiAbs g-aiPointText\" style=\"text-align: justify;\">\u00a0<\/div>\n<div id=\"g-ai4-21\" class=\"g-Grafico g-aiAbs\">\n<p class=\"g-pstyle4\" style=\"text-align: justify;\">Fuente: climaenmapas.blogspot.com, AEMET.\u00a0 EL PA\u00cdS<\/p>\n<header class=\"z-he\">\n<\/header>\n<header class=\"cg\" data-dtm-region=\"header\">\n<div id=\"ctn_head\" class=\"x-ph x-ph-f\">\n<div class=\"x _pr _g x-f\">\u00a0<\/div>\n<\/div>\n<\/header>\n<article class=\"a _g _g-lg _g-o\">\n<div class=\"a_c clearfix\" data-dtm-region=\"articulo_cuerpo\">\n<p class=\"\" style=\"text-align: justify;\">En los casi dos meses que van de oto\u00f1o meteorol\u00f3gico, la tenaz persistencia de las altas temperaturas en Espa\u00f1a est\u00e1 asombrando a los expertos, y eso que los pron\u00f3sticos ya apuntaban a que esta estaci\u00f3n <a href=\"https:\/\/elpais.com\/clima-y-medio-ambiente\/2022-09-19\/el-otono-sera-mas-calido-y-seco-de-lo-normal-en-espana-tras-el-peor-verano-en-61-anos.html\" target=\"_blank\" rel=\"noopener\" data-link-track-dtm=\"\">ser\u00eda m\u00e1s c\u00e1lida de lo habitual<\/a>. Salvo un peque\u00f1o par\u00e9ntesis <a href=\"https:\/\/elpais.com\/espana\/2022-09-20\/una-semana-de-tiempo-inestable-en-espana-con-lluvias-y-bajada-de-las-temperaturas.html\" target=\"_blank\" rel=\"noopener\" data-link-track-dtm=\"\">a finales de septiembre<\/a> y otro la semana pasada, en el que <a href=\"https:\/\/elpais.com\/espana\/2022-10-19\/el-verono-dice-adios-con-la-borrasca-armand-que-regara-espana-entre-hoy-y-el-lunes.html\" target=\"_blank\" rel=\"noopener\" data-link-track-dtm=\"\">dos borrascas devolvieron los registros a los valores normales para la \u00e9poca del a\u00f1o<\/a>, lo cierto es que los term\u00f3metros siguen alargando el verano. A partir del mi\u00e9rcoles, ya a finales de octubre, se espera <a href=\"https:\/\/elpais.com\/espana\/2022-10-25\/tercer-episodio-calido-del-otono-para-terminar-octubre-temperaturas-hasta-10-por-encima-de-lo-normal.html\" target=\"_blank\" rel=\"noopener\" data-link-track-dtm=\"\">un nuevo episodio \u201cinusualmente c\u00e1lido\u201d<\/a>, el tercero en lo que va de estaci\u00f3n, con los valores diurnos y nocturnos otra vez disparados hasta 10\u00b0 por encima de lo habitual. Este calor extempor\u00e1neo afectar\u00e1 a toda Europa occidental \u2015en Francia, Alemania o Grecia, las anomal\u00edas ser\u00e1n de m\u00e1s de 7\u00b0\u2015, persistir\u00e1 a lo largo toda la semana e incluso puede extenderse a los primeros d\u00edas de noviembre.<\/p>\n<aside class=\"a_ei\">\n<header class=\"a_ei_h _db\">M\u00e1s informaci\u00f3n<\/header>\n<div class=\"a_ei_r _g _g-xs \"><a class=\"a_ei_t\" href=\"https:\/\/elpais.com\/espana\/2022-10-17\/espana-sufrio-en-verano-las-noches-mas-calurosas-desde-que-hay-datos-con-casi-dos-grados-por-encima-de-lo-normal.html#?rel=mas_sumario\" data-link-track-dtm=\"\">Las noches tropicales se extienden de mayo a finales de octubre<\/a><\/div>\n<\/aside>\n<p class=\"\" style=\"text-align: justify;\">\u201cLas temperaturas de esta semana ser\u00e1n propias de principios o finales de verano en casi toda la Pen\u00ednsula y Baleares y de pleno verano en el Cant\u00e1brico\u201d, certifica Rub\u00e9n del Campo, portavoz de la Agencia Estatal de Meteorolog\u00eda (Aemet). Lejos de t\u00e9rminos amables como veranillo o <i>vero\u00f1o <\/i>y de las im\u00e1genes que repiten las televisiones de playas atestadas de locales y de visitantes, Del Campo subraya que \u201cde buen tiempo, nada\u201d. \u201cEn cada \u00e9poca tiene que hacer su tiempo, porque esto est\u00e1 relacionado con los ciclos de los ecosistemas y las cosechas. Y no solo es que haga calor cuando no debe y que <a href=\"https:\/\/elpais.com\/clima-y-medio-ambiente\/2022-02-17\/cuando-el-tiempo-engana-a-los-almendros.html\" target=\"_blank\" rel=\"noopener\" data-link-track-dtm=\"\">se adelanten las floraciones<\/a>, es que adem\u00e1s no llueve, por lo que se dispara la sequ\u00eda y el riesgo de incendios\u201d, a\u00f1ade el meteor\u00f3logo de Aemet.<\/p>\n<p class=\"\" style=\"text-align: justify;\">Se trata, subraya el experto, de una \u201csituaci\u00f3n an\u00f3mala\u201d que en esta ocasi\u00f3n afecta \u201cno solo a las m\u00e1ximas, sino tambi\u00e9n a las m\u00ednimas\u201d, ya que ambas estar\u00e1n en general entre 5\u00ba y 10\u00b0 por encima del promedio de finales de octubre, incluso m\u00e1s en puntos del interior oriental de la Pen\u00ednsula. El \u00edndice EFI \u2015siglas en ingl\u00e9s de Extreme Forecast Index, con el que se cuantifica la rareza de un fen\u00f3meno extremo\u2015 marca valores inusuales de mi\u00e9rcoles al domingo en toda la pen\u00ednsula Ib\u00e9rica, Baleares y en la mayor parte de Europa Occidental y muy inusuales en el tercio norte y puntos del este de la Pen\u00ednsula, en Baleares y en buena parte de Francia.<\/p>\n<h5 class=\"a_m a_m-h\" style=\"text-align: justify;\"><span class=\"_db a_m_w _pr lb_btn\"><img data-recalc-dims=\"1\" loading=\"lazy\" decoding=\"async\" class=\"_re lazyload a_m-h\" src=\"https:\/\/i0.wp.com\/imagenes.elpais.com\/resizer\/j2kmtUGYtBJNZO6X7aZqx89-unQ%3D\/414x0\/cloudfront-eu-central-1.images.arcpublishing.com\/prisa\/GYMN27TLD5BVLKCU42CVG2JA5I.JPG?resize=414%2C276&#038;ssl=1\" srcset=\"https:\/\/imagenes.elpais.com\/resizer\/j2kmtUGYtBJNZO6X7aZqx89-unQ=\/414x0\/cloudfront-eu-central-1.images.arcpublishing.com\/prisa\/GYMN27TLD5BVLKCU42CVG2JA5I.JPG 414w,https:\/\/imagenes.elpais.com\/resizer\/Kqb1ELaGuGUrAWVHVahyXsIoCcI=\/828x0\/cloudfront-eu-central-1.images.arcpublishing.com\/prisa\/GYMN27TLD5BVLKCU42CVG2JA5I.JPG 640w,https:\/\/imagenes.elpais.com\/resizer\/KlyBRwvAuY_MM6MXIM3lCoBhoFw=\/980x0\/cloudfront-eu-central-1.images.arcpublishing.com\/prisa\/GYMN27TLD5BVLKCU42CVG2JA5I.JPG 1000w,https:\/\/imagenes.elpais.com\/resizer\/6d7sleZuReMxJYw7jHffOWngcUA=\/1960x0\/cloudfront-eu-central-1.images.arcpublishing.com\/prisa\/GYMN27TLD5BVLKCU42CVG2JA5I.JPG 1960w\" alt=\"Una mujer vende casta\u00f1as asadas en un puesto callejero de Sevilla, este martes.\" width=\"414\" height=\"276\" \/><\/span>Una mujer vende casta\u00f1as asadas en un puesto callejero de Sevilla, este martes.<span class=\"a_m_m\">PACO PUENTES<\/span><\/h5>\n<p class=\"\" style=\"text-align: justify;\">\u201cEl EFI califica el episodio de muy raro, de muy extra\u00f1o\u201d, anota Del Campo. \u00bfSe superar\u00e1n algunos r\u00e9cords? \u201cHabr\u00e1 que esperar. Hay que tener en cuenta que estamos a finales de mes y la mayor\u00eda suelen caer a comienzos. Hay que poner el ojo en el Cant\u00e1brico oriental y sus m\u00ednimas a mediados\/finales de semana, pero es dif\u00edcil saber si se batir\u00e1n y d\u00f3nde\u201d, responde este experto.<\/p>\n<section id=\"cta_id\" class=\"w w-cta \" data-ctn-subscription=\"true\">\n<div class=\"w_t\">\u00a0<\/div>\n<div class=\"w_b\">\n<div class=\"w_tx\">La informaci\u00f3n es la primera herramienta contra el cambio clim\u00e1tico. Suscr\u00edbete a ella.<\/div>\n<p><a id=\"cta_link_btn_id\" class=\"w_bt btn btn-2 b-sb-geo\" href=\"https:\/\/apiservices.krxd.net\/click_tracker\/track?kx_event_uid=N0syfYIF&amp;kx_distribuidor=redaccion&amp;kx_origen=elpais&amp;kx_disciplina=editorial&amp;kx_formato=ctaseccion&amp;kx_creatividad=medioambiente&amp;kx_formato_creatividad=ctaseccion_medioambiente&amp;kx_landing_destino=ES&amp;clk=https:\/\/elpais.com\/landing_oferta\/#\/campaign?cid=ZWxwYWlzX3JlZGFjY2lvbl9ta3Rjb250ZW50X2VkaXRvcmlhbF9jdGFzZWNjaW9uX21lZGlvYW1iaWVudGVfRVM=&amp;prod=SUSDIG&amp;o=susdig_camp&amp;prm=nwl_suscrip_cta_articulo_Subscription_espa\u00f1a\" data-link-mx=\"https:\/\/apiservices.krxd.net\/click_tracker\/track?kx_event_uid=N93dzz6N&amp;kx_distribuidor=redaccion&amp;kx_origen=elpais&amp;kx_disciplina=editorial&amp;kx_formato=ctaseccion&amp;kx_creatividad=medioambiente&amp;kx_formato_creatividad=ctaseccion_medioambiente&amp;kx_landing_destino=LATAM&amp;clk=https:\/\/elpais.com\/suscripciones\/america\/#\/campaign?cid=ZWxwYWlzX3JlZGFjY2lvbl9ta3Rjb250ZW50X2VkaXRvcmlhbF9jdGFzZWNjaW9uX21lZGlvYW1iaWVudGVfTEFUQU0=&amp;prod=SUSDIGAM&amp;o=susdig_camp\" data-link-am=\"https:\/\/apiservices.krxd.net\/click_tracker\/track?kx_event_uid=N93dzz6N&amp;kx_distribuidor=redaccion&amp;kx_origen=elpais&amp;kx_disciplina=editorial&amp;kx_formato=ctaseccion&amp;kx_creatividad=medioambiente&amp;kx_formato_creatividad=ctaseccion_medioambiente&amp;kx_landing_destino=LATAM&amp;clk=https:\/\/elpais.com\/suscripciones\/america\/#\/campaign?cid=ZWxwYWlzX3JlZGFjY2lvbl9ta3Rjb250ZW50X2VkaXRvcmlhbF9jdGFzZWNjaW9uX21lZGlvYW1iaWVudGVfTEFUQU0=&amp;prod=SUSDIGAM&amp;o=susdig_camp\" data-link-track-dtm=\"\">Suscr\u00edbete<\/a><\/div>\n<\/section>\n<div id=\"sum_twitter\" class=\"a_em _df\" style=\"text-align: justify;\" data-oembed-type=\"twitter\">\n<div class=\"twitter-tweet twitter-tweet-rendered\"><iframe id=\"twitter-widget-0\" class=\"\" title=\"Twitter Tweet\" src=\"https:\/\/platform.twitter.com\/embed\/Tweet.html?dnt=false&amp;embedId=twitter-widget-0&amp;features=eyJ0ZndfdGltZWxpbmVfbGlzdCI6eyJidWNrZXQiOlsibGlua3RyLmVlIiwidHIuZWUiLCJ0ZXJyYS5jb20uYnIiLCJ3d3cubGlua3RyLmVlIiwid3d3LnRyLmVlIiwid3d3LnRlcnJhLmNvbS5iciJdLCJ2ZXJzaW9uIjpudWxsfSwidGZ3X2hvcml6b25fdGltZWxpbmVfMTIwMzQiOnsiYnVja2V0IjoidHJlYXRtZW50IiwidmVyc2lvbiI6bnVsbH0sInRmd190d2VldF9lZGl0X2JhY2tlbmQiOnsiYnVja2V0Ijoib24iLCJ2ZXJzaW9uIjpudWxsfSwidGZ3X3JlZnNyY19zZXNzaW9uIjp7ImJ1Y2tldCI6Im9uIiwidmVyc2lvbiI6bnVsbH0sInRmd19jaGluX3BpbGxzXzE0NzQxIjp7ImJ1Y2tldCI6ImNvbG9yX2ljb25zIiwidmVyc2lvbiI6bnVsbH0sInRmd190d2VldF9yZXN1bHRfbWlncmF0aW9uXzEzOTc5Ijp7ImJ1Y2tldCI6InR3ZWV0X3Jlc3VsdCIsInZlcnNpb24iOm51bGx9LCJ0Zndfc2Vuc2l0aXZlX21lZGlhX2ludGVyc3RpdGlhbF8xMzk2MyI6eyJidWNrZXQiOiJpbnRlcnN0aXRpYWwiLCJ2ZXJzaW9uIjpudWxsfSwidGZ3X2V4cGVyaW1lbnRzX2Nvb2tpZV9leHBpcmF0aW9uIjp7ImJ1Y2tldCI6MTIwOTYwMCwidmVyc2lvbiI6bnVsbH0sInRmd19kdXBsaWNhdGVfc2NyaWJlc190b19zZXR0aW5ncyI6eyJidWNrZXQiOiJvbiIsInZlcnNpb24iOm51bGx9LCJ0ZndfdmlkZW9faGxzX2R5bmFtaWNfbWFuaWZlc3RzXzE1MDgyIjp7ImJ1Y2tldCI6InRydWVfYml0cmF0ZSIsInZlcnNpb24iOm51bGx9LCJ0ZndfdHdlZXRfZWRpdF9mcm9udGVuZCI6eyJidWNrZXQiOiJvbiIsInZlcnNpb24iOm51bGx9fQ%3D%3D&amp;frame=false&amp;hideCard=false&amp;hideThread=false&amp;id=1584971508287356928&amp;lang=es&amp;origin=https%3A%2F%2Felpais.com%2Fclima-y-medio-ambiente%2F2022-10-25%2Fel-verano-se-alarga-cada-vez-mas-en-espana-32-grados-a-finales-de-octubre.html&amp;sessionId=e9fe0db59d4ae448db0f43fa40fc98ea33077930&amp;siteScreenName=el_pais&amp;theme=light&amp;widgetsVersion=1c23387b1f70c%3A1664388199485&amp;width=550px\" frameborder=\"0\" scrolling=\"no\" allowfullscreen=\"allowfullscreen\" data-tweet-id=\"1584971508287356928\" data-mce-fragment=\"1\"><\/iframe><\/div>\n<\/div>\n<p class=\"\" style=\"text-align: justify;\">La causa directa de este episodio concreto es una dorsal o una regi\u00f3n de \u00e1reas presiones asociada a aire c\u00e1lido, que actuar\u00e1 de bloqueo e impedir\u00e1 acercarse a las borrascas atl\u00e1nticas, al tiempo que impulsar\u00e1 vientos c\u00e1lidos del sur, que dar\u00e1n lugar a valores \u201canormalmente altos\u201d para la \u00e9poca del a\u00f1o en la mayor parte del territorio. Pero, de fondo y en conjunto, late el zarpazo del cambio clim\u00e1tico.<\/p>\n<p class=\"\" style=\"text-align: justify;\">\u201cEste semestre han predominado de forma sobresaliente las situaciones de bloqueo, las condiciones atmosf\u00e9ricas estables y las masas de aire subtropical y algunos estudios indican que el cambio clim\u00e1tico fomenta estos patrones\u201d, explica el experto. Pero, sin ir m\u00e1s lejos, \u201cel simple hecho de que las temperaturas sean m\u00e1s altas ya es 100% achacable sin ninguna duda al cambio clim\u00e1tico\u201d, ratifica. Lo grave para Del Campo es <a href=\"https:\/\/elpais.com\/clima-y-medio-ambiente\/2022-05-20\/asi-se-come-el-verano-a-la-primavera-en-espana.html\" target=\"_blank\" rel=\"noopener\" data-link-track-dtm=\"\">la tendencia hacia los veranos sin fin<\/a> en Espa\u00f1a. \u201cUn <a href=\"https:\/\/elpais.com\/sociedad\/2019\/03\/26\/actualidad\/1553589208_642410.html\" target=\"_blank\" rel=\"noopener\" data-link-track-dtm=\"\">estudio de Aemet de 2019<\/a> cifr\u00f3 que <a href=\"https:\/\/climaenmapas.blogspot.com\/p\/durverano.html\" data-link-track-dtm=\"\">la estaci\u00f3n c\u00e1lida es 40 d\u00edas m\u00e1s larga ahora <\/a>que en los a\u00f1os ochenta y los \u00faltimos tres a\u00f1os no han hecho m\u00e1s que ratificar y ampliar lo anotado en dicho informe\u201d, recuerda Del Campo.<\/p>\n<figure class=\"a_m a_m-h\" style=\"text-align: justify;\"><span class=\"_db a_m_w _pr lb_btn\"><img data-recalc-dims=\"1\" loading=\"lazy\" decoding=\"async\" class=\"_re lazyload a_m-h\" src=\"https:\/\/i0.wp.com\/imagenes.elpais.com\/resizer\/HvxfFJCRcgV_m1a6MI8kmN2zFZ0%3D\/414x0\/cloudfront-eu-central-1.images.arcpublishing.com\/prisa\/4EYHJPPW3VBMTBX2XPTELGQ5P4.jpeg?resize=414%2C206&#038;ssl=1\" srcset=\"https:\/\/imagenes.elpais.com\/resizer\/HvxfFJCRcgV_m1a6MI8kmN2zFZ0=\/414x0\/cloudfront-eu-central-1.images.arcpublishing.com\/prisa\/4EYHJPPW3VBMTBX2XPTELGQ5P4.jpeg 414w,https:\/\/imagenes.elpais.com\/resizer\/22f6gdd5BpMO_pX-fLrGGhEVe3U=\/828x0\/cloudfront-eu-central-1.images.arcpublishing.com\/prisa\/4EYHJPPW3VBMTBX2XPTELGQ5P4.jpeg 640w,https:\/\/imagenes.elpais.com\/resizer\/HQlLgKjJ8aPRXgEQ0AHS_1PNrGQ=\/980x0\/cloudfront-eu-central-1.images.arcpublishing.com\/prisa\/4EYHJPPW3VBMTBX2XPTELGQ5P4.jpeg 1000w,https:\/\/imagenes.elpais.com\/resizer\/INiIF6pWVIh1MKuL5klvdCWusbU=\/1960x0\/cloudfront-eu-central-1.images.arcpublishing.com\/prisa\/4EYHJPPW3VBMTBX2XPTELGQ5P4.jpeg 1960w\" alt=\"El \u00edndice Efi marca valores inusuales del mi\u00e9rcoles al domingo en la mayor parte de Europa y muy inusuales en el tercio norte peninsular, el este, Baleares y buena parte de Francia.\" width=\"414\" height=\"206\" \/><\/span><figcaption class=\"a_m_p\">El \u00edndice Efi marca valores inusuales del mi\u00e9rcoles al domingo en la mayor parte de Europa y muy inusuales en el tercio norte peninsular, el este, Baleares y buena parte de Francia.<\/figcaption><\/figure>\n<p class=\"\" style=\"text-align: justify;\">En grados, en los tercios norte y sur de la Pen\u00ednsula, as\u00ed como en el \u00e1rea mediterr\u00e1nea, se podr\u00e1n superar los 30\u00b0 e incluso los 32\u00b0 en el valle del Guadalquivir, en el interior de las regiones mediterr\u00e1neas y en Mallorca. Este mismo martes previo a la nueva subida, la realidad ha superado a las previsiones, <a href=\"https:\/\/www.aemet.es\/es\/eltiempo\/observacion\/ultimosdatos?k=esp&amp;w=1&amp;datos=img\" target=\"_blank\" rel=\"noopener\" data-link-track-dtm=\"\">con unos \u201calucinantes\u201d 36,8\u00b0 en Melilla y 33\u00b0<\/a> en Baleares, Granada y Torremolinos (M\u00e1laga).<\/p>\n<p class=\"\" style=\"text-align: justify;\">En todas estas zonas, se registrar\u00e1n adem\u00e1s noches tropicales \u2015en las que no se baja de los 20\u00b0\u2015, algo \u201crealmente an\u00f3malo\u201d para la \u00e9poca. \u201cAntes pod\u00eda darse alguna noche tropical de forma excepcional en puntos del Mediterr\u00e1neo incluso en octubre, pero a primeros de mes. Este a\u00f1o, se est\u00e1n produciendo de forma generalizada y recurrente en toda la costa y en puntos del interior casi en noviembre. La noche del lunes al martes, por ejemplo, la m\u00ednima en Do\u00f1a Menc\u00eda (C\u00f3rdoba) fue de 24,6\u00b0, pr\u00e1cticamente noche t\u00f3rrida \u2015por encima de 25\u00b0\u2015\u201d, contextualiza el portavoz de Aemet.<\/p>\n<p class=\"\" style=\"text-align: justify;\">\u201c\u00bfEstamos en junio o casi en noviembre?\u201d, se pregunta por su parte el meteor\u00f3logo Roberto Granda, de <a href=\"http:\/\/eltiempo.es\/\" target=\"_blank\" rel=\"noopener\" data-link-track-dtm=\"\">Eltiempo.es<\/a>, con los mapas de las m\u00ednimas del lunes en la mano. \u201c22\u00b0 el lunes en San Sebasti\u00e1n; 21\u00b0 en Bilbao, Santander y C\u00e1diz; 20\u00b0 en M\u00e1laga y Palma&#8230; Y no solo eso: 17\u00b0 en Segovia y A Coru\u00f1a o 15\u00b0 en Cuenca. Lo normal en Cuenca ser\u00edan unos 6\u00b0 de m\u00ednima\u201d, comenta.<\/p>\n<div id=\"sum_twitter\" class=\"a_em _df\" style=\"text-align: justify;\" data-oembed-type=\"twitter\">\n<div class=\"twitter-tweet twitter-tweet-rendered\"><iframe id=\"twitter-widget-1\" class=\"\" title=\"Twitter Tweet\" src=\"https:\/\/platform.twitter.com\/embed\/Tweet.html?dnt=false&amp;embedId=twitter-widget-1&amp;features=eyJ0ZndfdGltZWxpbmVfbGlzdCI6eyJidWNrZXQiOlsibGlua3RyLmVlIiwidHIuZWUiLCJ0ZXJyYS5jb20uYnIiLCJ3d3cubGlua3RyLmVlIiwid3d3LnRyLmVlIiwid3d3LnRlcnJhLmNvbS5iciJdLCJ2ZXJzaW9uIjpudWxsfSwidGZ3X2hvcml6b25fdGltZWxpbmVfMTIwMzQiOnsiYnVja2V0IjoidHJlYXRtZW50IiwidmVyc2lvbiI6bnVsbH0sInRmd190d2VldF9lZGl0X2JhY2tlbmQiOnsiYnVja2V0Ijoib24iLCJ2ZXJzaW9uIjpudWxsfSwidGZ3X3JlZnNyY19zZXNzaW9uIjp7ImJ1Y2tldCI6Im9uIiwidmVyc2lvbiI6bnVsbH0sInRmd19jaGluX3BpbGxzXzE0NzQxIjp7ImJ1Y2tldCI6ImNvbG9yX2ljb25zIiwidmVyc2lvbiI6bnVsbH0sInRmd190d2VldF9yZXN1bHRfbWlncmF0aW9uXzEzOTc5Ijp7ImJ1Y2tldCI6InR3ZWV0X3Jlc3VsdCIsInZlcnNpb24iOm51bGx9LCJ0Zndfc2Vuc2l0aXZlX21lZGlhX2ludGVyc3RpdGlhbF8xMzk2MyI6eyJidWNrZXQiOiJpbnRlcnN0aXRpYWwiLCJ2ZXJzaW9uIjpudWxsfSwidGZ3X2V4cGVyaW1lbnRzX2Nvb2tpZV9leHBpcmF0aW9uIjp7ImJ1Y2tldCI6MTIwOTYwMCwidmVyc2lvbiI6bnVsbH0sInRmd19kdXBsaWNhdGVfc2NyaWJlc190b19zZXR0aW5ncyI6eyJidWNrZXQiOiJvbiIsInZlcnNpb24iOm51bGx9LCJ0ZndfdmlkZW9faGxzX2R5bmFtaWNfbWFuaWZlc3RzXzE1MDgyIjp7ImJ1Y2tldCI6InRydWVfYml0cmF0ZSIsInZlcnNpb24iOm51bGx9LCJ0ZndfdHdlZXRfZWRpdF9mcm9udGVuZCI6eyJidWNrZXQiOiJvbiIsInZlcnNpb24iOm51bGx9fQ%3D%3D&amp;frame=false&amp;hideCard=false&amp;hideThread=false&amp;id=1584812577082597376&amp;lang=es&amp;origin=https%3A%2F%2Felpais.com%2Fclima-y-medio-ambiente%2F2022-10-25%2Fel-verano-se-alarga-cada-vez-mas-en-espana-32-grados-a-finales-de-octubre.html&amp;sessionId=e9fe0db59d4ae448db0f43fa40fc98ea33077930&amp;siteScreenName=el_pais&amp;theme=light&amp;widgetsVersion=1c23387b1f70c%3A1664388199485&amp;width=550px\" frameborder=\"0\" scrolling=\"no\" allowfullscreen=\"allowfullscreen\" data-tweet-id=\"1584812577082597376\" data-mce-fragment=\"1\"><\/iframe><\/div>\n<\/div>\n<p class=\"\" style=\"text-align: justify;\">Con esta nueva subida en los term\u00f3metros a partir del mi\u00e9rcoles, este mes \u201cmuy probablemente se convertir\u00e1 en el octubre m\u00e1s c\u00e1lido de Espa\u00f1a de toda la serie hist\u00f3rica, que arranca en 1961\u201d \u2015o m\u00e1s bien desde que hay registros, ya que hasta ese a\u00f1o no se dispon\u00eda de suficientes datos validados para estudiar el car\u00e1cter de las temperaturas en todo el pa\u00eds\u2015. \u201cY eso que ten\u00eda el list\u00f3n muy alto: octubre de 2017 fue tambi\u00e9n un mes extremadamente c\u00e1lido y seco. Cuando parec\u00eda que era un r\u00e9cord que iba a perdurar, en apenas cinco a\u00f1os nos lo hemos ventilado\u201d, se sorprende Del Campo. \u201cHay muchas posibilidades de que octubre de 2022 pase a la historia como el octubre m\u00e1s c\u00e1lido de Europa\u201d, apunta el climat\u00f3logo Mika Rantanen, del Instituto Meteorol\u00f3gico de Finlandia. Sin embargo, en el resto del continente s\u00ed tuvieron un respiro oto\u00f1al, ya que <a href=\"https:\/\/climate.copernicus.eu\/climate-bulletins\" target=\"_blank\" rel=\"noopener\" data-link-track-dtm=\"\">septiembre fue en conjunto m\u00e1s fr\u00edo <\/a>que el promedio normal.<\/p>\n<p class=\"\" style=\"text-align: justify;\">En cambio, <a href=\"https:\/\/elpais.com\/clima-y-medio-ambiente\/2022-09-19\/el-otono-sera-mas-calido-y-seco-de-lo-normal-en-espana-tras-el-peor-verano-en-61-anos.html\" target=\"_blank\" rel=\"noopener\" data-link-track-dtm=\"\">Espa\u00f1a lleva seis largos meses instalada en m\u00e1ximos de temperatura<\/a>. \u201cLlevamos con condiciones veraniegas o pr\u00e1cticamente desde comienzos de mayo. Ese mes <a href=\"https:\/\/elpais.com\/espana\/2022-05-16\/espana-se-enfrenta-a-un-inusual-episodio-de-calor-en-mayo-que-amenaza-con-ser-el-peor-de-los-ultimos-20-anos.html\" target=\"_blank\" rel=\"noopener\" data-link-track-dtm=\"\">fue el segundo m\u00e1s caluroso de la serie<\/a>, solo por detr\u00e1s de dicho mes de 1964; junio, el cuarto, porque los \u00faltimos 10 d\u00edas rebajaron la media al ser los m\u00e1s fr\u00edos de todo el verano; julio fue no solo <a href=\"https:\/\/elpais.com\/clima-y-medio-ambiente\/2022-07-12\/las-claves-de-una-ola-de-calor-que-desafia-todos-los-records-de-intensidad-extension-y-duracion.html\" target=\"_blank\" rel=\"noopener\" data-link-track-dtm=\"\">el julio m\u00e1s c\u00e1lido, sino el mes m\u00e1s c\u00e1lido de toda la serie<\/a>; agosto el segundo, solo por debajo del de 2003; septiembre tambi\u00e9n fue seis d\u00e9cimas m\u00e1s c\u00e1lido de lo normal y octubre vuelve a la carga, con lo que todo el semestre va a ser el m\u00e1s c\u00e1lido en su conjunto, algo del todo excepcional\u201d, resume Del Campo. Y lo peor es que \u201cla din\u00e1mica que comenz\u00f3 en la segunda mitad del mes de mayo parece no tener fin\u201d, a\u00f1ade la asociaci\u00f3n meteorol\u00f3gica FrostSE.<\/p>\n<p style=\"text-align: justify;\"><a class=\"a_md_a_n\" title=\"Ver todas las noticias de Victoria Torres Benayas\" href=\"https:\/\/elpais.com\/autor\/victoria-torres-benayas\/#?rel=author_top\"><strong>Victoria Torres Benayas<\/strong><\/a><\/p>\n<p>https:\/\/elpais.com\/clima-y-medio-ambiente\/2022-10-25\/el-verano-se-alarga-cada-vez-mas-en-espana-32-grados-a-finales-de-octubre.html<\/p>\n<\/div>\n<\/article>\n<\/div>\n","protected":false},"excerpt":{"rendered":"<p>Este mes acabar\u00e1 siendo, con alta probabilidad, el m\u00e1s c\u00e1lido desde que hay registros y&#8230;<\/p>\n","protected":false},"author":1,"featured_media":56997,"comment_status":"closed","ping_status":"closed","sticky":false,"template":"","format":"standard","meta":{"_coblocks_attr":"","_coblocks_dimensions":"","_coblocks_responsive_height":"","_coblocks_accordion_ie_support":"","jetpack_post_was_ever_published":false,"_jetpack_newsletter_access":"","_jetpack_dont_email_post_to_subs":false,"_jetpack_newsletter_tier_id":0,"_jetpack_memberships_contains_paywalled_content":false,"_jetpack_memberships_contains_paid_content":false,"footnotes":"","jetpack_publicize_message":"","jetpack_publicize_feature_enabled":true,"jetpack_social_post_already_shared":false,"jetpack_social_options":{"image_generator_settings":{"template":"highway","default_image_id":0,"enabled":false},"version":2}},"categories":[7725,1161,9,44,15],"tags":[731,271,725],"class_list":["post-56995","post","type-post","status-publish","format-standard","has-post-thumbnail","hentry","category-atarfe-sostenible","category-ciudadania","category-medio-ambiente","category-noticias-de-hoy","category-ultimas-noticias","tag-calor","tag-cambio-climatico","tag-espana"],"jetpack_publicize_connections":[],"jetpack_featured_media_url":"https:\/\/i0.wp.com\/miradordeatarfe.es\/wp-content\/uploads\/2022\/10\/611f3d94b5a47.jpeg?fit=1200%2C675&ssl=1","jetpack_likes_enabled":true,"jetpack_sharing_enabled":true,"_links":{"self":[{"href":"https:\/\/miradordeatarfe.es\/index.php?rest_route=\/wp\/v2\/posts\/56995","targetHints":{"allow":["GET"]}}],"collection":[{"href":"https:\/\/miradordeatarfe.es\/index.php?rest_route=\/wp\/v2\/posts"}],"about":[{"href":"https:\/\/miradordeatarfe.es\/index.php?rest_route=\/wp\/v2\/types\/post"}],"author":[{"embeddable":true,"href":"https:\/\/miradordeatarfe.es\/index.php?rest_route=\/wp\/v2\/users\/1"}],"replies":[{"embeddable":true,"href":"https:\/\/miradordeatarfe.es\/index.php?rest_route=%2Fwp%2Fv2%2Fcomments&post=56995"}],"version-history":[{"count":1,"href":"https:\/\/miradordeatarfe.es\/index.php?rest_route=\/wp\/v2\/posts\/56995\/revisions"}],"predecessor-version":[{"id":56998,"href":"https:\/\/miradordeatarfe.es\/index.php?rest_route=\/wp\/v2\/posts\/56995\/revisions\/56998"}],"wp:featuredmedia":[{"embeddable":true,"href":"https:\/\/miradordeatarfe.es\/index.php?rest_route=\/wp\/v2\/media\/56997"}],"wp:attachment":[{"href":"https:\/\/miradordeatarfe.es\/index.php?rest_route=%2Fwp%2Fv2%2Fmedia&parent=56995"}],"wp:term":[{"taxonomy":"category","embeddable":true,"href":"https:\/\/miradordeatarfe.es\/index.php?rest_route=%2Fwp%2Fv2%2Fcategories&post=56995"},{"taxonomy":"post_tag","embeddable":true,"href":"https:\/\/miradordeatarfe.es\/index.php?rest_route=%2Fwp%2Fv2%2Ftags&post=56995"}],"curies":[{"name":"wp","href":"https:\/\/api.w.org\/{rel}","templated":true}]}}