{"id":57,"date":"2015-03-09T11:39:51","date_gmt":"2015-03-09T11:39:51","guid":{"rendered":"http:\/\/miradordeatarfe.es\/?p=57"},"modified":"2015-03-11T11:02:30","modified_gmt":"2015-03-11T11:02:30","slug":"dia-internacional-de-la-mujer-8-de-marzo-2015","status":"publish","type":"post","link":"https:\/\/miradordeatarfe.es\/?p=57","title":{"rendered":"D\u00eda Internacional de la Mujer: 8 de marzo 2015"},"content":{"rendered":"<div id=\"stcpDiv\">\n<p>En 2015, el D\u00eda Internacional de la Mujer, que se conmemora el 8 de marzo en todo el mundo, pondr\u00e1 de relieve la Declaraci\u00f3n y la Plataforma de Acci\u00f3n de Beijing, una hoja de ruta hist\u00f3rica firmada por 189 gobiernos hace 20 a\u00f1os y que estableci\u00f3 la agenda para la materializaci\u00f3n de los derechos de las mujeres. Si bien los logros han sido muchos desde entonces, las brechas que a\u00fan persisten son numerosas y profundas.<\/p>\n<p>\u00c9ste es el momento de defender las conquistas de las mujeres, reconocer desaf\u00edos y dirigir mayor atenci\u00f3n a los derechos de las mujeres y la igualdad de g\u00e9nero para motivar a todas las personas a hacer la parte que les corresponda. La Plataforma de Acci\u00f3n de Beijing se enfoca en 12 esferas de especial preocupaci\u00f3n e imagina un mundo en el que todas las mujeres y las ni\u00f1as puedan ejercer sus opciones, como participar en la pol\u00edtica, educarse, obtener un ingreso y vivir en sociedades libres de violencia y discriminaci\u00f3n.<\/p>\n<p>Para ello, el tema del D\u00eda Internacional de la Mujer de este a\u00f1o es el firme llamado de la Campa\u00f1a Beijing+20 de ONU Mujeres: <strong>\u201cEmpoderando a las Mujeres, Empoderando a la Humanidad: \u00a1Imag\u00ednalo!\u201d<\/strong> \u00danete a los gobiernos y activistas de todo el mundo en la conmemoraci\u00f3n de la pionera Conferencia de 1995, celebra las numerosas conquistas que la sucedieron y act\u00faa para hacer frente a las brechas que a\u00fan existen para convertir la igualdad de g\u00e9nero en realidad.<\/p>\n<div id=\"step\" class=\"img-cap-left\"><img data-recalc-dims=\"1\" loading=\"lazy\" decoding=\"async\" src=\"https:\/\/i0.wp.com\/www.unwomen.org\/~\/media\/headquarters\/images\/sections\/news\/in%20focus\/iwd\/step%20it%20up_logotype_horz_blue_grey_sp-675.gif?resize=640%2C54\" alt=\"\" width=\"640\" height=\"54\" \/><\/div>\n<p>\u00abPor un planeta 50-50 en 2030: Demos el paso por la igualdad de g\u00e9nero\u00bb pide a los gobiernos realizar compromisos nacionales para abordar las dificultades que impiden progresar a las mujeres y las ni\u00f1as, y alcanzar su pleno potencial. Presentada con ocasi\u00f3n del D\u00eda Internacional de la Mujer 2015, \u00abDemos el paso\u00bb mostrar\u00e1 compromisos espec\u00edficos que los gobiernos llevan a cabo, como iniciativa previa a la Asamblea General de las Naciones Unidas de 2015. La iniciativa surge en un momento cr\u00edtico, ya que actualmente se est\u00e1 dando forma a una nueva agenda para el desarrollo que sustituir\u00e1 los Objetivos de Desarrollo del Milenio.<strong>Aprenda m\u00e1s sobre la iniciativa \u00abDemos el paso\u00bb \u00bb<\/strong><\/p>\n<h2 id=\"speeches\">Discursos y mensajes:<\/h2>\n<div class=\"img-cap-left\"><img data-recalc-dims=\"1\" loading=\"lazy\" decoding=\"async\" src=\"https:\/\/i0.wp.com\/www.unwomen.org\/~\/media\/headquarters\/images\/sections\/news\/in%20focus\/iwd\/sg_headshot_unphoto136591_300x200.jpg?resize=244%2C163\" alt=\"Secretary General headshot\" width=\"244\" height=\"163\" \/><\/div>\n<p><strong>Mensaje del Secretario General de la ONU 2015<\/strong><\/p>\n<p>\u00abEnv\u00edo un mensaje a cada ni\u00f1a que nazca hoy, y a cada mujer y ni\u00f1a del planeta: el ejercicio de los derechos humanos y la igualdad no es un sue\u00f1o, es un deber de los gobiernos, de las Naciones Unidas y de todos los seres humanos,\u00bb dice el Secretario General Ban Ki-moon.<\/p>\n<p>&nbsp;<\/p>\n<div class=\"img-cap-left\"><img data-recalc-dims=\"1\" loading=\"lazy\" decoding=\"async\" src=\"https:\/\/i0.wp.com\/www.unwomen.org\/~\/media\/headquarters\/images\/sections\/about%20us\/ed\/phumzilemlambongcuka_official_244x163%20jpg.jpg?resize=244%2C163\" alt=\"\" width=\"244\" height=\"163\" \/><\/div>\n<p><strong>Instamos a los pa\u00edses a \u201cdar el paso\u201d por la igualdad de g\u00e9nero<\/strong><\/p>\n<p>En su mensaje en ocasi\u00f3n del D\u00eda Internacional de la Mujer 2015, la Directora Ejecutiva de ONU Mujeres Phumzile Mlambo-Ngcuka asevera que la paridad de g\u00e9nero debe lograrse antes de 2030, a fin de evitar el lento ritmo de progreso que condena a las ni\u00f1as y los ni\u00f1os que nacen hoy a esperar 80 a\u00f1os antes de ver un mundo con igualdad. Insta a los pa\u00edses a \u201cdar el paso\u201d por la igualdad de g\u00e9nero para alcanzar un \u2018Planeta 50-50\u2019 antes de 2030.<\/p>\n<p>Lea su art\u00edculo de opini\u00f3n, en el que hace un llamado a favor de un cambio sustancial, resaltando la necesidad de impulsar acciones para los pr\u00f3ximos cinco a\u00f1os a fin de conseguir la plena igualdad antes del a\u00f1o 2030.<\/p>\n<p>Acerca del D\u00eda<\/p>\n<p>Las Naciones Unidas comenz\u00f3 a celebrar el D\u00eda Internacional de la Mujer el 8 de marzo en 1975, A\u00f1o Internacional de la Mujer. Dos a\u00f1os m\u00e1s tarde, en diciembre de 1977, la Asamblea General adopt\u00f3 una resoluci\u00f3n proclamando un D\u00eda de las Naciones Unidas para los Derechos de la Mujer y la Paz Internacional, que los Estados Miembros pueden celebrar cualquier d\u00eda del a\u00f1o siguiendo su tradici\u00f3n hist\u00f3rica y nacional.<\/p>\n<p>El D\u00eda Internacional de la Mujer surgi\u00f3 de las actividades de los movimientos obreros a finales del siglo XX en Am\u00e9rica del Norte y Europa. Desde entonces, el D\u00eda Internacional de la Mujer ha adquirido una dimensi\u00f3n global para las mujeres de los pa\u00edses desarrollados y en desarrollo por igual. El creciente movimiento internacional de las mujeres, fortalecido por cuatro conferencias mundiales de las Naciones Unidas sobre la mujer, ha ayudado a que su conmemoraci\u00f3n ofrezca la oportunidad de incrementar el apoyo a los derechos y la participaci\u00f3n de las mujeres en las esferas pol\u00edtica y econ\u00f3mica.<\/p>\n<p>El D\u00eda Internacional de la Mujer ha pasado a ser un momento de reflexi\u00f3n sobre los progresos alcanzados, un llamado al cambio, y una celebraci\u00f3n de los actos de valor y determinaci\u00f3n tomados por mujeres corrientes que han tenido un papel extraordinario en la historia de sus pa\u00edses y sus comunidades.<\/p>\n<p>&#8211; See more at: <a href=\"http:\/\/www.unwomen.org\/es\/news\/in-focus\/international-womens-day#sthash.OxurBL1H.dpuf\">http:\/\/www.unwomen.org\/es\/news\/in-focus\/international-womens-day#sthash.OxurBL1H.dpuf<\/a><\/div>\n","protected":false},"excerpt":{"rendered":"<p>En 2015, el D\u00eda Internacional de la Mujer, que se conmemora el 8 de marzo&#8230;<\/p>\n","protected":false},"author":1,"featured_media":0,"comment_status":"closed","ping_status":"closed","sticky":false,"template":"","format":"standard","meta":{"_coblocks_attr":"","_coblocks_dimensions":"","_coblocks_responsive_height":"","_coblocks_accordion_ie_support":"","jetpack_post_was_ever_published":false,"_jetpack_newsletter_access":"","_jetpack_dont_email_post_to_subs":false,"_jetpack_newsletter_tier_id":0,"_jetpack_memberships_contains_paywalled_content":false,"_jetpack_memberships_contains_paid_content":false,"footnotes":"","jetpack_publicize_message":"","jetpack_publicize_feature_enabled":true,"jetpack_social_post_already_shared":false,"jetpack_social_options":{"image_generator_settings":{"template":"highway","default_image_id":0,"enabled":false},"version":2}},"categories":[14],"tags":[52,41,21],"class_list":["post-57","post","type-post","status-publish","format-standard","hentry","category-feminismo","tag-dia-de-la-mujer","tag-feminismo","tag-igualdad"],"jetpack_publicize_connections":[],"jetpack_featured_media_url":"","jetpack_likes_enabled":true,"jetpack_sharing_enabled":true,"_links":{"self":[{"href":"https:\/\/miradordeatarfe.es\/index.php?rest_route=\/wp\/v2\/posts\/57","targetHints":{"allow":["GET"]}}],"collection":[{"href":"https:\/\/miradordeatarfe.es\/index.php?rest_route=\/wp\/v2\/posts"}],"about":[{"href":"https:\/\/miradordeatarfe.es\/index.php?rest_route=\/wp\/v2\/types\/post"}],"author":[{"embeddable":true,"href":"https:\/\/miradordeatarfe.es\/index.php?rest_route=\/wp\/v2\/users\/1"}],"replies":[{"embeddable":true,"href":"https:\/\/miradordeatarfe.es\/index.php?rest_route=%2Fwp%2Fv2%2Fcomments&post=57"}],"version-history":[{"count":1,"href":"https:\/\/miradordeatarfe.es\/index.php?rest_route=\/wp\/v2\/posts\/57\/revisions"}],"predecessor-version":[{"id":58,"href":"https:\/\/miradordeatarfe.es\/index.php?rest_route=\/wp\/v2\/posts\/57\/revisions\/58"}],"wp:attachment":[{"href":"https:\/\/miradordeatarfe.es\/index.php?rest_route=%2Fwp%2Fv2%2Fmedia&parent=57"}],"wp:term":[{"taxonomy":"category","embeddable":true,"href":"https:\/\/miradordeatarfe.es\/index.php?rest_route=%2Fwp%2Fv2%2Fcategories&post=57"},{"taxonomy":"post_tag","embeddable":true,"href":"https:\/\/miradordeatarfe.es\/index.php?rest_route=%2Fwp%2Fv2%2Ftags&post=57"}],"curies":[{"name":"wp","href":"https:\/\/api.w.org\/{rel}","templated":true}]}}