{"id":57011,"date":"2022-11-01T08:59:40","date_gmt":"2022-11-01T07:59:40","guid":{"rendered":"https:\/\/miradordeatarfe.es\/?p=57011"},"modified":"2022-10-28T19:29:49","modified_gmt":"2022-10-28T17:29:49","slug":"un-27-de-los-ninos-en-espana-sufre-las-consecuencias-de-la-crisis-climatica-y-la-pobreza","status":"publish","type":"post","link":"https:\/\/miradordeatarfe.es\/?p=57011","title":{"rendered":"Un 27% de los ni\u00f1os en Espa\u00f1a sufre las consecuencias de la crisis clim\u00e1tica y la pobreza"},"content":{"rendered":"<header>\n<h3 style=\"text-align: justify;\">Un informe de Save The Children sit\u00faa la Comunidad Valenciana, Andaluc\u00eda, Murcia, Castilla-La Mancha y Extremadura como las comunidades donde desigualdad y calentamiento tienen mayor impacto<\/h3>\n<\/header>\n<p style=\"text-align: justify;\">Un ni\u00f1o nacido en 2020 sufrir\u00e1 -de media- siete veces m\u00e1s olas de calor que alguien que haya nacido en 1960. Es uno de los datos que recuerda Save The Children que publica este mi\u00e9rcoles un informe analiza el impacto de la crisis clim\u00e1tica y la pobreza en ni\u00f1os de todo el mundo con el t\u00edtulo \u00abGeneraci\u00f3n Esperanza\u00bb. En total, seg\u00fan sus datos, 774 millones de ni\u00f1os y ni\u00f1as en todo el mundo viven ya en alto riesgo de vivir las consecuencias del cambio clim\u00e1tico, m\u00e1s de 2 millones de ellos en Espa\u00f1a que suponen un 27% de la poblaci\u00f3n infantil espa\u00f1ola.<\/p>\n<p style=\"text-align: justify;\">El estudio, hecho a trav\u00e9s de 54.000 entrevistas a ni\u00f1os y ni\u00f1as de 41 pa\u00edses y que la ONG ha realizado junto a la Universidad Libre de Bruselas, asegura tambi\u00e9n que el 80% de los ni\u00f1os padecen al menos un fen\u00f3meno clim\u00e1tico extremo al a\u00f1o, un 86% en el caso de Espa\u00f1a, lo que supone casi 7 millones de menores . Los ni\u00f1os y las ni\u00f1as vivir\u00e1n m\u00e1s tiempo a merced de los crecientes impactos que provocar\u00e1n el calentamiento global y el cambio clim\u00e1tico\u201d, advierte Save The Children en un resumen, pues \u201csufren el mayor impacto de la emergencia debido a que se encuentran en una etapa \u00fanica del desarrollo f\u00edsico y emocional, que incrementa sus riesgos ante los desastres y en momentos de dificultades\u201d. 183 millones de ni\u00f1os y ni\u00f1as enfrentan a la triple amenaza del elevado riesgo clim\u00e1tico, la pobreza y los conflictos.<\/p>\n<h3 style=\"text-align: justify;\">Desastres clim\u00e1ticos recientes<\/h3>\n<p style=\"text-align: justify;\">En el informe se enumeran algunos de los episodios m\u00e1s recientes relacionados con el cambio clim\u00e1tico como que en Portugal y Espa\u00f1a, los incendios forestales provocaron al menos 281 muertes en 2022, tambi\u00e9n que en Canad\u00e1 se han reportado 569 muertes a causa de olas de calor intensas entre junio y julio de 2021, en Sud\u00e1frica han sido las inundaciones las han causado la muerte de m\u00e1s de 400 personas y en Pakist\u00e1n tambi\u00e9n unas inundaciones sin precedentes causaron la muerte de 1300 ciudadanos.<\/p>\n<h3 style=\"text-align: justify;\">Los ricos contaminan m\u00e1s<\/h3>\n<p style=\"text-align: justify;\">Save The Children incide en que la desigualdad y la pobreza agrava las consecuencias de la emergencia clim\u00e1tica y que quienes m\u00e1s la padecen son las familias m\u00e1s pobres: \u00abLos ni\u00f1os y las ni\u00f1as indicaron que las comunidades y los hogares m\u00e1s afectados por la situaci\u00f3n de pobreza, la desigualdad y la discriminaci\u00f3n son los menos protegidos y, si azota alg\u00fan desastre, tienen menos recursos econ\u00f3micos para su recuperaci\u00f3n\u201d. Tambi\u00e9n destaca que los m\u00e1s ricos son los que m\u00e1s contaminan, las emisiones de carbono del 1% m\u00e1s rico duplican a las producidas por el 50% m\u00e1s pobre.<\/p>\n<h3 style=\"text-align: justify;\">Riesgos para el futuro<\/h3>\n<p style=\"text-align: justify;\">La organizaci\u00f3n advierte a los l\u00edderes mundiales que se reunir\u00e1n en la pr\u00f3xima cumbre del clima el 6 de noviembre No puede permitirse resultados que no sean ambiciosos y reclaman medidas como el alivio de la deuda o m\u00e1s financiaci\u00f3n para los pa\u00edses que se comprometan en la lucha contra el calentamiento . \u00abSi no se aborda con urgencia, la frecuencia y la gravedad de las crisis humanitarias y del coste de la vida aumentar\u00e1n en los pr\u00f3ximos a\u00f1os poniendo en jaque el futuro de la humanidad\u00bb, se\u00f1ala la organizaci\u00f3n. Tambi\u00e9n los ni\u00f1os exigen m\u00e1s medidas para frenar el calentamiento: el 73% cree que los adultos deber\u00edan hacer m\u00e1s por resolver los problemas derivados del cambio clim\u00e1tico. Un 35% indicaron que estaban participando en campa\u00f1a por el medioambiente o que deseaban hacerlo.<\/p>\n<p><a class=\"au-wb\" title=\"Adela Molina\" href=\"https:\/\/cadenaser.com\/autor\/adela_molina_villar\/a\/\"><strong>Adela Molina<\/strong><\/a><\/p>\n<figure><figcaption class=\"fc\">\n<p>foto: Un 27% de los ni\u00f1os en Espa\u00f1a sufre las consecuencias de la crisis clim\u00e1tica y la pobreza. \/ Save the Children<\/p>\n<\/figcaption><\/figure>\n<div id=\"#cwv-noticia-1\">https:\/\/cadenaser.com\/nacional\/2022\/10\/26\/un-27-de-los-ninos-en-espana-sufre-las-consecuencias-de-la-crisis-climatica-y-la-pobreza-cadena-ser\/<\/div>\n<div class=\"cnt-byline\">\n<div>\n<p>&nbsp;<\/p>\n<\/div>\n<\/div>\n<div class=\"cnt-data-art\">\n<div class=\"c-i\">\n<div class=\"lead-art\">\u00a0<\/div>\n<\/div>\n<\/div>\n","protected":false},"excerpt":{"rendered":"<p>Un informe de Save The Children sit\u00faa la Comunidad Valenciana, Andaluc\u00eda, Murcia, Castilla-La Mancha y&#8230;<\/p>\n","protected":false},"author":1,"featured_media":57012,"comment_status":"closed","ping_status":"closed","sticky":false,"template":"","format":"standard","meta":{"_coblocks_attr":"","_coblocks_dimensions":"","_coblocks_responsive_height":"","_coblocks_accordion_ie_support":"","jetpack_post_was_ever_published":false,"_jetpack_newsletter_access":"","_jetpack_dont_email_post_to_subs":false,"_jetpack_newsletter_tier_id":0,"_jetpack_memberships_contains_paywalled_content":false,"_jetpack_memberships_contains_paid_content":false,"footnotes":"","jetpack_publicize_message":"","jetpack_publicize_feature_enabled":true,"jetpack_social_post_already_shared":true,"jetpack_social_options":{"image_generator_settings":{"template":"highway","default_image_id":0,"enabled":false},"version":2}},"categories":[1161,44,7671,6937,15],"tags":[271,49],"class_list":["post-57011","post","type-post","status-publish","format-standard","has-post-thumbnail","hentry","category-ciudadania","category-noticias-de-hoy","category-politica","category-sociedad","category-ultimas-noticias","tag-cambio-climatico","tag-pobreza"],"jetpack_publicize_connections":[],"jetpack_featured_media_url":"https:\/\/i0.wp.com\/miradordeatarfe.es\/wp-content\/uploads\/2022\/10\/JYRXXS4KBFOCVKOIKAYGZ5FWJM.jpg?fit=650%2C488&ssl=1","jetpack_likes_enabled":true,"jetpack_sharing_enabled":true,"_links":{"self":[{"href":"https:\/\/miradordeatarfe.es\/index.php?rest_route=\/wp\/v2\/posts\/57011","targetHints":{"allow":["GET"]}}],"collection":[{"href":"https:\/\/miradordeatarfe.es\/index.php?rest_route=\/wp\/v2\/posts"}],"about":[{"href":"https:\/\/miradordeatarfe.es\/index.php?rest_route=\/wp\/v2\/types\/post"}],"author":[{"embeddable":true,"href":"https:\/\/miradordeatarfe.es\/index.php?rest_route=\/wp\/v2\/users\/1"}],"replies":[{"embeddable":true,"href":"https:\/\/miradordeatarfe.es\/index.php?rest_route=%2Fwp%2Fv2%2Fcomments&post=57011"}],"version-history":[{"count":1,"href":"https:\/\/miradordeatarfe.es\/index.php?rest_route=\/wp\/v2\/posts\/57011\/revisions"}],"predecessor-version":[{"id":57013,"href":"https:\/\/miradordeatarfe.es\/index.php?rest_route=\/wp\/v2\/posts\/57011\/revisions\/57013"}],"wp:featuredmedia":[{"embeddable":true,"href":"https:\/\/miradordeatarfe.es\/index.php?rest_route=\/wp\/v2\/media\/57012"}],"wp:attachment":[{"href":"https:\/\/miradordeatarfe.es\/index.php?rest_route=%2Fwp%2Fv2%2Fmedia&parent=57011"}],"wp:term":[{"taxonomy":"category","embeddable":true,"href":"https:\/\/miradordeatarfe.es\/index.php?rest_route=%2Fwp%2Fv2%2Fcategories&post=57011"},{"taxonomy":"post_tag","embeddable":true,"href":"https:\/\/miradordeatarfe.es\/index.php?rest_route=%2Fwp%2Fv2%2Ftags&post=57011"}],"curies":[{"name":"wp","href":"https:\/\/api.w.org\/{rel}","templated":true}]}}