{"id":57022,"date":"2022-10-30T08:20:21","date_gmt":"2022-10-30T07:20:21","guid":{"rendered":"https:\/\/miradordeatarfe.es\/?p=57022"},"modified":"2022-10-30T09:08:36","modified_gmt":"2022-10-30T08:08:36","slug":"la-desinformacion-en-torno-a-la-ley-trans-de-la-violencia-de-genero-al-cambio-de-sexo-legal-en-menores-a-cualquier-edad","status":"publish","type":"post","link":"https:\/\/miradordeatarfe.es\/?p=57022","title":{"rendered":"La desinformaci\u00f3n en torno a la ley trans: de la violencia de g\u00e9nero al cambio de sexo legal en menores a cualquier edad"},"content":{"rendered":"<header class=\"entry-header o-section__row\">\n<div class=\"c-article__intro\">\n<h3 style=\"text-align: justify;\">Desde eludir una condena por violencia de g\u00e9nero al subsidio para mayores de 65 a\u00f1os, pasando por la hormonaci\u00f3n de menores. Recopilamos los principales bulos sobre la ley trans.<\/h3>\n<\/div>\n<\/header>\n<div class=\"o-section__row c-article__content\">\n<div class=\"entry-content\">\n<p style=\"text-align: justify;\">La ley trans y LGTBI en tr\u00e1mite parlamentario sigue en el foco despu\u00e9s de que uno de los socios del Gobierno de coalici\u00f3n, el PSOE, haya vuelto a votar a favor de <strong>prorrogar el periodo para presentar enmiendas<\/strong>. El texto normativo definitivo fue <a href=\"https:\/\/www.newtral.es\/proyecto-ley-trans-lgtbi-tramite-parlamentario\/20220627\/\" target=\"_blank\" rel=\"noreferrer noopener\">aprobado por el Consejo de Ministros y Ministras en junio de 2022<\/a> y fue el Gobierno el que acord\u00f3 que se tramitase por la v\u00eda de urgencia \u2014mecanismo que acorta los plazos a la mitad\u2014. Mientras, los bulos sobre la ley trans siguen circulando, por lo que recopilamos algunos de los principales.<\/p>\n<h2 style=\"text-align: justify;\"><strong>Bulos de la ley trans y la ley de violencia de g\u00e9nero<\/strong><\/h2>\n<p style=\"text-align: justify;\">\u201cLa Ley Trans permite que un hombre que dice que es una mujer pueda esquivar la Ley de Violencia de G\u00e9nero\u201d o \u201cSi un hombre asesina, agrede o maltrata a una mujer es #VIOLENCIAMACHISTA \u00a1Se sienta como se sienta! La ley trans es MISOGINIA (sic)\u201d son algunos de los bulos sobre la ley trans que circulan por redes sociales.<\/p>\n<p style=\"text-align: justify;\">Sin embargo, esto es falso. La ley trans establece que el delito ser\u00e1 juzgado en base al sexo legal que ten\u00eda la persona cuando se produjeron los hechos.\u00a0<\/p>\n<p style=\"text-align: justify;\"><a href=\"https:\/\/www.newtral.es\/ley-trans-cambiar-sexo-condena\/20220924\/\" target=\"_blank\" rel=\"noreferrer noopener\">Como explicamos en Newtral.es en relaci\u00f3n a la ley trans y la ley de violencia de g\u00e9nero,<\/a> el texto en tramitaci\u00f3n <a href=\"https:\/\/web.archive.org\/web\/20221007071451\/https:\/\/www.congreso.es\/public_oficiales\/L14\/CONG\/BOCG\/A\/BOCG-14-A-113-1.PDF\" target=\"_blank\" rel=\"noreferrer noopener\">dedica un art\u00edculo<\/a> a<strong> blindar la posibilidad de que un hombre pueda cambiar su sexo legal para evitar una condena por violencia de g\u00e9nero<\/strong> por unos hechos previos a su cambio de menci\u00f3n registral. El documento se\u00f1ala que se mantienen las obligaciones jur\u00eddicas que cualquier persona tuviese antes de la rectificaci\u00f3n.<\/p>\n<p style=\"text-align: justify;\">Se trata del <strong>art\u00edculo 41.3<\/strong>: \u201cLa rectificaci\u00f3n de la menci\u00f3n registral relativa al sexo y, en su caso, el cambio de nombre, no alterar\u00e1n el r\u00e9gimen jur\u00eddico que, con anterioridad a la inscripci\u00f3n del cambio registral, fuera aplicable a la persona a los efectos de la Ley Org\u00e1nica 1\/2004, de 28 de diciembre, de medidas de Protecci\u00f3n Integral contra la Violencia de G\u00e9nero\u201d.<\/p>\n<p style=\"text-align: justify;\">Para <strong>Sa\u00fal Castro<\/strong>, abogado especializado en derechos LGTBI y director de No Es Terapia, \u201cel art\u00edculo 41.3 ni siquiera ser\u00eda necesario, dado que el art\u00edculo <strong>6.4 del C\u00f3digo Civil <\/strong>proh\u00edbe el fraude de ley\u201d, explica a Newtral.es. Seg\u00fan este art\u00edculo del C\u00f3digo Civil, \u201clos actos realizados al amparo del texto de una norma que persigan un resultado prohibido por el ordenamiento jur\u00eddico, o contrario a \u00e9l, se considerar\u00e1n ejecutados en fraude de ley y no impedir\u00e1n la debida aplicaci\u00f3n de la norma que se hubiere tratado de eludir\u201d.<\/p>\n<p style=\"text-align: justify;\">\u201cLa consecuencia de un acto en <strong>fraude de ley<\/strong> es que es nulo de pleno derecho, por lo que los supuestos de modificar registralmente el sexo para cometer delitos y esquivar la aplicaci\u00f3n de las penas por violencia de g\u00e9nero har\u00edan que dicho cambio registral fuera tenido por nulo y permitir\u00edan aplicar la ley de violencia de g\u00e9nero\u201d, a\u00f1ade Castro.<\/p>\n<h2 style=\"text-align: justify;\"><strong>No, cualquier menor no podr\u00e1 cambiar su sexo legal<\/strong><\/h2>\n<p style=\"text-align: justify;\">Otra de las informaciones err\u00f3neas que se comparten sobre la norma proyectada es que cualquier menor podr\u00e1 cambiar su sexo legal. S\u00ed es cierto que la ley en tramitaci\u00f3n permitir\u00eda el cambio registral del sexo (el marcador que aparece en el DNI) bajo el principio de <strong>autodeterminaci\u00f3n de g\u00e9nero<\/strong> (es decir, sin requisitos m\u00e1s que la voluntad), pero a partir de los 14 a\u00f1os. Los menores de 12 y 13 podr\u00edan tambi\u00e9n, pero con requisitos, no bajo el principio de autodeterminaci\u00f3n. Se trata, por tanto, de otro bulo sobre la ley trans.<\/p>\n<p style=\"text-align: justify;\">La norma establece tres tramos, teniendo en cuenta que <strong>antes de los 12 no ser\u00eda posible el cambio de la menci\u00f3n registral del sexo<\/strong>. Estos tres tramos son:<\/p>\n<ul style=\"text-align: justify;\">\n<li><strong>Menores de 12 y 13 a\u00f1os.<\/strong> S\u00ed se les permite un cambio de sexo legal, pero con requisitos (por lo que no ser\u00eda autodeterminaci\u00f3n como tal). Para ello necesitar\u00edan una aprobaci\u00f3n judicial, es decir, deber\u00e1n acompa\u00f1ar su solicitud de \u201ccualesquiera medios documentales o testificales acreditativos\u201d que acrediten una situaci\u00f3n estable de disconformidad con su sexo\/g\u00e9nero. Adem\u00e1s, se\u00f1ala el documento, \u201cel juez podr\u00e1 solicitar la pr\u00e1ctica de las pruebas que considere necesarias\u201d.<\/li>\n<li><strong>Menores de 14 y 15 a\u00f1os. <\/strong>Podr\u00edan acceder a este derecho y solicitarlo por s\u00ed mismos siempre y cuando vayan acompa\u00f1ados de sus tutores legales.<\/li>\n<li><strong>Menores de 16 y 17 a\u00f1os.<\/strong> Podr\u00e1n solicitarlo por s\u00ed mismos sin necesidad de ir acompa\u00f1ados de sus tutores legales.<\/li>\n<li><strong>Todos los menores.<\/strong> Por otro lado, cualquier menor, independientemente de la edad, podr\u00e1 realizar un cambio de nombre en el DNI para adecuarlo a su identidad de g\u00e9nero. Esta es una posibilidad que ya existe gracias a la <a href=\"https:\/\/www.boe.es\/diario_boe\/txt.php?id=BOE-A-2018-14610\" target=\"_blank\" rel=\"noreferrer noopener\">instrucci\u00f3n de 2018 de la Direcci\u00f3n General de los Registros<\/a>. Dicha instrucci\u00f3n permite desde 2018 el cambio de nombre de acuerdo con la identidad autodeterminada por la persona, atendiendo especialmente a los casos de los menores. Si se aprueba este proyecto de ley trans y LGTBI, ya no ser\u00eda una instrucci\u00f3n, sino que pasar\u00eda a ser una medida con rango de ley.<\/li>\n<\/ul>\n<p style=\"text-align: justify;\">Por otro lado, adem\u00e1s de la instrucci\u00f3n de 2018 que permite el cambio de nombre, <a href=\"https:\/\/hj.tribunalconstitucional.es\/docs\/BOE\/BOE-A-2019-11911.pdf\" target=\"_blank\" rel=\"noreferrer noopener\">en 2019 el <strong>Tribunal Constitucional<\/strong> declar\u00f3 parcialmente inconstitucional la ley de 2007<\/a>, la actualmente vigente y que permite, con requisitos patologizantes (hormonaci\u00f3n obligatoria e informes m\u00e9dicos), el cambio de sexo registral. En concreto, declar\u00f3 inconstitucional el primer art\u00edculo, que solo permite el cambio de sexo legal a partir de la mayor\u00eda de edad.\u00a0<\/p>\n<p style=\"text-align: justify;\">Es por ello que, a partir de esta sentencia, se abri\u00f3 la posibilidad de que los menores pudieran cambiar su sexo legal, siempre atendiendo a los requisitos exigidos en la ley de 2007 (hormonaci\u00f3n e informes m\u00e9dicos) y siempre y cuando un juez o jueza del Registro Civil as\u00ed lo decidiera.<\/p>\n<p style=\"text-align: justify;\">Fue el reciente <a href=\"https:\/\/www.newtral.es\/cambio-sexo-legal-menor-8-anos-auto\/20220627\/\" target=\"_blank\" rel=\"noreferrer noopener\"><strong>caso de un menor trans de Ourense que consigui\u00f3 cambiar la menci\u00f3n registral del sexo<\/strong><\/a>. El titular del Registro, el juez Dar\u00edo-Carpio Est\u00e9vez, tras escuchar al menor, reconoci\u00f3 en un auto el cambio de sexo legal para que se adec\u00fae a su identidad de g\u00e9nero.<\/p>\n<h2 style=\"text-align: justify;\"><strong>La ley trans no establece nada respecto a menores y hormonaci\u00f3n<\/strong><\/h2>\n<p style=\"text-align: justify;\">Otro bulo de la ley trans versa sobre los menores y la hormonaci\u00f3n. Sin embargo, todo lo que la norma en tramitaci\u00f3n establece sobre tratamientos hormonales es que \u201clas administraciones p\u00fablicas, en el \u00e1mbito de sus competencias, garantizar\u00e1n una formaci\u00f3n suficiente, continuada y actualizada del personal sanitario, que tenga en cuenta las necesidades espec\u00edficas de las personas trans, prestando especial atenci\u00f3n a los problemas de salud asociados a las pr\u00e1cticas quir\u00fargicas a las que se someten, tratamientos hormonales y su salud sexual y reproductiva\u201d (art\u00edculo 53).<\/p>\n<p style=\"text-align: justify;\">El abogado y jurista Sa\u00fal Castro confirma que <strong>la ley trans y LGTBI \u201cno establece nada respecto a hormonaci\u00f3n y menores\u201d<\/strong>. De hecho, los menores ya pueden acceder a tratamiento hormonal. Como apunta Castro: \u201cTienen que ir al endocrino, previa remisi\u00f3n por parte de su pediatra. Respecto a los tratamientos, los protocolos var\u00edan en funci\u00f3n de las comunidades aut\u00f3nomas. En algunas hay Unidades de Identidad de G\u00e9nero (UIG). Pero si no hay un servicio de UIG en dicha autonom\u00eda, depender\u00e1 de los protocolos de los hospitales o de la Consejer\u00eda, que establece servicios de referencia\u201d.\u00a0<\/p>\n<h2 id=\"h-subsidio-para-mayores-de-65-otro-bulo-de-la-ley-trans\" style=\"text-align: justify;\"><strong>\u00bfSubsidio para mayores de 65? Otro bulo de la ley trans<\/strong><\/h2>\n<p style=\"text-align: justify;\">Otros mensajes que circulan por redes sociales afirman que la norma en tramitaci\u00f3n establece un <a href=\"https:\/\/www.newtral.es\/subsidio-ley-trans-bulo\/20221024\/\" target=\"_blank\" rel=\"noreferrer noopener\">subsidio para las personas trans mayores de 65 a\u00f1os<\/a>. Es otro bulo sobre el proyecto de ley trans y LGTBI. Si bien este subsidio estaba contemplado en una <a href=\"https:\/\/www.newtral.es\/ley-trans-congreso-erc-mas-pais-no-admitida-a-tramite\/20210518\/\" target=\"_blank\" rel=\"noreferrer noopener\">proposici\u00f3n de ley trans (presentada por ERC y Grupo Plural)<\/a> que ni siquiera fue admitido a tr\u00e1mite, la nueva legislaci\u00f3n que se est\u00e1 tramitando en las Cortes no incluye ninguna clase de prestaci\u00f3n para estas personas.<\/p>\n<section class=\"o-section--fact-check c-sources o-section\">\n<div class=\"o-section__row\">\n<h3 style=\"text-align: justify;\">Fuentes<\/h3>\n<p style=\"text-align: justify;\">Proyecto de Ley para la igualdad real y efectiva de las personas trans y para la garant\u00eda de los derechos de las personas LGTBI<\/p>\n<p style=\"text-align: justify;\">Instrucci\u00f3n de 23 de octubre de 2018, de la Direcci\u00f3n General de los Registros y del Notariado, sobre cambio de nombre en el Registro Civil de personas trans<\/p>\n<p style=\"text-align: justify;\">Sentencia 99\/2019, de 18 de julio de 2019, del Tribunal Constitucional<\/p>\n<p style=\"text-align: justify;\">Proposici\u00f3n de Ley para la igualdad re<\/p>\n<\/div>\n<\/section>\n<\/div>\n<\/div>\n","protected":false},"excerpt":{"rendered":"<p>Desde eludir una condena por violencia de g\u00e9nero al subsidio para mayores de 65 a\u00f1os,&#8230;<\/p>\n","protected":false},"author":1,"featured_media":57023,"comment_status":"closed","ping_status":"closed","sticky":false,"template":"","format":"standard","meta":{"_coblocks_attr":"","_coblocks_dimensions":"","_coblocks_responsive_height":"","_coblocks_accordion_ie_support":"","jetpack_post_was_ever_published":false,"_jetpack_newsletter_access":"","_jetpack_dont_email_post_to_subs":false,"_jetpack_newsletter_tier_id":0,"_jetpack_memberships_contains_paywalled_content":false,"_jetpack_memberships_contains_paid_content":false,"footnotes":"","jetpack_publicize_message":"","jetpack_publicize_feature_enabled":true,"jetpack_social_post_already_shared":false,"jetpack_social_options":{"image_generator_settings":{"template":"highway","default_image_id":0,"enabled":false},"version":2}},"categories":[1161,14,44,7671,6937,15],"tags":[1535,8476],"class_list":["post-57022","post","type-post","status-publish","format-standard","has-post-thumbnail","hentry","category-ciudadania","category-feminismo","category-noticias-de-hoy","category-politica","category-sociedad","category-ultimas-noticias","tag-bulos","tag-ley-trans"],"jetpack_publicize_connections":[],"jetpack_featured_media_url":"https:\/\/i0.wp.com\/miradordeatarfe.es\/wp-content\/uploads\/2022\/10\/1973083544-FF-MANIFESTACION-LEY-TRANS-MADRID-ALDARA-ZARRAOA-SHUTTERSTOCK-20210314-1920x520-1.jpg?fit=1920%2C520&ssl=1","jetpack_likes_enabled":true,"jetpack_sharing_enabled":true,"_links":{"self":[{"href":"https:\/\/miradordeatarfe.es\/index.php?rest_route=\/wp\/v2\/posts\/57022","targetHints":{"allow":["GET"]}}],"collection":[{"href":"https:\/\/miradordeatarfe.es\/index.php?rest_route=\/wp\/v2\/posts"}],"about":[{"href":"https:\/\/miradordeatarfe.es\/index.php?rest_route=\/wp\/v2\/types\/post"}],"author":[{"embeddable":true,"href":"https:\/\/miradordeatarfe.es\/index.php?rest_route=\/wp\/v2\/users\/1"}],"replies":[{"embeddable":true,"href":"https:\/\/miradordeatarfe.es\/index.php?rest_route=%2Fwp%2Fv2%2Fcomments&post=57022"}],"version-history":[{"count":1,"href":"https:\/\/miradordeatarfe.es\/index.php?rest_route=\/wp\/v2\/posts\/57022\/revisions"}],"predecessor-version":[{"id":57024,"href":"https:\/\/miradordeatarfe.es\/index.php?rest_route=\/wp\/v2\/posts\/57022\/revisions\/57024"}],"wp:featuredmedia":[{"embeddable":true,"href":"https:\/\/miradordeatarfe.es\/index.php?rest_route=\/wp\/v2\/media\/57023"}],"wp:attachment":[{"href":"https:\/\/miradordeatarfe.es\/index.php?rest_route=%2Fwp%2Fv2%2Fmedia&parent=57022"}],"wp:term":[{"taxonomy":"category","embeddable":true,"href":"https:\/\/miradordeatarfe.es\/index.php?rest_route=%2Fwp%2Fv2%2Fcategories&post=57022"},{"taxonomy":"post_tag","embeddable":true,"href":"https:\/\/miradordeatarfe.es\/index.php?rest_route=%2Fwp%2Fv2%2Ftags&post=57022"}],"curies":[{"name":"wp","href":"https:\/\/api.w.org\/{rel}","templated":true}]}}