{"id":57081,"date":"2022-11-02T10:56:09","date_gmt":"2022-11-02T09:56:09","guid":{"rendered":"https:\/\/miradordeatarfe.es\/?p=57081"},"modified":"2022-10-28T20:58:23","modified_gmt":"2022-10-28T18:58:23","slug":"la-alhambra-celebra-el-dia-del-patrimonio-con-una-jornada-de-puertas-abiertas","status":"publish","type":"post","link":"https:\/\/miradordeatarfe.es\/?p=57081","title":{"rendered":"La Alhambra celebra el D\u00eda del Patrimonio con una jornada de puertas abiertas"},"content":{"rendered":"<div class=\"voc-article-container\">\n<article class=\"voc-article voc-article--detail voc-article--detail--base voc-article--photo-bottom\">\n<div class=\"voc-info-container\">\n<h2 class=\"voc-sub-title\">Las entradas disponibles para asociaciones ya se pueden solicitar<\/h2>\n<\/div>\n<\/article>\n<\/div>\n<div class=\"voc-detail\" data-voc-share-selection=\"\">\n<p class=\"voc-paragraph\" style=\"text-align: justify;\">El Patronato de la Alhambra y Generalife conmemora el D\u00eda del Patrimonio Mundial, que se celebra el pr\u00f3ximo 16 de noviembre, con una jornada de puertas abiertas y un completo programa de actividades culturales para todos los p\u00fablicos, \u00abcon el fin de acercar nuestro excepcional patrimonio a toda la ciudadan\u00eda y concienciar sobre la necesidad de proteger y preservar el patrimonio y tomar conciencia de su valor\u00bb, ha destacado la directora general del Patronato de la Alhambra y Generalife, Roc\u00edo D\u00edaz.<\/p>\n<p class=\"voc-paragraph\" style=\"text-align: justify;\">D\u00edaz, que ha animado a vecinos y visitantes a disfrutar de una jornada festiva, ha se\u00f1alado asimismo que esta efem\u00e9ride \u00abnos brinda la oportunidad de reflexionar sobre el pasado, presente y futuro de la Convenci\u00f3n de Patrimonio Mundial, de la que este a\u00f1o celebramos su 50 aniversario\u00bb.<\/p>\n<p class=\"voc-paragraph\" style=\"text-align: justify;\">Las invitaciones para la jornada de puertas abiertas en la Alhambra estar\u00e1n disponibles a partir del 11 de noviembre en la p\u00e1gina web tickets.alhambra-patronato.es, mientras que la entrada a los monumentos andalus\u00edes, entre los que se encuentra el Ba\u00f1uelo, la Casa Morisca Horno de Oro o el Palacio de Dar al-Horra, entre otros, ser\u00e1 libre hasta completar el aforo el pr\u00f3ximo 16 de noviembre. Un a\u00f1o m\u00e1s, el Patronato de la Alhambra y Generalife reservar\u00e1 entradas para las asociaciones culturales y educativas de la provincia de Granada, que se podr\u00e1n solicitar antes del 10 de noviembre en el correo electr\u00f3nico reservasinstituciones.pag@juntadendalucia.es La solicitud deber\u00e1 incluir una copia de los estatutos de la asociaci\u00f3n. M\u00e1ximo de 30 entradas por colectivo.<\/p>\n<p class=\"voc-paragraph\" style=\"text-align: justify;\">Las actividades culturales programadas con motivo del D\u00eda Internacional del Patrimonio Mundial incluyen distintas visitas guiadas el 16 de noviembre. A las 10:00 horas, visita a los talleres de artesanos de la Alhambra a cargo de Elena Correa y una ruta por la geolog\u00eda de la Alhambra guiada por Juan Jim\u00e9nez Pintor. El Patronato de la Alhambra y Generalife tambi\u00e9n ha programado para el 17 de noviembre una visita en el Museo de la Alhambra, donde Purificaci\u00f3n Marinetto explicar\u00e1 las piezas que se conservan del Marist\u00e1n de Granada.<\/p>\n<p class=\"voc-paragraph\" style=\"text-align: justify;\">Igualmente, y con el objetivo de profundizar en su reciente restauraci\u00f3n, se ha organizado una jornada t\u00e9cnica titulada &#8216;La restauraci\u00f3n del p\u00f3rtico sur del Marist\u00e1n&#8217;, a cargo de Antonio Campos, Pedro Salmer\u00f3n, Francisco Campos, \u00c1ngel Rodr\u00edguez y Jos\u00e9 Mar\u00eda Rodr\u00edguez-Acosta. Ser\u00e1 el 17 de noviembre, de 9:00 a 14:00 horas, en el Sal\u00f3n de Conferencias del Palacio de Carlos V.<\/p>\n<\/div>\n","protected":false},"excerpt":{"rendered":"<p>Las entradas disponibles para asociaciones ya se pueden solicitar El Patronato de la Alhambra y&#8230;<\/p>\n","protected":false},"author":1,"featured_media":57082,"comment_status":"closed","ping_status":"closed","sticky":false,"template":"","format":"standard","meta":{"_coblocks_attr":"","_coblocks_dimensions":"","_coblocks_responsive_height":"","_coblocks_accordion_ie_support":"","jetpack_post_was_ever_published":false,"_jetpack_newsletter_access":"","_jetpack_dont_email_post_to_subs":false,"_jetpack_newsletter_tier_id":0,"_jetpack_memberships_contains_paywalled_content":false,"_jetpack_memberships_contains_paid_content":false,"footnotes":"","jetpack_publicize_message":"","jetpack_publicize_feature_enabled":true,"jetpack_social_post_already_shared":true,"jetpack_social_options":{"image_generator_settings":{"template":"highway","default_image_id":0,"enabled":false},"version":2}},"categories":[1161,44,15],"tags":[134,9679],"class_list":["post-57081","post","type-post","status-publish","format-standard","has-post-thumbnail","hentry","category-ciudadania","category-noticias-de-hoy","category-ultimas-noticias","tag-alhambra","tag-puertas-abietas"],"jetpack_publicize_connections":[],"jetpack_featured_media_url":"https:\/\/i0.wp.com\/miradordeatarfe.es\/wp-content\/uploads\/2022\/10\/Foto_Alhambra_Patio-Arrayanes-kN2G-U180517654824v5G-624x385%40Ideal.jpg?fit=624%2C385&ssl=1","jetpack_likes_enabled":true,"jetpack_sharing_enabled":true,"_links":{"self":[{"href":"https:\/\/miradordeatarfe.es\/index.php?rest_route=\/wp\/v2\/posts\/57081","targetHints":{"allow":["GET"]}}],"collection":[{"href":"https:\/\/miradordeatarfe.es\/index.php?rest_route=\/wp\/v2\/posts"}],"about":[{"href":"https:\/\/miradordeatarfe.es\/index.php?rest_route=\/wp\/v2\/types\/post"}],"author":[{"embeddable":true,"href":"https:\/\/miradordeatarfe.es\/index.php?rest_route=\/wp\/v2\/users\/1"}],"replies":[{"embeddable":true,"href":"https:\/\/miradordeatarfe.es\/index.php?rest_route=%2Fwp%2Fv2%2Fcomments&post=57081"}],"version-history":[{"count":1,"href":"https:\/\/miradordeatarfe.es\/index.php?rest_route=\/wp\/v2\/posts\/57081\/revisions"}],"predecessor-version":[{"id":57083,"href":"https:\/\/miradordeatarfe.es\/index.php?rest_route=\/wp\/v2\/posts\/57081\/revisions\/57083"}],"wp:featuredmedia":[{"embeddable":true,"href":"https:\/\/miradordeatarfe.es\/index.php?rest_route=\/wp\/v2\/media\/57082"}],"wp:attachment":[{"href":"https:\/\/miradordeatarfe.es\/index.php?rest_route=%2Fwp%2Fv2%2Fmedia&parent=57081"}],"wp:term":[{"taxonomy":"category","embeddable":true,"href":"https:\/\/miradordeatarfe.es\/index.php?rest_route=%2Fwp%2Fv2%2Fcategories&post=57081"},{"taxonomy":"post_tag","embeddable":true,"href":"https:\/\/miradordeatarfe.es\/index.php?rest_route=%2Fwp%2Fv2%2Ftags&post=57081"}],"curies":[{"name":"wp","href":"https:\/\/api.w.org\/{rel}","templated":true}]}}