{"id":57097,"date":"2022-10-30T08:16:58","date_gmt":"2022-10-30T07:16:58","guid":{"rendered":"https:\/\/miradordeatarfe.es\/?p=57097"},"modified":"2022-10-29T12:51:00","modified_gmt":"2022-10-29T10:51:00","slug":"cambio-de-hora-util-y-eficaz","status":"publish","type":"post","link":"https:\/\/miradordeatarfe.es\/?p=57097","title":{"rendered":"Cambio de hora, \u00bf\u00fatil y eficaz?"},"content":{"rendered":"<h2 style=\"text-align: justify;\">El economista y asesor de empresas, Doroteo Gonz\u00e1lez, reflexiona sobre el reci\u00e9n estrenado cambio horario<\/h2>\n<div class=\"cnt-txt\">\n<p style=\"text-align: justify;\">El cambio horario sigue alimentando controversias donde, tanto a favor como en contra, se argumenta sobre el ahorro energ\u00e9tico y econ\u00f3mico o la repercusi\u00f3n que tiene en nuestro organismo. La pol\u00e9mica est\u00e1 m\u00e1s viva que nunca porque los cambios horarios pueden provocar, entre otras cosas, disfunciones en la jornada laboral y la vida diaria de las personas.<\/p>\n<p style=\"text-align: justify;\">Cada vez m\u00e1s expertos abogan por mantener un mismo horario todo el a\u00f1o cuestionando los fundamentos de la medida puesta en marcha hace casi 50 a\u00f1os para el ahorro energ\u00e9tico y la productividad empresarial. Pero esa iniciativa hoy ya no es la soluci\u00f3n, adictos como somos a las <i>iberdrolas<\/i> y el <i>masterchef <\/i>de turno la clave est\u00e1 en dotarnos de otros ritmos cotidianos, reorganizar de manera m\u00e1s eficiente nuestros h\u00e1bitos y hacerlos compatibles con horarios racionales y com\u00fanmente aceptados.<\/p>\n<p style=\"text-align: justify;\">Buena semana.<\/p>\n<p><a href=\"https:\/\/i0.wp.com\/miradordeatarfe.es\/wp-content\/uploads\/2022\/10\/indiceH.jpg?ssl=1\"><img data-recalc-dims=\"1\" loading=\"lazy\" decoding=\"async\" class=\"alignnone wp-image-57098 \" src=\"https:\/\/i0.wp.com\/miradordeatarfe.es\/wp-content\/uploads\/2022\/10\/indiceH.jpg?resize=489%2C274&#038;ssl=1\" alt=\"\" width=\"489\" height=\"274\" \/><\/a><\/p>\n<p><a class=\"au-wb\" title=\"Doroteo Gonz\u00e1lez\" href=\"https:\/\/cadenaser.com\/autor\/doroteo_gonzalez_pastor\/a\/\"><strong>Doroteo Gonz\u00e1lez<\/strong><\/a><\/p>\n<p>https:\/\/cadenaser.com\/castillayleon\/2022\/10\/28\/cambio-de-hora-util-y-eficaz-radio-palencia\/<\/p>\n<p>&nbsp;<\/p>\n<\/div>\n","protected":false},"excerpt":{"rendered":"<p>El economista y asesor de empresas, Doroteo Gonz\u00e1lez, reflexiona sobre el reci\u00e9n estrenado cambio horario&#8230;<\/p>\n","protected":false},"author":1,"featured_media":57099,"comment_status":"closed","ping_status":"closed","sticky":false,"template":"","format":"standard","meta":{"_coblocks_attr":"","_coblocks_dimensions":"","_coblocks_responsive_height":"","_coblocks_accordion_ie_support":"","jetpack_post_was_ever_published":false,"_jetpack_newsletter_access":"","_jetpack_dont_email_post_to_subs":false,"_jetpack_newsletter_tier_id":0,"_jetpack_memberships_contains_paywalled_content":false,"_jetpack_memberships_contains_paid_content":false,"footnotes":"","jetpack_publicize_message":"","jetpack_publicize_feature_enabled":true,"jetpack_social_post_already_shared":true,"jetpack_social_options":{"image_generator_settings":{"template":"highway","default_image_id":0,"enabled":false},"version":2}},"categories":[1161,44,7671,6937,15],"tags":[9680],"class_list":["post-57097","post","type-post","status-publish","format-standard","has-post-thumbnail","hentry","category-ciudadania","category-noticias-de-hoy","category-politica","category-sociedad","category-ultimas-noticias","tag-cambio-der-hora"],"jetpack_publicize_connections":[],"jetpack_featured_media_url":"https:\/\/i0.wp.com\/miradordeatarfe.es\/wp-content\/uploads\/2022\/10\/images-1.png?fit=300%2C168&ssl=1","jetpack_likes_enabled":true,"jetpack_sharing_enabled":true,"_links":{"self":[{"href":"https:\/\/miradordeatarfe.es\/index.php?rest_route=\/wp\/v2\/posts\/57097","targetHints":{"allow":["GET"]}}],"collection":[{"href":"https:\/\/miradordeatarfe.es\/index.php?rest_route=\/wp\/v2\/posts"}],"about":[{"href":"https:\/\/miradordeatarfe.es\/index.php?rest_route=\/wp\/v2\/types\/post"}],"author":[{"embeddable":true,"href":"https:\/\/miradordeatarfe.es\/index.php?rest_route=\/wp\/v2\/users\/1"}],"replies":[{"embeddable":true,"href":"https:\/\/miradordeatarfe.es\/index.php?rest_route=%2Fwp%2Fv2%2Fcomments&post=57097"}],"version-history":[{"count":1,"href":"https:\/\/miradordeatarfe.es\/index.php?rest_route=\/wp\/v2\/posts\/57097\/revisions"}],"predecessor-version":[{"id":57100,"href":"https:\/\/miradordeatarfe.es\/index.php?rest_route=\/wp\/v2\/posts\/57097\/revisions\/57100"}],"wp:featuredmedia":[{"embeddable":true,"href":"https:\/\/miradordeatarfe.es\/index.php?rest_route=\/wp\/v2\/media\/57099"}],"wp:attachment":[{"href":"https:\/\/miradordeatarfe.es\/index.php?rest_route=%2Fwp%2Fv2%2Fmedia&parent=57097"}],"wp:term":[{"taxonomy":"category","embeddable":true,"href":"https:\/\/miradordeatarfe.es\/index.php?rest_route=%2Fwp%2Fv2%2Fcategories&post=57097"},{"taxonomy":"post_tag","embeddable":true,"href":"https:\/\/miradordeatarfe.es\/index.php?rest_route=%2Fwp%2Fv2%2Ftags&post=57097"}],"curies":[{"name":"wp","href":"https:\/\/api.w.org\/{rel}","templated":true}]}}