{"id":57122,"date":"2022-11-02T11:00:54","date_gmt":"2022-11-02T10:00:54","guid":{"rendered":"https:\/\/miradordeatarfe.es\/?p=57122"},"modified":"2022-11-02T14:25:32","modified_gmt":"2022-11-02T13:25:32","slug":"atarfe-sostenible-nos-propone-seguir-con-el-compromiso-con-el-medio-ambiente","status":"publish","type":"post","link":"https:\/\/miradordeatarfe.es\/?p=57122","title":{"rendered":"ATARFE SOSTENIBLE NOS PROPONE SEGUIR CON EL COMPROMISO CON EL MEDIO AMBIENTE."},"content":{"rendered":"<h3><strong><em>Peque\u00f1as acciones, realizadas diariamente, por millones de personas, transforman el mundo. <\/em><\/strong><strong><em>\u00a1S\u00c9 T\u00da, SED VOSOTROS PARTE DE LA TRANSFORAMACI\u00d3N!\u00a0 <\/em><\/strong><strong>\u00a1\u00a1\u00a1Vamos a reducir el consumo energ\u00e9tico!!!<\/strong><\/h3>\n<p>Ya conocemos los efectos del uso de fuentes de energ\u00eda basadas en la quema de combustibles f\u00f3siles. Avancemos en nuestro compromiso con REDUCIR el consumo energ\u00e9tico. Puesto que las emisiones son debidas principalmente al sistema energ\u00e9tico actual, basado en la quema de combustibles f\u00f3siles: ATARFE SOSTENIBLE nos propone dos caminos :<\/p>\n<p>a) <em>reducir el consumo<\/em>;<\/p>\n<p>b) <em>sustituir completa de combustibles f\u00f3siles por energ\u00edas renovables<\/em>.<\/p>\n<p><strong>Nos ofrecen ideas de peque\u00f1as acciones para conseguir grandes resultados:<\/strong><\/p>\n<p><strong><em>\u00a1Comienza por ti misma\/o!<\/em><\/strong><em>\u00a0<\/em><strong><em>\u00a1MEJOR<\/em><\/strong><em>, <\/em><strong><em>hacedlo juntos toda la familia o grupo de convivencia!<\/em><\/strong><em>\u00a0Revisad hogar y h\u00e1bitos. Hay que ponerse en marcha ya, cambiando algunas peque\u00f1as cosas, pasando gradualmente a las m\u00e1s dif\u00edciles<\/em>. Aqu\u00ed encontrar\u00e1s ideas y razones.<\/p>\n<p>Veamos algunas ideas que vamos a ir publicando durante estos dias y que\u00a0 nos proponen, la primera es :<\/p>\n<h3>DESPLAZAMIENTO DE FORMA SOSTENIBLE<\/h3>\n<p>DESPLAZAMIENTO SOSTENIBLE ES:\u00a0 ir caminando, en transporte p\u00fablico, compartiendo veh\u00edculo, en bici\u2026<\/p>\n<p>El planeta, tu bolsillo y tu coraz\u00f3n te lo agradecer\u00e1n. en largos recorridos selecciona el menos contaminante. Atarfe no es un pueblo grande, la mayor\u00eda del alumnado vive cerca del colegio o del instituto, cerca quiere decir que se puede ir andando, dando un paseo.<\/p>\n<p>Muchas veces, creemos que se tarda menos, pero si contamos el tiempo de sacar el coche de la cochera, subirnos, recorrer el camino con otros muchos coches\u2026no aventajamos nada. Y hay que volver a casa, doble recorrido, doble consumo, doble contaminaci\u00f3n.<\/p>\n<p>Adem\u00e1s, los coches, en trayectos cortos y con paradas pueden consumir hasta el doble de combustible que por carretera.<\/p>\n<p><em>\u00a1Ir andando al colegio tiene ventajas ambientales, personales y sociales!<\/em><\/p>\n<p><a href=\"https:\/\/i0.wp.com\/miradordeatarfe.es\/wp-content\/uploads\/2022\/11\/desplazate.jpeg?ssl=1\"><img data-recalc-dims=\"1\" loading=\"lazy\" decoding=\"async\" class=\"alignnone size-full wp-image-57123\" src=\"https:\/\/i0.wp.com\/miradordeatarfe.es\/wp-content\/uploads\/2022\/11\/desplazate.jpeg?resize=640%2C641&#038;ssl=1\" alt=\"\" width=\"640\" height=\"641\" srcset=\"https:\/\/i0.wp.com\/miradordeatarfe.es\/wp-content\/uploads\/2022\/11\/desplazate.jpeg?w=1241&amp;ssl=1 1241w, https:\/\/i0.wp.com\/miradordeatarfe.es\/wp-content\/uploads\/2022\/11\/desplazate.jpeg?resize=300%2C300&amp;ssl=1 300w, https:\/\/i0.wp.com\/miradordeatarfe.es\/wp-content\/uploads\/2022\/11\/desplazate.jpeg?resize=1024%2C1024&amp;ssl=1 1024w, https:\/\/i0.wp.com\/miradordeatarfe.es\/wp-content\/uploads\/2022\/11\/desplazate.jpeg?resize=150%2C150&amp;ssl=1 150w, https:\/\/i0.wp.com\/miradordeatarfe.es\/wp-content\/uploads\/2022\/11\/desplazate.jpeg?resize=768%2C769&amp;ssl=1 768w\" sizes=\"auto, (max-width: 640px) 100vw, 640px\" \/><\/a><\/p>\n<p>&nbsp;<\/p>\n","protected":false},"excerpt":{"rendered":"<p>Peque\u00f1as acciones, realizadas diariamente, por millones de personas, transforman el mundo. \u00a1S\u00c9 T\u00da, SED VOSOTROS&#8230;<\/p>\n","protected":false},"author":1,"featured_media":57128,"comment_status":"closed","ping_status":"closed","sticky":false,"template":"","format":"standard","meta":{"_coblocks_attr":"","_coblocks_dimensions":"","_coblocks_responsive_height":"","_coblocks_accordion_ie_support":"","jetpack_post_was_ever_published":false,"_jetpack_newsletter_access":"","_jetpack_dont_email_post_to_subs":false,"_jetpack_newsletter_tier_id":0,"_jetpack_memberships_contains_paywalled_content":false,"_jetpack_memberships_contains_paid_content":false,"footnotes":"","jetpack_publicize_message":"","jetpack_publicize_feature_enabled":true,"jetpack_social_post_already_shared":true,"jetpack_social_options":{"image_generator_settings":{"template":"highway","default_image_id":0,"enabled":false},"version":2}},"categories":[2,7725,1161,9,44,6937,15,10],"tags":[7726,9686],"class_list":["post-57122","post","type-post","status-publish","format-standard","has-post-thumbnail","hentry","category-atarfe","category-atarfe-sostenible","category-ciudadania","category-medio-ambiente","category-noticias-de-hoy","category-sociedad","category-ultimas-noticias","category-salud","tag-atarfe-sostenible","tag-desplazamientos"],"jetpack_publicize_connections":[],"jetpack_featured_media_url":"https:\/\/i0.wp.com\/miradordeatarfe.es\/wp-content\/uploads\/2022\/11\/Imagen-patinete-bicicletas-circulando-Larios_1539456566_130992455_667x375.jpg?fit=667%2C375&ssl=1","jetpack_likes_enabled":true,"jetpack_sharing_enabled":true,"_links":{"self":[{"href":"https:\/\/miradordeatarfe.es\/index.php?rest_route=\/wp\/v2\/posts\/57122","targetHints":{"allow":["GET"]}}],"collection":[{"href":"https:\/\/miradordeatarfe.es\/index.php?rest_route=\/wp\/v2\/posts"}],"about":[{"href":"https:\/\/miradordeatarfe.es\/index.php?rest_route=\/wp\/v2\/types\/post"}],"author":[{"embeddable":true,"href":"https:\/\/miradordeatarfe.es\/index.php?rest_route=\/wp\/v2\/users\/1"}],"replies":[{"embeddable":true,"href":"https:\/\/miradordeatarfe.es\/index.php?rest_route=%2Fwp%2Fv2%2Fcomments&post=57122"}],"version-history":[{"count":2,"href":"https:\/\/miradordeatarfe.es\/index.php?rest_route=\/wp\/v2\/posts\/57122\/revisions"}],"predecessor-version":[{"id":57127,"href":"https:\/\/miradordeatarfe.es\/index.php?rest_route=\/wp\/v2\/posts\/57122\/revisions\/57127"}],"wp:featuredmedia":[{"embeddable":true,"href":"https:\/\/miradordeatarfe.es\/index.php?rest_route=\/wp\/v2\/media\/57128"}],"wp:attachment":[{"href":"https:\/\/miradordeatarfe.es\/index.php?rest_route=%2Fwp%2Fv2%2Fmedia&parent=57122"}],"wp:term":[{"taxonomy":"category","embeddable":true,"href":"https:\/\/miradordeatarfe.es\/index.php?rest_route=%2Fwp%2Fv2%2Fcategories&post=57122"},{"taxonomy":"post_tag","embeddable":true,"href":"https:\/\/miradordeatarfe.es\/index.php?rest_route=%2Fwp%2Fv2%2Ftags&post=57122"}],"curies":[{"name":"wp","href":"https:\/\/api.w.org\/{rel}","templated":true}]}}