{"id":57129,"date":"2022-11-03T11:18:41","date_gmt":"2022-11-03T10:18:41","guid":{"rendered":"https:\/\/miradordeatarfe.es\/?p=57129"},"modified":"2022-11-02T14:25:20","modified_gmt":"2022-11-02T13:25:20","slug":"atarfe-sostenible-vamos-a-reducir-el-consumo-energetico-te-animas","status":"publish","type":"post","link":"https:\/\/miradordeatarfe.es\/?p=57129","title":{"rendered":"ATARFE SOSTENIBLE: \u00a1\u00a1\u00a1Vamos a reducir el consumo  DE AGUA!!! \u2026 \u00bfTe animas?"},"content":{"rendered":"<p>SEGUNDA IDEA QUE NOS PROPONE ATARFE SOSTENIBLE PARA MEJORAR NUESTRA LUCHA PERSONAL CONTRA EL CAMBIO CLIM\u00c1TICO<\/p>\n<p><strong><em>Peque\u00f1as acciones, realizadas diariamente, por millones de personas, transforman el mundo. <\/em><\/strong><strong><em>\u00a1S\u00c9 T\u00da, SED VOSOTROS PARTE DE LA TRANSFORAMACI\u00d3N!<\/em><\/strong><\/p>\n<h3><strong>D\u00fachate r\u00e1pido <\/strong>y cierra el grifo mientras te enjabonas.<\/h3>\n<h3><strong>Aprovecha la ropa<\/strong>, no laves innecesariamente. Cuida la ropa, no compres lo que no necesitas\u00a0solo porque es barato. <strong>Practica el trueke entre amistades y familiares<\/strong><strong>.<\/strong><\/h3>\n<p>Si sabes que no vas a volver a usar ese block de dibujo t\u00e9cnico o ese l\u00e1piz de carboncillo, \u00bfpor qu\u00e9 tenerlos aburridos en casa? Intercambia ese material escolar por otro que precises y <a href=\"http:\/\/blog.oxfamintermon.org\/economia-solidaria-para-la-vuelta-al-cole\/\"><u>prueba el consumo colaborativo<\/u><\/a>. Tambi\u00e9n dispones de plataformas como <a href=\"http:\/\/www.truekalo.com\/\"><u>Truekalo<\/u><\/a>\u00a0u <a href=\"http:\/\/obsso.com\/\"><u>Obsso<\/u><\/a><a href=\"http:\/\/obsso.com\/\">\u00a0<\/a>centradas en el intercambio gratuito entre particulares, o <a href=\"http:\/\/www.donaz.es\/\"><u>Donaz<\/u><\/a><a href=\"http:\/\/www.donaz.es\/\">\u00a0<\/a>en el caso de los libros.<\/p>\n<p><a href=\"https:\/\/i0.wp.com\/miradordeatarfe.es\/wp-content\/uploads\/2022\/11\/duchate.jpeg?ssl=1\"><img data-recalc-dims=\"1\" loading=\"lazy\" decoding=\"async\" class=\"alignnone size-full wp-image-57130\" src=\"https:\/\/i0.wp.com\/miradordeatarfe.es\/wp-content\/uploads\/2022\/11\/duchate.jpeg?resize=640%2C641&#038;ssl=1\" alt=\"\" width=\"640\" height=\"641\" srcset=\"https:\/\/i0.wp.com\/miradordeatarfe.es\/wp-content\/uploads\/2022\/11\/duchate.jpeg?w=1241&amp;ssl=1 1241w, https:\/\/i0.wp.com\/miradordeatarfe.es\/wp-content\/uploads\/2022\/11\/duchate.jpeg?resize=300%2C300&amp;ssl=1 300w, https:\/\/i0.wp.com\/miradordeatarfe.es\/wp-content\/uploads\/2022\/11\/duchate.jpeg?resize=1024%2C1024&amp;ssl=1 1024w, https:\/\/i0.wp.com\/miradordeatarfe.es\/wp-content\/uploads\/2022\/11\/duchate.jpeg?resize=150%2C150&amp;ssl=1 150w, https:\/\/i0.wp.com\/miradordeatarfe.es\/wp-content\/uploads\/2022\/11\/duchate.jpeg?resize=768%2C769&amp;ssl=1 768w\" sizes=\"auto, (max-width: 640px) 100vw, 640px\" \/><\/a><\/p>\n<p><a href=\"https:\/\/i0.wp.com\/miradordeatarfe.es\/wp-content\/uploads\/2022\/11\/Imagen1.png?ssl=1\"><img data-recalc-dims=\"1\" loading=\"lazy\" decoding=\"async\" class=\"alignnone size-full wp-image-57131\" src=\"https:\/\/i0.wp.com\/miradordeatarfe.es\/wp-content\/uploads\/2022\/11\/Imagen1.png?resize=640%2C620&#038;ssl=1\" alt=\"\" width=\"640\" height=\"620\" srcset=\"https:\/\/i0.wp.com\/miradordeatarfe.es\/wp-content\/uploads\/2022\/11\/Imagen1.png?w=1140&amp;ssl=1 1140w, https:\/\/i0.wp.com\/miradordeatarfe.es\/wp-content\/uploads\/2022\/11\/Imagen1.png?resize=300%2C291&amp;ssl=1 300w, https:\/\/i0.wp.com\/miradordeatarfe.es\/wp-content\/uploads\/2022\/11\/Imagen1.png?resize=1024%2C993&amp;ssl=1 1024w, https:\/\/i0.wp.com\/miradordeatarfe.es\/wp-content\/uploads\/2022\/11\/Imagen1.png?resize=768%2C744&amp;ssl=1 768w\" sizes=\"auto, (max-width: 640px) 100vw, 640px\" \/><\/a><\/p>\n","protected":false},"excerpt":{"rendered":"<p>SEGUNDA IDEA QUE NOS PROPONE ATARFE SOSTENIBLE PARA MEJORAR NUESTRA LUCHA PERSONAL CONTRA EL CAMBIO&#8230;<\/p>\n","protected":false},"author":1,"featured_media":57132,"comment_status":"closed","ping_status":"closed","sticky":false,"template":"","format":"standard","meta":{"_coblocks_attr":"","_coblocks_dimensions":"","_coblocks_responsive_height":"","_coblocks_accordion_ie_support":"","jetpack_post_was_ever_published":false,"_jetpack_newsletter_access":"","_jetpack_dont_email_post_to_subs":false,"_jetpack_newsletter_tier_id":0,"_jetpack_memberships_contains_paywalled_content":false,"_jetpack_memberships_contains_paid_content":false,"footnotes":"","jetpack_publicize_message":"","jetpack_publicize_feature_enabled":true,"jetpack_social_post_already_shared":true,"jetpack_social_options":{"image_generator_settings":{"template":"highway","default_image_id":0,"enabled":false},"version":2}},"categories":[2,7725,1161,186,9,44,6937,15],"tags":[7726,9687,99,325],"class_list":["post-57129","post","type-post","status-publish","format-standard","has-post-thumbnail","hentry","category-atarfe","category-atarfe-sostenible","category-ciudadania","category-instituciones","category-medio-ambiente","category-noticias-de-hoy","category-sociedad","category-ultimas-noticias","tag-atarfe-sostenible","tag-ducharse","tag-medio-ambiente","tag-ropa"],"jetpack_publicize_connections":[],"jetpack_featured_media_url":"https:\/\/i0.wp.com\/miradordeatarfe.es\/wp-content\/uploads\/2022\/11\/AM_Bebe_ducha.jpg.resize.1200.580.center.center.jpeg?fit=1200%2C580&ssl=1","jetpack_likes_enabled":true,"jetpack_sharing_enabled":true,"_links":{"self":[{"href":"https:\/\/miradordeatarfe.es\/index.php?rest_route=\/wp\/v2\/posts\/57129","targetHints":{"allow":["GET"]}}],"collection":[{"href":"https:\/\/miradordeatarfe.es\/index.php?rest_route=\/wp\/v2\/posts"}],"about":[{"href":"https:\/\/miradordeatarfe.es\/index.php?rest_route=\/wp\/v2\/types\/post"}],"author":[{"embeddable":true,"href":"https:\/\/miradordeatarfe.es\/index.php?rest_route=\/wp\/v2\/users\/1"}],"replies":[{"embeddable":true,"href":"https:\/\/miradordeatarfe.es\/index.php?rest_route=%2Fwp%2Fv2%2Fcomments&post=57129"}],"version-history":[{"count":2,"href":"https:\/\/miradordeatarfe.es\/index.php?rest_route=\/wp\/v2\/posts\/57129\/revisions"}],"predecessor-version":[{"id":57134,"href":"https:\/\/miradordeatarfe.es\/index.php?rest_route=\/wp\/v2\/posts\/57129\/revisions\/57134"}],"wp:featuredmedia":[{"embeddable":true,"href":"https:\/\/miradordeatarfe.es\/index.php?rest_route=\/wp\/v2\/media\/57132"}],"wp:attachment":[{"href":"https:\/\/miradordeatarfe.es\/index.php?rest_route=%2Fwp%2Fv2%2Fmedia&parent=57129"}],"wp:term":[{"taxonomy":"category","embeddable":true,"href":"https:\/\/miradordeatarfe.es\/index.php?rest_route=%2Fwp%2Fv2%2Fcategories&post=57129"},{"taxonomy":"post_tag","embeddable":true,"href":"https:\/\/miradordeatarfe.es\/index.php?rest_route=%2Fwp%2Fv2%2Ftags&post=57129"}],"curies":[{"name":"wp","href":"https:\/\/api.w.org\/{rel}","templated":true}]}}