{"id":5713,"date":"2016-01-01T07:43:21","date_gmt":"2016-01-01T07:43:21","guid":{"rendered":"http:\/\/miradordeatarfe.es\/?p=5713"},"modified":"2015-12-31T10:07:07","modified_gmt":"2015-12-31T10:07:07","slug":"las-noticias-mas-vistas-del-ano-2015-en-el-pais","status":"publish","type":"post","link":"https:\/\/miradordeatarfe.es\/?p=5713","title":{"rendered":"Las noticias m\u00e1s vistas del a\u00f1o 2015 en el Pais"},"content":{"rendered":"<p>Los atentados del 13-N en Par\u00eds han sido el tema m\u00e1s le\u00eddo en la web de EL PA\u00cdS,El resumen de 2015 se puede medir a trav\u00e9s de las noticias que m\u00e1s han consultado nuestros lectores.<!--more--><\/p>\n<div class=\"columna_texto\">\n<div id=\"cuerpo_noticia\" class=\"cuerpo_noticia\">\n<p>\u00a0Los atentados en Par\u00eds del 13 de noviembre, las elecciones generales y el accidente a\u00e9reo en Los Alpes han sido tres de los temas que m\u00e1s han interesado a la audiencia.<\/p>\n<h3>1. <a href=\"http:\/\/internacional.elpais.com\/internacional\/2015\/11\/13\/actualidad\/1447449607_131675.html\" target=\"_blank\">M\u00e1s de 120 muertos en los atentados de Par\u00eds<\/a><\/h3>\n<p>La noticia que anuncia el primer recuento de v\u00edctimas en los ataques que se produjeron el 13 de noviembre en la capital francesa fue la m\u00e1s le\u00edda de 2015. Si bien la cantidad total de muertos fue de 130, la primera noticia anunciaba que, seg\u00fan un recuento provisional de la polic\u00eda, al menos\u00a0120 personas hab\u00edan fallecido y decenas hab\u00edan resultado heridas en el ataque terrorista.<\/p>\n<h3>2. <a href=\"http:\/\/elpais.com\/elpais\/2015\/12\/20\/media\/1450594744_312762.html\" target=\"_blank\">Cobertura en directo de las elecciones generales\u00a0<\/a><\/h3>\n<p>La informaci\u00f3n en vivo de las elecciones generales del 20 de diciembre en Espa\u00f1a. Los resultados, las reacciones de los candidatos, las historias de los votantes, v\u00eddeos y fotogaler\u00edas.<\/p>\n<h3>3. <a href=\"http:\/\/internacional.elpais.com\/internacional\/2015\/11\/13\/actualidad\/1447451281_752084.html\" target=\"_blank\">Directo | La \u00faltima hora del 13-N<\/a><\/h3>\n<p>La informaci\u00f3n en vivo de los ataques terroristas se mantuvo una semana con las \u00faltimas novedades e investigaciones, declaraciones, reportajes, v\u00eddeos y fotogaler\u00edas.<\/p>\n<h3>4. <a href=\"http:\/\/verne.elpais.com\/verne\/2015\/03\/26\/articulo\/1427397418_000579.html\" target=\"_blank\">El \u00abpremonitorio\u00bb v\u00eddeo de Pablo Motos sobre un accidente a\u00e9reo<\/a><\/h3>\n<p><em>Verne<\/em> cont\u00f3 la sorprendente historia de un v\u00eddeo de 2011 de <em>El Hormiguero<\/em> publicado por un usuario de Facebook que, tras la tragedia a\u00e9rea de Germanwings, se dispar\u00f3 en visitas: hasta 4,4 millones en una semana. El 24 de marzo de 2015, un avi\u00f3n que sali\u00f3 de Barcelona <a href=\"http:\/\/elpais.com\/tag\/vuelo_gwi9525\/a\/\">se estrell\u00f3 en los Alpes franceses<\/a>. Hasta ese momento, el v\u00eddeo de Pablo Motos solo ten\u00eda dos comentarios en esa red social. Una semana despu\u00e9s ten\u00eda 360 comentarios y m\u00e1s de 4,4 millones de reproducciones.<\/p>\n<h3>5. <a href=\"http:\/\/politica.elpais.com\/politica\/2015\/03\/24\/actualidad\/1427193661_204978.html\" target=\"_blank\">Mueren 150 personas al estrellarse un avi\u00f3n alem\u00e1n en Los Alpes<\/a><\/h3>\n<p>La quinta noticia m\u00e1s le\u00edda del a\u00f1o es la informaci\u00f3n principal del accidente de Germanwings. Un avi\u00f3n de la compa\u00f1\u00eda alemana que realizaba el trayecto Barcelona-D\u00fcsseldorf con 150 personas a bordo se estrell\u00f3 el 24 de marzo en los Alpes, en un lugar de muy dif\u00edcil acceso por carretera. D\u00edas despu\u00e9s se supo que el copiloto, Andreas Lubitz, que sufr\u00eda una enfermedad ps\u00edquica, pudo estrellar <a href=\"http:\/\/internacional.elpais.com\/internacional\/2015\/05\/06\/actualidad\/1430898233_013077.html\" target=\"_blank\">intencionadamente la aeronave<\/a>.<\/p>\n<h3>6. <a href=\"http:\/\/elpais.com\/elpais\/2015\/07\/15\/icon\/1436959269_596682.html\" target=\"_blank\">Siete momentos en los que Pixar olvid\u00f3 que hab\u00eda ni\u00f1os en la sala<\/a><\/h3>\n<div id=\"sumario_9|foto\" class=\"derecha\"><a name=\"sumario_9\"><\/a><\/p>\n<div class=\"media\">\n<div class=\"foto figure\"><img data-recalc-dims=\"1\" loading=\"lazy\" decoding=\"async\" title=\"Las noticias m\u00e1s vistas del a\u00f1o 2015\" src=\"https:\/\/i0.wp.com\/ep01.epimg.net\/elpais\/imagenes\/2015\/12\/17\/actualidad\/1450377139_488001_1450888333_sumario_normal.jpg?resize=300%2C300\" alt=\"Las noticias m\u00e1s vistas del a\u00f1o 2015\" width=\"300\" height=\"300\" \/><\/div>\n<\/div>\n<\/div>\n<p>El impacto de Pixar en la cultura popular colectiva camina entre el entretenimiento masivo y <a href=\"http:\/\/pixar-animation.weebly.com\/older-audience.html\">un<\/a> <a href=\"http:\/\/pixar-animation.weebly.com\/older-audience.html\">revolucionario<\/a> <a href=\"http:\/\/pixar-animation.weebly.com\/older-audience.html\">concepto<\/a> <a href=\"http:\/\/pixar-animation.weebly.com\/older-audience.html\">de<\/a> <a href=\"http:\/\/pixar-animation.weebly.com\/older-audience.html\">\u00abpara todos los p\u00fablicos<\/a>\u00ab. ICON desentra\u00f1\u00f3 c\u00f3mo la productora, que hab\u00eda estrenado en julio <em>Del rev\u00e9s (Inside out)<\/em>, env\u00eda en sus pel\u00edculas mensajes a los padres que los ni\u00f1os, felizmente, no captan.<\/p>\n<h3>7. <a href=\"http:\/\/politica.elpais.com\/politica\/2015\/12\/16\/actualidad\/1450289046_564681.html\">Rajoy, agredido por un joven en un paseo electoral en Pontevedra<\/a><\/h3>\n<p>En un paseo electoral en Pontevedra, un joven de 17 a\u00f1os le dio un pu\u00f1etazo en la cara al jefe del Ejecutivo. El agresor, identificado como Andr\u00e9s de V.F, fue internado en un centro de menores.<\/p>\n<h3>8. <a href=\"http:\/\/verne.elpais.com\/verne\/2015\/03\/04\/articulo\/1425496021_139406.html\" target=\"_blank\">13 cosas que solo entender\u00e1s si de peque\u00f1o ten\u00edas pueblo<\/a><\/h3>\n<p>A lo mejor hace a\u00f1os que no lo pisas o solo vas en Navidad para ver a la familia. O tal vez sigues visit\u00e1ndolo todos los meses. Da igual la relaci\u00f3n que tengas ahora con tu pueblo, pero si creciste teniendo uno al que escapar fines de semana y vacaciones, has vivido cosas que tus compa\u00f1eros no pod\u00edan ni imaginar cuando volv\u00edais a reencontraros. Verne te cont\u00f3 todos estos secretos.<\/p>\n<div id=\"sumario_5|foto\" class=\"centro\"><a name=\"sumario_5\"><\/a><\/p>\n<div class=\"media\">\n<div class=\"foto figure\"><img data-recalc-dims=\"1\" loading=\"lazy\" decoding=\"async\" title=\"Las noticias m\u00e1s vistas del a\u00f1o 2015\" src=\"https:\/\/i0.wp.com\/ep01.epimg.net\/elpais\/imagenes\/2015\/12\/17\/actualidad\/1450377139_488001_1450445776_sumario_normal.jpg?resize=560%2C362\" alt=\"Las noticias m\u00e1s vistas del a\u00f1o 2015\" width=\"560\" height=\"362\" \/><\/div>\n<\/div>\n<\/div>\n<h3>9. <a href=\"http:\/\/politica.elpais.com\/politica\/2015\/05\/23\/actualidad\/1432410615_811594.html\" target=\"_blank\">Qu\u00e9 pasa despu\u00e9s del 24-M<\/a><\/h3>\n<p>Tras las elecciones municipales y auton\u00f3micas m\u00e1s abiertas de los \u00faltimos a\u00f1os, se abri\u00f3 un periodo de pactos para que los candidatos pudieran acceder a Ayuntamientos y a la presidencia de los 13 parlamentos auton\u00f3micos que se eleg\u00edan. <a href=\"http:\/\/politica.elpais.com\/politica\/2015\/05\/26\/actualidad\/1432637017_770207.html\">Podemos y Ciudadanos marcaron las condiciones<\/a> con las que promet\u00edan facilitar las investiduras que depend\u00edan de su voto o de su abstenci\u00f3n.<\/p>\n<h3>10. <a href=\"http:\/\/internacional.elpais.com\/internacional\/2015\/11\/14\/actualidad\/1447460657_465745.html\" target=\"_blank\">Lo que se sabe del atentado de Par\u00eds<\/a><\/h3>\n<p>Qui\u00e9nes eran los terroristas, qu\u00e9 sitios fueron atacados, cu\u00e1ntos muertos y heridos hubo o el avance de las investigaciones. Los detalles m\u00e1s importantes de los ataques del 13 de noviembre.<\/p>\n<h3>11. <a href=\"http:\/\/elpais.com\/elpais\/2015\/09\/28\/ciencia\/1443439163_437281.html\" target=\"_blank\">La NASA halla nuevas pruebas de agua l\u00edquida en Marte<\/a><\/h3>\n<p>A finales de septiembre, la Nasa anunciaba \u00abla resoluci\u00f3n del misterio de Marte\u00bb. Los resultados de un estudio, que hab\u00eda analizado p\u00edxel a p\u00edxel las im\u00e1genes de Marte, aportaban pruebas para afirmar que en el planeta rojo hay agua l\u00edquida, muy probablemente salada.<\/p>\n<h3>12. <a href=\"http:\/\/internacional.elpais.com\/internacional\/2015\/03\/26\/actualidad\/1427361510_719172.html\" target=\"_blank\">El fiscal del &#8216;caso Germanwings&#8217;: \u201cDescendi\u00f3 para destruir el avi\u00f3n\u201d<\/a><\/h3>\n<div id=\"sumario_4|foto\" class=\"derecha\"><a name=\"sumario_4\"><\/a><\/p>\n<div class=\"media\">\n<div class=\"foto figure\"><img data-recalc-dims=\"1\" loading=\"lazy\" decoding=\"async\" title=\"Brice Robin, el fiscal de Marsella.\" src=\"https:\/\/i0.wp.com\/ep01.epimg.net\/elpais\/imagenes\/2015\/12\/17\/actualidad\/1450377139_488001_1450446750_sumario_normal.jpg?resize=300%2C410\" alt=\"Brice Robin, el fiscal de Marsella.\" width=\"300\" height=\"410\" \/><\/p>\n<p class=\"figcaption estirar\">Brice Robin, el fiscal de Marsella. \/ <span class=\"firma\">AFP<\/span><\/p>\n<\/div>\n<\/div>\n<\/div>\n<p>Tres d\u00edas despu\u00e9s del accidente del <a href=\"http:\/\/elpais.com\/tag\/vuelo_gwi9525\/a\/\">vuelo GWI9525<\/a> de Germanwings, en el que murieron 150 personas, el fiscal de Marsella compareci\u00f3 ante los medios de comunicaci\u00f3n para contar lo que desvelaba la caja negra: no se trataba de un accidente, sino de un crimen del copiloto por motivos desconocidos en ese momento. Despu\u00e9s se supo que ten\u00eda \u00abtendencias suicidas\u00bb.<\/p>\n<h3>13. <a href=\"http:\/\/internacional.elpais.com\/internacional\/2015\/10\/23\/mexico\/1445612312_039218.html\" target=\"_blank\">En vivo | El hurac\u00e1n Patricia avanza hacia M\u00e9xico<\/a><\/h3>\n<p>En octubre pasado, el hurac\u00e1n Patricia amenazaba las costas del Pac\u00edfico mexicano. La fuerza de sus vientos, de 325 kil\u00f3metros por hora, y la velocidad de su desplazamiento, de 31 kil\u00f3metros por hora, hicieron que los expertos advirtieran de que se trataba del m\u00e1s potente de la historia. Finalmente, el hurac\u00e1n se deshizo al tocar la tierra mexicana y solamente caus\u00f3 da\u00f1os menores.<\/p>\n<h3>14. <a href=\"http:\/\/internacional.elpais.com\/internacional\/2015\/01\/07\/actualidad\/1420629274_264304.html\" target=\"_blank\">Doce muertos en un atentado contra la revista \u2018Charlie Hebdo\u2019<\/a><\/h3>\n<p>El 7 de enero, tres encapuchados, al grito de \u00abAl\u00e1 es grande\u00bb, irrumpieron en la redacci\u00f3n del semanario sat\u00edrico franc\u00e9s <em>Charlie Hebdo.<\/em> Asesinaron a 12 personas, incluido el director de la publicaci\u00f3n, e hirieron a otras 11.<\/p>\n<h3>15. <a href=\"http:\/\/verne.elpais.com\/verne\/2015\/01\/13\/articulo\/1421152969_607874.html\" target=\"_blank\">El v\u00eddeo que muestra c\u00f3mo el c\u00e1ncer cambia lo que le pides a la vida<\/a><\/h3>\n<div id=\"sumario_6|html\" class=\"centro\">\n<p>&nbsp;<\/p>\n<\/div>\n<p>La historia de c\u00f3mo se hizo y c\u00f3mo se convirti\u00f3 en viral el v\u00eddeo \u00abLas respuesta de estos j\u00f3venes con c\u00e1ncer os van a cambiar el modo de ver la vida\u00bb, en el que se les hace la misma pregunta a j\u00f3venes con c\u00e1ncer y a j\u00f3venes sanos, se convirti\u00f3 en una de las informaciones m\u00e1s le\u00eddas del a\u00f1o. La creadora explica las claves de la grabaci\u00f3n para buscar contrastes que viralicen la campa\u00f1a de la Asociaci\u00f3n de Adolescentes y Adultos j\u00f3venes con c\u00e1ncer.<\/p>\n<h3>16. <a href=\"http:\/\/ccaa.elpais.com\/ccaa\/2015\/05\/25\/madrid\/1432556977_450859.html\" target=\"_blank\">Las cinco medidas de Manuela Carmena para sus primeros 100 d\u00edas<\/a><\/h3>\n<p>La llegada a la Alcald\u00eda de Madrid de Manuela Carmena gener\u00f3 gran inter\u00e9s en la audiencia. Una pieza analiz\u00f3 las prioridades de la nueva regidora; entre ellas, poner los medios municipales para frenar los desahucios, y garantizar los suministros b\u00e1sicos a hogares que no puedan pagarlos.<\/p>\n<h3>17. <a href=\"http:\/\/internacional.elpais.com\/internacional\/2015\/03\/24\/actualidad\/1427194823_806514.html\" target=\"_blank\">Cobertura en directo del accidente de Germanwings\u00a0<\/a><\/h3>\n<div id=\"sumario_8|foto\" class=\"izquierda\"><a name=\"sumario_8\"><\/a><\/p>\n<div class=\"media\">\n<div class=\"foto figure\"><img data-recalc-dims=\"1\" loading=\"lazy\" decoding=\"async\" title=\"Un homenaje a las v\u00edctimas.\" src=\"https:\/\/i0.wp.com\/ep01.epimg.net\/elpais\/imagenes\/2015\/12\/17\/actualidad\/1450377139_488001_1450886933_sumario_normal.jpg?resize=560%2C331\" alt=\"Un homenaje a las v\u00edctimas.\" width=\"560\" height=\"331\" \/><\/p>\n<p class=\"figcaption estirar\">Un homenaje a las v\u00edctimas. \/ <span class=\"firma\">AFP<\/span><\/p>\n<\/div>\n<\/div>\n<\/div>\n<p>EL PA\u00cdS cont\u00f3 en tiempo real durante cuatro d\u00edas todo lo relacionado con el accidente del <a href=\"http:\/\/elpais.com\/tag\/vuelo_gwi9525\/a\/\">avi\u00f3n de Germanwings<\/a> en Los Alpes franceses. Testimonios, fotograf\u00edas, reacciones, e informaci\u00f3n sobre el avance de la investigaci\u00f3n y de las v\u00edctimas.<\/p>\n<h3>18. <a href=\"http:\/\/politica.elpais.com\/politica\/2015\/02\/23\/actualidad\/1424708648_508759.html\" target=\"_blank\">Un terremoto con epicentro en Albacete sacude el centro de Espa\u00f1a<\/a><\/h3>\n<p>No hubo muertos y apenas se registraron da\u00f1os materiales, pero la noticia sobre un terremoto de 5,2 en la escala de Ritchter en la tarde del 23 de febrero capt\u00f3 la atenci\u00f3n de los lectores. El se\u00edsmo, con epicentro en Ossa de Montiel (Albacete), se sinti\u00f3 en la Comunidad Valenciana, Murcia, Castilla-La Mancha y Madrid.<\/p>\n<h3>19. <a href=\"http:\/\/elpais.com\/elpais\/2015\/01\/22\/buenavida\/1421926098_497439.html\" target=\"_blank\">Nueve trucos para calentar la casa sin encender la calefacci\u00f3n<\/a><\/h3>\n<p>En pleno invierno y ante el drama de la pobreza energ\u00e9tica, el suplemento <em>BuenaVida<\/em> de EL PA\u00cdS present\u00f3 sus consejos para plantarle cara al fr\u00edo sin consumir energ\u00eda. Mantas adecuadas, cinta aislante y muchos otros trucos.<\/p>\n<h3>20. <a href=\"http:\/\/elpais.com\/elpais\/2015\/09\/27\/ciencia\/1443363722_246489.html\" target=\"_blank\">Superluna 2015: c\u00f3mo ver el eclipse lunar<\/a><\/h3>\n<p>Una gu\u00eda para disfrutar del eclipse lunar de la madrugada del 28 de septiembre: la hora exacta, las fases y el mejor sitio para verlo.<\/p>\n<div id=\"sumario_2|foto\" class=\"centro\"><a name=\"sumario_2\"><\/a><\/p>\n<div class=\"media\">\n<div class=\"foto figure\"><img data-recalc-dims=\"1\" loading=\"lazy\" decoding=\"async\" title=\"Un astr\u00f3nomo por delante de la superluna en Brighton, Inglaterra.\" src=\"https:\/\/i0.wp.com\/ep01.epimg.net\/elpais\/imagenes\/2015\/12\/17\/actualidad\/1450377139_488001_1450876516_sumario_normal.jpg?resize=560%2C345\" alt=\"Un astr\u00f3nomo por delante de la superluna en Brighton, Inglaterra.\" width=\"560\" height=\"345\" \/><\/p>\n<p class=\"figcaption estirar\">Un astr\u00f3nomo por delante de la superluna en Brighton, Inglaterra. \/ <span class=\"firma\">J. Mansfield\u00a0(getty)<\/span><\/p>\n<\/div>\n<\/div>\n<\/div>\n<\/div>\n<\/div>\n","protected":false},"excerpt":{"rendered":"<p>Los atentados del 13-N en Par\u00eds han sido el tema m\u00e1s le\u00eddo en la web&#8230;<\/p>\n","protected":false},"author":1,"featured_media":5714,"comment_status":"closed","ping_status":"closed","sticky":false,"template":"","format":"standard","meta":{"_coblocks_attr":"","_coblocks_dimensions":"","_coblocks_responsive_height":"","_coblocks_accordion_ie_support":"","jetpack_post_was_ever_published":false,"_jetpack_newsletter_access":"","_jetpack_dont_email_post_to_subs":false,"_jetpack_newsletter_tier_id":0,"_jetpack_memberships_contains_paywalled_content":false,"_jetpack_memberships_contains_paid_content":false,"footnotes":"","jetpack_publicize_message":"","jetpack_publicize_feature_enabled":true,"jetpack_social_post_already_shared":false,"jetpack_social_options":{"image_generator_settings":{"template":"highway","default_image_id":0,"enabled":false},"version":2}},"categories":[1161,9,44,15],"tags":[990,1918,1917],"class_list":["post-5713","post","type-post","status-publish","format-standard","has-post-thumbnail","hentry","category-ciudadania","category-medio-ambiente","category-noticias-de-hoy","category-ultimas-noticias","tag-el-pais","tag-lo-mas-visto","tag-notivias"],"jetpack_publicize_connections":[],"jetpack_featured_media_url":"https:\/\/i0.wp.com\/miradordeatarfe.es\/wp-content\/uploads\/2015\/12\/ELE.jpg?fit=560%2C341&ssl=1","jetpack_likes_enabled":true,"jetpack_sharing_enabled":true,"_links":{"self":[{"href":"https:\/\/miradordeatarfe.es\/index.php?rest_route=\/wp\/v2\/posts\/5713","targetHints":{"allow":["GET"]}}],"collection":[{"href":"https:\/\/miradordeatarfe.es\/index.php?rest_route=\/wp\/v2\/posts"}],"about":[{"href":"https:\/\/miradordeatarfe.es\/index.php?rest_route=\/wp\/v2\/types\/post"}],"author":[{"embeddable":true,"href":"https:\/\/miradordeatarfe.es\/index.php?rest_route=\/wp\/v2\/users\/1"}],"replies":[{"embeddable":true,"href":"https:\/\/miradordeatarfe.es\/index.php?rest_route=%2Fwp%2Fv2%2Fcomments&post=5713"}],"version-history":[{"count":1,"href":"https:\/\/miradordeatarfe.es\/index.php?rest_route=\/wp\/v2\/posts\/5713\/revisions"}],"predecessor-version":[{"id":5715,"href":"https:\/\/miradordeatarfe.es\/index.php?rest_route=\/wp\/v2\/posts\/5713\/revisions\/5715"}],"wp:featuredmedia":[{"embeddable":true,"href":"https:\/\/miradordeatarfe.es\/index.php?rest_route=\/wp\/v2\/media\/5714"}],"wp:attachment":[{"href":"https:\/\/miradordeatarfe.es\/index.php?rest_route=%2Fwp%2Fv2%2Fmedia&parent=5713"}],"wp:term":[{"taxonomy":"category","embeddable":true,"href":"https:\/\/miradordeatarfe.es\/index.php?rest_route=%2Fwp%2Fv2%2Fcategories&post=5713"},{"taxonomy":"post_tag","embeddable":true,"href":"https:\/\/miradordeatarfe.es\/index.php?rest_route=%2Fwp%2Fv2%2Ftags&post=5713"}],"curies":[{"name":"wp","href":"https:\/\/api.w.org\/{rel}","templated":true}]}}