{"id":57135,"date":"2022-11-04T10:40:35","date_gmt":"2022-11-04T09:40:35","guid":{"rendered":"https:\/\/miradordeatarfe.es\/?p=57135"},"modified":"2022-11-02T14:32:39","modified_gmt":"2022-11-02T13:32:39","slug":"atarfe-sostenible-y-el-ahorro-energetico","status":"publish","type":"post","link":"https:\/\/miradordeatarfe.es\/?p=57135","title":{"rendered":"ATARFE SOSTENIBLE Y EL AHORRO ENERG\u00c9TICO"},"content":{"rendered":"<div class=\"\" dir=\"auto\">\n<div id=\"jsc_c_g7\" class=\"x1iorvi4 x1pi30zi x1l90r2v x1swvt13\" data-ad-comet-preview=\"message\" data-ad-preview=\"message\">\n<div class=\"x78zum5 xdt5ytf xz62fqu x16ldp7u\">\n<div class=\"xu06os2 x1ok221b\">\n<div class=\"xdj266r x11i5rnm xat24cr x1mh8g0r x1vvkbs x126k92a\">\n<div dir=\"auto\"><strong>Si fu\u00e9semos en el Tit\u00e1nic y el Iceberg fuese el Cambio clim\u00e1tico. \u00bfCu\u00e1nto crees que falta para chocar? \u00bfHemos chocado ya?<\/strong><\/div>\n<div dir=\"auto\">\u00a0<\/div>\n<\/div>\n<div class=\"x11i5rnm xat24cr x1mh8g0r x1vvkbs xtlvy1s x126k92a\">\n<div dir=\"auto\" style=\"text-align: justify;\">La respuesta es evidente YA HEMOS CHOCADO, todos los d\u00edas lo vemos: m\u00e1s sequ\u00edas, m\u00e1s lluvias torrenciales, m\u00e1s y mayores incendios y tornados&#8230; Pero no damos macha atr\u00e1s, levemente reducimos la velocidad.<\/div>\n<\/div>\n<div class=\"x11i5rnm xat24cr x1mh8g0r x1vvkbs xtlvy1s x126k92a\" style=\"text-align: justify;\">\n<div dir=\"auto\">\u00a0<\/div>\n<div dir=\"auto\">ATARFE SIOSTENIBLE desean marcar tendencia incorporando en los Centros Educativos,\u00a0 en el Ayuntamiento y en la Ciudadan\u00eda\u00a0 atarfe\u00f1ala elaboraci\u00f3n\u00a0 C\u00f3digos de Conducta Sostenible para reducir las emisiones de CO2.<\/div>\n<\/div>\n<div class=\"x11i5rnm xat24cr x1mh8g0r x1vvkbs xtlvy1s x126k92a\" style=\"text-align: justify;\">\n<div dir=\"auto\">\u00a0<\/div>\n<div dir=\"auto\">Nos recuerdan\u00a0 lo visto en meses anteriores y nos animan a poner por escrito nuestro compromiso de cambio de h\u00e1bitos de consumo energ\u00e9tico. <strong>\u00a1ATARFE, POR EL FUTURO DE HIJOS Y NIETOS!<\/strong><\/div>\n<div dir=\"auto\">\u00a0<\/div>\n<\/div>\n<div class=\"x11i5rnm xat24cr x1mh8g0r x1vvkbs xtlvy1s x126k92a\" style=\"text-align: justify;\">\n<div dir=\"auto\">Vamos a ir paso a paso. Estos son los consejos que te propone ATARFE SOSTENIBLE:\u00a0<\/div>\n<\/div>\n<\/div>\n<\/div>\n<\/div>\n<\/div>\n<ul style=\"text-align: justify;\">\n<li><strong>Aprovecha al m\u00e1ximo la luz solar<\/strong>. Mejor tender al sol que secadora (ahorrar\u00e1s 480kw\/h y 300 kilos de CO<sub>2 <\/sub>al a\u00f1o. Ventanas durante el d\u00eda: en invierno que entre el sol; en verano cerradas. Ventila habitaciones entre 6-10 mn, para no enfriar paredes.<\/li>\n<li><strong>\u00a1Pon fin a las p\u00e9rdidas de energ\u00eda de reposo! <\/strong>Televisores, v\u00eddeos, PCs, cargadores y todos los accesorios que les acompa\u00f1an contin\u00faan consumiendo electricidad cuando est\u00e1n en stand by. Para evitarlo, <strong>desconecta los enchufes o utiliza un enchufe m\u00faltiple con su propio interruptor de corte<\/strong>. Estas p\u00e9rdidas son las responsables del<strong> 5 al 13% del consumo de electricidad<\/strong> en los hogares.<em>Seg\u00fan datos de la Uni\u00f3n Europea (UE), en el a\u00f1o 2005 se estim\u00f3 que en toda la UE el consumo el\u00e9ctrico de los equipos durante el modo standby era de <strong>50 TWh anuales (el equivalente a todo el consumo anual de un pa\u00eds como Portugal)<\/strong>. Esta potencia equivale aproximadamente a un coste de electricidad de 7.000 millones de euros. Al precio de ahora ser\u00edan 35.000\u20ac.<\/em><\/li>\n<li><strong>Aprovecha al m\u00e1ximo la luz solar<\/strong>. Mejor tender al sol que secadora (ahorrar\u00e1s 480kw\/h y 300 kilos de CO<sub>2 <\/sub>al a\u00f1o. Ventanas durante el d\u00eda: en invierno que entre el sol; en verano cerradas. Ventila habitaciones entre 6-10 minutos para no enfriar paredes.<\/li>\n<li><strong>Aislamiento adecuado <\/strong>en ventanas.<\/li>\n<li><strong>Control de calefacci\u00f3n y de aires acondicionados<\/strong>, unos 20\u00ba\/22\u00ba es suficiente. Los sistemas de calefacci\u00f3n con le\u00f1a, tienen una emisi\u00f3n de CO<sub>2 <\/sub> Hay muchos <a href=\"https:\/\/inarquia.es\/bajar-temperatura-casa\/\"><strong><u><b>consejos para enfriar una vivienda en verano<\/b><\/u><\/strong><\/a> sin necesidad de aire acondicionado y tambi\u00e9n hay m\u00e9todos para\u00a0<a href=\"https:\/\/inarquia.es\/casa-economicamente-ahorrar-calefaccion\/\"><strong><u><b>calentar cualquier casa sin usar calefacci\u00f3n<\/b><\/u><\/strong><\/a>. Una ventilaci\u00f3n en la vivienda, no solamente nos ayuda a ahorrar energ\u00eda a largo plazo, sino que es uno de los mayores\u00a0<a href=\"https:\/\/inarquia.es\/hogares-sanos-claves\/\"><strong><u><b>consejos para que una vivienda sea m\u00e1s sana<\/b><\/u><\/strong><\/a>. Deshaci\u00e9ndose as\u00ed del polvo, los olores\u2026 en definitiva, del aire contaminado de la vivienda.<\/li>\n<li><strong>Lib\u00e9rate de devoradores de energ\u00eda<\/strong>.Ten electrodom\u00e9sticos eficientes (A+ y A++)<\/li>\n<li><strong>Usa bombillas LED<\/strong>,ahorran hasta el 80% de consumo. Multiplica por el n\u00famero de bombillas de la casa y calcula <em>\u00a1Ufff, cu\u00e1nto ahorro!<\/em><\/li>\n<li><strong>Adquiere productos locales y de temporada<\/strong>.Ayudar\u00e1s al desarrollo local y evitar\u00e1s despilfarro de energ\u00eda en desplazamiento de los productos y\/o almacenamiento en c\u00e1mara frigor\u00edficas.<\/li>\n<\/ul>\n<p style=\"text-align: justify;\"><a href=\"https:\/\/i0.wp.com\/miradordeatarfe.es\/wp-content\/uploads\/2022\/11\/electrodomesticos-eficientes.jpeg?ssl=1\"><img data-recalc-dims=\"1\" loading=\"lazy\" decoding=\"async\" class=\"alignnone size-full wp-image-57136\" src=\"https:\/\/i0.wp.com\/miradordeatarfe.es\/wp-content\/uploads\/2022\/11\/electrodomesticos-eficientes.jpeg?resize=640%2C641&#038;ssl=1\" alt=\"\" width=\"640\" height=\"641\" srcset=\"https:\/\/i0.wp.com\/miradordeatarfe.es\/wp-content\/uploads\/2022\/11\/electrodomesticos-eficientes.jpeg?w=1241&amp;ssl=1 1241w, https:\/\/i0.wp.com\/miradordeatarfe.es\/wp-content\/uploads\/2022\/11\/electrodomesticos-eficientes.jpeg?resize=300%2C300&amp;ssl=1 300w, https:\/\/i0.wp.com\/miradordeatarfe.es\/wp-content\/uploads\/2022\/11\/electrodomesticos-eficientes.jpeg?resize=1024%2C1024&amp;ssl=1 1024w, https:\/\/i0.wp.com\/miradordeatarfe.es\/wp-content\/uploads\/2022\/11\/electrodomesticos-eficientes.jpeg?resize=150%2C150&amp;ssl=1 150w, https:\/\/i0.wp.com\/miradordeatarfe.es\/wp-content\/uploads\/2022\/11\/electrodomesticos-eficientes.jpeg?resize=768%2C769&amp;ssl=1 768w\" sizes=\"auto, (max-width: 640px) 100vw, 640px\" \/><\/a><\/p>\n<p><a href=\"https:\/\/i0.wp.com\/miradordeatarfe.es\/wp-content\/uploads\/2022\/11\/Utilizar-bombillas-de-bajo-consumo-3-1024x1024-1.jpg?ssl=1\"><img data-recalc-dims=\"1\" loading=\"lazy\" decoding=\"async\" class=\"alignnone size-full wp-image-57139\" src=\"https:\/\/i0.wp.com\/miradordeatarfe.es\/wp-content\/uploads\/2022\/11\/Utilizar-bombillas-de-bajo-consumo-3-1024x1024-1.jpg?resize=640%2C640&#038;ssl=1\" alt=\"\" width=\"640\" height=\"640\" srcset=\"https:\/\/i0.wp.com\/miradordeatarfe.es\/wp-content\/uploads\/2022\/11\/Utilizar-bombillas-de-bajo-consumo-3-1024x1024-1.jpg?w=1024&amp;ssl=1 1024w, https:\/\/i0.wp.com\/miradordeatarfe.es\/wp-content\/uploads\/2022\/11\/Utilizar-bombillas-de-bajo-consumo-3-1024x1024-1.jpg?resize=300%2C300&amp;ssl=1 300w, https:\/\/i0.wp.com\/miradordeatarfe.es\/wp-content\/uploads\/2022\/11\/Utilizar-bombillas-de-bajo-consumo-3-1024x1024-1.jpg?resize=150%2C150&amp;ssl=1 150w, https:\/\/i0.wp.com\/miradordeatarfe.es\/wp-content\/uploads\/2022\/11\/Utilizar-bombillas-de-bajo-consumo-3-1024x1024-1.jpg?resize=768%2C768&amp;ssl=1 768w\" sizes=\"auto, (max-width: 640px) 100vw, 640px\" \/><\/a><\/p>\n","protected":false},"excerpt":{"rendered":"<p>Si fu\u00e9semos en el Tit\u00e1nic y el Iceberg fuese el Cambio clim\u00e1tico. \u00bfCu\u00e1nto crees que&#8230;<\/p>\n","protected":false},"author":1,"featured_media":57138,"comment_status":"closed","ping_status":"closed","sticky":false,"template":"","format":"standard","meta":{"_coblocks_attr":"","_coblocks_dimensions":"","_coblocks_responsive_height":"","_coblocks_accordion_ie_support":"","jetpack_post_was_ever_published":false,"_jetpack_newsletter_access":"","_jetpack_dont_email_post_to_subs":false,"_jetpack_newsletter_tier_id":0,"_jetpack_memberships_contains_paywalled_content":false,"_jetpack_memberships_contains_paid_content":false,"footnotes":"","jetpack_publicize_message":"","jetpack_publicize_feature_enabled":true,"jetpack_social_post_already_shared":true,"jetpack_social_options":{"image_generator_settings":{"template":"highway","default_image_id":0,"enabled":false},"version":2}},"categories":[2,7725,1161,9,44,6937,15,10],"tags":[271,588,587],"class_list":["post-57135","post","type-post","status-publish","format-standard","has-post-thumbnail","hentry","category-atarfe","category-atarfe-sostenible","category-ciudadania","category-medio-ambiente","category-noticias-de-hoy","category-sociedad","category-ultimas-noticias","category-salud","tag-cambio-climatico","tag-energia","tag-luz"],"jetpack_publicize_connections":[],"jetpack_featured_media_url":"https:\/\/i0.wp.com\/miradordeatarfe.es\/wp-content\/uploads\/2022\/11\/images.jpg?fit=275%2C183&ssl=1","jetpack_likes_enabled":true,"jetpack_sharing_enabled":true,"_links":{"self":[{"href":"https:\/\/miradordeatarfe.es\/index.php?rest_route=\/wp\/v2\/posts\/57135","targetHints":{"allow":["GET"]}}],"collection":[{"href":"https:\/\/miradordeatarfe.es\/index.php?rest_route=\/wp\/v2\/posts"}],"about":[{"href":"https:\/\/miradordeatarfe.es\/index.php?rest_route=\/wp\/v2\/types\/post"}],"author":[{"embeddable":true,"href":"https:\/\/miradordeatarfe.es\/index.php?rest_route=\/wp\/v2\/users\/1"}],"replies":[{"embeddable":true,"href":"https:\/\/miradordeatarfe.es\/index.php?rest_route=%2Fwp%2Fv2%2Fcomments&post=57135"}],"version-history":[{"count":2,"href":"https:\/\/miradordeatarfe.es\/index.php?rest_route=\/wp\/v2\/posts\/57135\/revisions"}],"predecessor-version":[{"id":57140,"href":"https:\/\/miradordeatarfe.es\/index.php?rest_route=\/wp\/v2\/posts\/57135\/revisions\/57140"}],"wp:featuredmedia":[{"embeddable":true,"href":"https:\/\/miradordeatarfe.es\/index.php?rest_route=\/wp\/v2\/media\/57138"}],"wp:attachment":[{"href":"https:\/\/miradordeatarfe.es\/index.php?rest_route=%2Fwp%2Fv2%2Fmedia&parent=57135"}],"wp:term":[{"taxonomy":"category","embeddable":true,"href":"https:\/\/miradordeatarfe.es\/index.php?rest_route=%2Fwp%2Fv2%2Fcategories&post=57135"},{"taxonomy":"post_tag","embeddable":true,"href":"https:\/\/miradordeatarfe.es\/index.php?rest_route=%2Fwp%2Fv2%2Ftags&post=57135"}],"curies":[{"name":"wp","href":"https:\/\/api.w.org\/{rel}","templated":true}]}}