{"id":57178,"date":"2022-11-04T11:00:11","date_gmt":"2022-11-04T10:00:11","guid":{"rendered":"https:\/\/miradordeatarfe.es\/?p=57178"},"modified":"2022-11-03T22:52:01","modified_gmt":"2022-11-03T21:52:01","slug":"exhuman-los-restos-de-queipo-de-llano-de-la-basilica-de-la-macarena-de-sevilla","status":"publish","type":"post","link":"https:\/\/miradordeatarfe.es\/?p=57178","title":{"rendered":"Exhuman los restos de Queipo de Llano de la bas\u00edlica de la Macarena de Sevilla"},"content":{"rendered":"<div class=\"td-post-content\">\n<h3 style=\"text-align: justify;\">La operaci\u00f3n se ha desarrollado en poco m\u00e1s de cinco horas, en mitad de la noche y con total discreci\u00f3n<\/h3>\n<p style=\"text-align: justify;\">Tras 71 a\u00f1os reposando all\u00ed, a las 2:20 de la madrugada de este jueves 3 de noviembre sal\u00edan de la bas\u00edlica de la Macarena de Sevilla los restos mortales del criminal de guerra Queipo de Llano, responsable de 45.000 fusilamientos, y de su esposa Genoveva Mart\u00ed, en aplicaci\u00f3n de la Ley de Memoria Democr\u00e1tica.<\/p>\n<p style=\"text-align: justify;\">Horas antes, al filo de la medianoche, lleg\u00f3 un coche f\u00fanebre que tambi\u00e9n se llev\u00f3 los restos del general Francisco Boh\u00f3rquez, militar que estuvo a las \u00f3rdenes de Queipo como auditor de guerra y organiz\u00f3 las ejecuciones sumarias durante la Guerra Civil, enterrado tambi\u00e9n en la bas\u00edlica sevillana.<\/p>\n<p style=\"text-align: justify;\">Ni la Hermandad ni ning\u00fan organismo oficial hab\u00eda comunicado que las exhumaciones se iban a llevar a cabo este jueves y cuando se empez\u00f3 a conocer la noticia a trav\u00e9s de las redes sociales y los medios de comunicaci\u00f3n ya era noche cerrada. Poco a poco fueron llegando los periodistas, con las puertas del templo completamente cerradas.<\/p>\n<p style=\"text-align: justify;\">Cuando se abrieron las puertas de la bas\u00edlica y sal\u00eda el coche f\u00fanebre, en el exterior del templo se encontraban los familiares que hab\u00edan asistido a la exhumaci\u00f3n, una veintena de informadores, alg\u00fan vecino del barrio y una emocionada presidenta de la asociaci\u00f3n memorialista Memoria Nuestra, Paqui Maqueda.<\/p>\n<p style=\"text-align: justify;\">El silencio de ese momento solo fue roto por unos t\u00edmidos aplausos de los familiares y los gritos de Maqueda que dec\u00edan: \u00abHonor y gloria a las v\u00edctimas del franquismo. Se acaba la impunidad y se salda una deuda hist\u00f3rica\u00bb, algo que ha repetido insistentemente, hasta que han desaparecido de la escena los familiares de los militares.<\/p>\n<h2 style=\"text-align: justify;\"><strong>La Hermandad de la Macarena reclama \u00abdesaparecer del foco medi\u00e1tico por este asunto ya resuelto\u00bb<\/strong><\/h2>\n<p style=\"text-align: justify;\">Tras cumplir con la nueva Ley de Memoria Democr\u00e1tica, la Hermandad de la Macarena ha reclamado en un comunicado \u00abser dejada al margen de cualquier pol\u00e9mica ideol\u00f3gica y pol\u00edtica ajena\u00bb y \u00abdesaparecer del foco medi\u00e1tico por este asunto ya resuelto\u00bb.<\/p>\n<p style=\"text-align: justify;\">\u00abLa Hermandad requiere que, una vez cumplida la Ley escrupulosamente, tal y como ven\u00eda aseverando desde hace a\u00f1os, nadie la utilice con intereses partidistas, pol\u00edticos o ideol\u00f3gicos, instando a ser respetada como lo que es: una asociaci\u00f3n de creyentes cat\u00f3licos fiel a los principios evang\u00e9licos, a la doctrina de la Iglesia Cat\u00f3lica y a la fraternidad entre hombres y mujeres\u00bb, ha se\u00f1alado.<\/p>\n<p>CONTRAINFORMACION.ES<\/p>\n<p>FOTO: Exhuman los restos de Queipo de Llano de la bas\u00edlica de la Macarena de Sevilla \/ Imagen: EP<\/p>\n<\/div>\n<blockquote class=\"wp-embedded-content\" data-secret=\"kVZlfUO2dr\"><p><a href=\"https:\/\/contrainformacion.es\/exhuman-restos-queipo-de-llano-basilica-macarena-de-sevilla\/\">Exhuman los restos de Queipo de Llano de la bas\u00edlica de la Macarena de Sevilla<\/a><\/p><\/blockquote>\n<p><iframe loading=\"lazy\" class=\"wp-embedded-content\" sandbox=\"allow-scripts\" security=\"restricted\" style=\"position: absolute; visibility: hidden;\" title=\"\u00abExhuman los restos de Queipo de Llano de la bas\u00edlica de la Macarena de Sevilla\u00bb \u2014 Contrainformaci\u00f3n\" src=\"https:\/\/contrainformacion.es\/exhuman-restos-queipo-de-llano-basilica-macarena-de-sevilla\/embed\/#?secret=KA2LNhwh8Z#?secret=kVZlfUO2dr\" data-secret=\"kVZlfUO2dr\" width=\"600\" height=\"338\" frameborder=\"0\" marginwidth=\"0\" marginheight=\"0\" scrolling=\"no\"><\/iframe><\/p>\n<div class=\"td-post-content\">\n<div class=\"social-rocket-inline-buttons\">\n<div class=\"social-rocket-buttons\">\u00a0<\/div>\n<\/div>\n<\/div>\n<footer>\n<div class=\"author-box-wrap\">\n<div class=\"desc\">\n<div class=\"td-author-name vcard author\">\u00a0<\/div>\n<\/div>\n<\/div>\n<\/footer>\n","protected":false},"excerpt":{"rendered":"<p>La operaci\u00f3n se ha desarrollado en poco m\u00e1s de cinco horas, en mitad de la&#8230;<\/p>\n","protected":false},"author":1,"featured_media":57179,"comment_status":"closed","ping_status":"closed","sticky":false,"template":"","format":"standard","meta":{"_coblocks_attr":"","_coblocks_dimensions":"","_coblocks_responsive_height":"","_coblocks_accordion_ie_support":"","jetpack_post_was_ever_published":false,"_jetpack_newsletter_access":"","_jetpack_dont_email_post_to_subs":false,"_jetpack_newsletter_tier_id":0,"_jetpack_memberships_contains_paywalled_content":false,"_jetpack_memberships_contains_paid_content":false,"footnotes":"","jetpack_publicize_message":"","jetpack_publicize_feature_enabled":true,"jetpack_social_post_already_shared":true,"jetpack_social_options":{"image_generator_settings":{"template":"highway","default_image_id":0,"enabled":false},"version":2}},"categories":[1161,44,7671,6937,15],"tags":[9690,9692,9691,4393],"class_list":["post-57178","post","type-post","status-publish","format-standard","has-post-thumbnail","hentry","category-ciudadania","category-noticias-de-hoy","category-politica","category-sociedad","category-ultimas-noticias","tag-exhuman","tag-la-nacarena","tag-queipo-de-llano","tag-sevilla"],"jetpack_publicize_connections":[],"jetpack_featured_media_url":"https:\/\/i0.wp.com\/miradordeatarfe.es\/wp-content\/uploads\/2022\/11\/8-2.jpeg?fit=1240%2C768&ssl=1","jetpack_likes_enabled":true,"jetpack_sharing_enabled":true,"_links":{"self":[{"href":"https:\/\/miradordeatarfe.es\/index.php?rest_route=\/wp\/v2\/posts\/57178","targetHints":{"allow":["GET"]}}],"collection":[{"href":"https:\/\/miradordeatarfe.es\/index.php?rest_route=\/wp\/v2\/posts"}],"about":[{"href":"https:\/\/miradordeatarfe.es\/index.php?rest_route=\/wp\/v2\/types\/post"}],"author":[{"embeddable":true,"href":"https:\/\/miradordeatarfe.es\/index.php?rest_route=\/wp\/v2\/users\/1"}],"replies":[{"embeddable":true,"href":"https:\/\/miradordeatarfe.es\/index.php?rest_route=%2Fwp%2Fv2%2Fcomments&post=57178"}],"version-history":[{"count":1,"href":"https:\/\/miradordeatarfe.es\/index.php?rest_route=\/wp\/v2\/posts\/57178\/revisions"}],"predecessor-version":[{"id":57180,"href":"https:\/\/miradordeatarfe.es\/index.php?rest_route=\/wp\/v2\/posts\/57178\/revisions\/57180"}],"wp:featuredmedia":[{"embeddable":true,"href":"https:\/\/miradordeatarfe.es\/index.php?rest_route=\/wp\/v2\/media\/57179"}],"wp:attachment":[{"href":"https:\/\/miradordeatarfe.es\/index.php?rest_route=%2Fwp%2Fv2%2Fmedia&parent=57178"}],"wp:term":[{"taxonomy":"category","embeddable":true,"href":"https:\/\/miradordeatarfe.es\/index.php?rest_route=%2Fwp%2Fv2%2Fcategories&post=57178"},{"taxonomy":"post_tag","embeddable":true,"href":"https:\/\/miradordeatarfe.es\/index.php?rest_route=%2Fwp%2Fv2%2Ftags&post=57178"}],"curies":[{"name":"wp","href":"https:\/\/api.w.org\/{rel}","templated":true}]}}