{"id":57182,"date":"2022-11-06T10:27:24","date_gmt":"2022-11-06T09:27:24","guid":{"rendered":"https:\/\/miradordeatarfe.es\/?p=57182"},"modified":"2022-11-03T23:04:41","modified_gmt":"2022-11-03T22:04:41","slug":"57-recomendaciones-para-que-la-covid-deje-de-ser-un-problema-de-salud-publica","status":"publish","type":"post","link":"https:\/\/miradordeatarfe.es\/?p=57182","title":{"rendered":"57 recomendaciones para que la covid deje de ser un problema de salud p\u00fablica"},"content":{"rendered":"<h3 class=\"a_st\" style=\"text-align: justify;\">Un grupo internacional de 386 expertos publica en la revista \u2018Nature\u2019 un consenso para acabar con la amenaza del coronavirus<\/h3>\n<p class=\"\" style=\"text-align: justify;\">Todav\u00eda son necesarios \u201cesfuerzos\u201d para que la covid deje de ser una amenaza para la salud p\u00fablica global. As\u00ed lo considera un grupo de 386 expertos de un centenar de pa\u00edses, que publican este jueves en la revista\u00a0<i>Nature\u00a0<\/i><a href=\"https:\/\/www.nature.com\/articles\/s41586-022-05398-2\" target=\"_blank\" rel=\"noopener\" data-link-track-dtm=\"\">un documento con 41 declaraciones de consenso y 57 recomendaciones<\/a>\u00a0a los gobiernos, los sistemas de salud, la industria y otros actores clave en materia sanitaria.<\/p>\n<p class=\"\" style=\"text-align: justify;\">\u201cSe necesitar\u00e1 mucho m\u00e1s que la declaraci\u00f3n de un l\u00edder pol\u00edtico para poner fin a la amenaza del virus sobre nuestros sistemas de salud, econom\u00edas, comunidades y vidas\u201d, asegura Jeffrey V. Lazarus, investigador del instituto de salud ISGlobal, impulsado por la Fundaci\u00f3n La Caixa, y autor principal de la publicaci\u00f3n. \u201cPara avanzar, nuestro panel global recomienda acciones de gran alcance para toda la sociedad y los gobiernos, as\u00ed como otras acciones basadas en la evidencia para detener la inquietante tendencia de aumento de los costos de atenci\u00f3n m\u00e9dica, desigualdades socioecon\u00f3micas y frustraci\u00f3n que contin\u00faa desencadenando la covid\u201d, a\u00f1ade.<\/p>\n<p class=\"\" style=\"text-align: justify;\">Para elaborar el documento han empleado una metodolog\u00eda de investigaci\u00f3n, denominada Delphi, que extrae consensos sobre tem\u00e1ticas complejas. Las propuestas se engloban en seis bloques tem\u00e1ticos: comunicaci\u00f3n, sistemas sanitarios, vacunaci\u00f3n, prevenci\u00f3n, tratamientos e inequidades. Estas son las 10 que tuvieron mayor valoraci\u00f3n entre los participantes:<\/p>\n<p class=\"\" style=\"text-align: justify;\">1. La preparaci\u00f3n y respuesta a la pandemia deber\u00eda adoptar un enfoque integral en el que participe toda la sociedad, con variedad de sectores y disciplinas: la sociedad civil, el sector privado, la ingenier\u00eda, la religi\u00f3n, la modelaci\u00f3n matem\u00e1tica, el ej\u00e9rcito, los medios de comunicaci\u00f3n y la psicolog\u00eda, entre otros.<\/p>\n<p class=\"\" style=\"text-align: justify;\">2. Los l\u00edderes de opini\u00f3n, los cient\u00edficos y las autoridades sanitarias deber\u00edan colaborar en la creaci\u00f3n de mensajes de salud p\u00fablica que aporten confianza a la comunidad y los individuos, usando los medios de comunicaci\u00f3n m\u00e1s adecuados para cada poblaci\u00f3n.<\/p>\n<p class=\"\" style=\"text-align: justify;\">3. Todos los pa\u00edses deber\u00edan adoptar una estrategia vacunal que incluya la inmunizaci\u00f3n de la covid, medidas de prevenci\u00f3n, tratamiento e incentivos financieros<\/p>\n<p class=\"\" style=\"text-align: justify;\">4. La respuesta a la pandemia debe tener en cuenta y ayudar a paliar las inequidades sociales preexistentes<\/p>\n<p class=\"\" style=\"text-align: justify;\">5. Las autoridades sanitarias deben ir de la mano de personas y organizaciones respetadas en las comunidades para proporcionar informaci\u00f3n precisa y accesible sobre la pandemia y los comportamientos adecuados en cada momento.<\/p>\n<p class=\"\" style=\"text-align: justify;\">6. La financiaci\u00f3n de gobiernos, ONG y la industria deber\u00eda enfocarse en el desarrollo de vacunas que aporten protecci\u00f3n duradera frente a las m\u00faltiples variantes del SARS-CoV-2<\/p>\n<p class=\"\" style=\"text-align: justify;\">7. Los profesionales de la salud p\u00fablica y las autoridades deber\u00edan combatir de forma proactiva\u00a0<a href=\"https:\/\/elpais.com\/ciencia\/2022-04-13\/radiografia-de-un-bulo-en-lo-peor-de-la-pandemia.html\" target=\"_blank\" rel=\"noopener\" data-link-track-dtm=\"\">la informaci\u00f3n falsa<\/a>\u00a0con mensajes claros, directos, adecuados a cada cultura, que est\u00e9n despojados de jerga cient\u00edfica.<\/p>\n<p class=\"\" style=\"text-align: justify;\">8. Los sistemas de preparaci\u00f3n y respuesta deben adoptar enfoques coordinados de los gobiernos para identificar, revisar y mejorar la resiliencia de los sistemas sanitarios.<\/p>\n<p class=\"\" style=\"text-align: justify;\">9. El comercio global y las organizaciones sanitarias deber\u00edan coordinarse con los pa\u00edses para negociar la transferencia de tecnolog\u00eda, permitiendo a las f\u00e1bricas de los pa\u00edses de ingresos medios y bajos desarrollar vacunas, test y tratamientos asequibles y de calidad.<\/p>\n<p class=\"\" style=\"text-align: justify;\">10. Promover una colaboraci\u00f3n multisectorial para acelerar el desarrollo de nuevas terapias para todas las fases de la covid: desde los s\u00edntomas, a la hospitalizaci\u00f3n o\u00a0<a href=\"https:\/\/elpais.com\/sociedad\/crisis-del-coronavirus\/2022-08-04\/la-resaca-sin-fin-de-la-covid-que-afecta-a-millones-uno-de-cada-ocho-infectados-tiene-sintomas-prolongados.html\" target=\"_blank\" rel=\"noopener\" data-link-track-dtm=\"\">la covid persistente.<\/a><\/p>\n<p class=\"\" style=\"text-align: justify;\">Lazarus pide a los Gobiernos y la sociedad que sigan trabajando de la mano para implementar estas y otras recomendaciones, en lugar de restar importancia a la covid, ahora que la vida en los pa\u00edses occidentales han vuelto pr\u00e1cticamente a la normalidad despu\u00e9s de dos a\u00f1os de restricciones. \u201cCon los duros meses de invierno a la vuelta de la esquina, el virus en constante mutaci\u00f3n bien puede tener otros planes para la sociedad tal como la conocemos. Las variantes extremadamente transmisibles contin\u00faan propag\u00e1ndose, mientras que la vigilancia sigue siendo en general inadecuada. La acumulaci\u00f3n de mutaciones puede conducir a una mejor evasi\u00f3n de cualquier inmunidad previa. Este problema se ve agravado por los graves efectos en la salud que han sufrido muchas personas que han sobrevivido a la covid\u201d, advierte.<\/p>\n<p class=\"\">El investigador recalca que la covid persistente se est\u00e1 convirtiendo en un motivo de preocupaci\u00f3n y que todav\u00eda no conocemos los riesgos de la reinfecci\u00f3n a largo plazo. \u201cTasas bajas de vacunaci\u00f3n, especialmente de los refuerzos, pueden exacerbar esta situaci\u00f3n cuando la inmunidad comunitaria baje otra vez. Pero esto no tiene por qu\u00e9 suceder\u201d, apunta Lazarus, apelando a seguir el consenso publicado en\u00a0<i>Nature<\/i>: \u201cNo m\u00e1s retrasos. No m\u00e1s excusas. No m\u00e1s ambig\u00fcedad\u201d.<\/p>\n<p><strong><a class=\"a_md_a_n\" title=\"Ver todas las noticias de Pablo Linde\" href=\"https:\/\/elpais.com\/autor\/pablo-linde\/#?rel=author_top\">PABLO LINDE<\/a><\/strong><\/p>\n<header class=\"a_e _g _g-xs\">\n<div class=\"a_e_m\">\n<figure class=\"a_m a_m-h\"><figcaption class=\"a_m_p\">FOTO: Josefa P\u00e9rez, residente del geri\u00e1trico Feixa Llarga, de L&#8217;Hospitalet de Llobregat, recibe la cuarta dosis de la vacuna contra la covid.<span class=\"a_m_m\">ANDREU DALMAU (EFE)<\/span><\/figcaption><\/figure>\n<\/div>\n<\/header>\n<div class=\"a_md _g _g-xs \">\n<figure class=\"a_md_i a_m-h\">https:\/\/elpais.com\/sociedad\/2022-11-03\/57-recomendaciones-para-que-la-covid-deje-de-ser-un-problema-de-salud-publica.html<\/figure>\n<div class=\"a_md_txt\">\n<div class=\"a_md_a\" data-dtm-region=\"articulo_firma\">\u00a0<\/div>\n<\/div>\n<\/div>\n","protected":false},"excerpt":{"rendered":"<p>Un grupo internacional de 386 expertos publica en la revista \u2018Nature\u2019 un consenso para acabar&#8230;<\/p>\n","protected":false},"author":1,"featured_media":57183,"comment_status":"closed","ping_status":"closed","sticky":false,"template":"","format":"standard","meta":{"_coblocks_attr":"","_coblocks_dimensions":"","_coblocks_responsive_height":"","_coblocks_accordion_ie_support":"","jetpack_post_was_ever_published":false,"_jetpack_newsletter_access":"","_jetpack_dont_email_post_to_subs":false,"_jetpack_newsletter_tier_id":0,"_jetpack_memberships_contains_paywalled_content":false,"_jetpack_memberships_contains_paid_content":false,"footnotes":"","jetpack_publicize_message":"","jetpack_publicize_feature_enabled":true,"jetpack_social_post_already_shared":true,"jetpack_social_options":{"image_generator_settings":{"template":"highway","default_image_id":0,"enabled":false},"version":2}},"categories":[1161,7149,44,6937,15],"tags":[7021,7325],"class_list":["post-57182","post","type-post","status-publish","format-standard","has-post-thumbnail","hentry","category-ciudadania","category-coronavirus","category-noticias-de-hoy","category-sociedad","category-ultimas-noticias","tag-coronavirus","tag-mutaciones"],"jetpack_publicize_connections":[],"jetpack_featured_media_url":"https:\/\/i0.wp.com\/miradordeatarfe.es\/wp-content\/uploads\/2022\/11\/DI3EEZKBYESMFDKT2NOTCFBUKI.jpeg?fit=1960%2C1421&ssl=1","jetpack_likes_enabled":true,"jetpack_sharing_enabled":true,"_links":{"self":[{"href":"https:\/\/miradordeatarfe.es\/index.php?rest_route=\/wp\/v2\/posts\/57182","targetHints":{"allow":["GET"]}}],"collection":[{"href":"https:\/\/miradordeatarfe.es\/index.php?rest_route=\/wp\/v2\/posts"}],"about":[{"href":"https:\/\/miradordeatarfe.es\/index.php?rest_route=\/wp\/v2\/types\/post"}],"author":[{"embeddable":true,"href":"https:\/\/miradordeatarfe.es\/index.php?rest_route=\/wp\/v2\/users\/1"}],"replies":[{"embeddable":true,"href":"https:\/\/miradordeatarfe.es\/index.php?rest_route=%2Fwp%2Fv2%2Fcomments&post=57182"}],"version-history":[{"count":1,"href":"https:\/\/miradordeatarfe.es\/index.php?rest_route=\/wp\/v2\/posts\/57182\/revisions"}],"predecessor-version":[{"id":57184,"href":"https:\/\/miradordeatarfe.es\/index.php?rest_route=\/wp\/v2\/posts\/57182\/revisions\/57184"}],"wp:featuredmedia":[{"embeddable":true,"href":"https:\/\/miradordeatarfe.es\/index.php?rest_route=\/wp\/v2\/media\/57183"}],"wp:attachment":[{"href":"https:\/\/miradordeatarfe.es\/index.php?rest_route=%2Fwp%2Fv2%2Fmedia&parent=57182"}],"wp:term":[{"taxonomy":"category","embeddable":true,"href":"https:\/\/miradordeatarfe.es\/index.php?rest_route=%2Fwp%2Fv2%2Fcategories&post=57182"},{"taxonomy":"post_tag","embeddable":true,"href":"https:\/\/miradordeatarfe.es\/index.php?rest_route=%2Fwp%2Fv2%2Ftags&post=57182"}],"curies":[{"name":"wp","href":"https:\/\/api.w.org\/{rel}","templated":true}]}}