{"id":5727,"date":"2016-01-02T08:26:36","date_gmt":"2016-01-02T08:26:36","guid":{"rendered":"http:\/\/miradordeatarfe.es\/?p=5727"},"modified":"2015-12-30T16:40:18","modified_gmt":"2015-12-30T16:40:18","slug":"resumen-de-novedades-para-autonomos-y-pymes-en-2016","status":"publish","type":"post","link":"https:\/\/miradordeatarfe.es\/?p=5727","title":{"rendered":"Resumen de novedades para aut\u00f3nomos y pymes en 2016"},"content":{"rendered":"<p>2016 ya est\u00e1 aqu\u00ed, un a\u00f1o nuevo que deseamos venga cargado buenas noticias y bienestar para los aut\u00f3nomos y las pymes. <!--more--><\/p>\n<p>Un a\u00f1o que comienza cargado de novedades legislativas que hay que tener en cuenta y que vendr\u00e1 marcado por la entrada en vigor de medidas y tipos contempladas para este a\u00f1o en la <strong>Reforma Fiscal<\/strong> y la <strong>Ley de promoci\u00f3n del empleo aut\u00f3nomo<\/strong> as\u00ed como por las nuevas medidas que pueda impulsar el ejecutivo que se forme tras las elecciones del 20D.<\/p>\n<p>En este art\u00edculo puedes consultar las medidas fiscales definitivas a las que estar\u00e9is sujetos los aut\u00f3nomos y peque\u00f1as empresas durante 2016, adem\u00e1s de otras importantes novedades que os afectan directamente, como los cambios en la cuota de aut\u00f3nomos o la LOPD, as\u00ed como un adelanto de medidas que podr\u00edan aprobarse en 2016.<\/p>\n<p style=\"text-align: justify;\"><em><strong>SEGURIDAD SOCIAL \u2013 CUOTA DE AUT\u00d3NOMOS<\/strong><\/em><\/p>\n<ul style=\"text-align: justify;\">\n<li><strong>Cuota de aut\u00f3nomos 2016:<\/strong> el a\u00f1o nuevo traer\u00e1 nuevas subidas en las bases de cotizaci\u00f3n a la Seguridad Social que determinan cu\u00e1nto hay que pagar por la\u00a0cuota mensual de aut\u00f3nomos. \u00a0Estas subidas se recogen en la Ley de presupuestos generales del Estado para 2016.\u00a0<strong>La base m\u00ednima de cotizaci\u00f3n sube el 1%\u00a0<\/strong>desde 884,40 a 893,10 euros mensuales, por lo que\u00a0<strong>la cuota m\u00ednima<\/strong>,\u00a0que es la que paga m\u00e1s del 80% de los aut\u00f3nomos, <strong>pasa de <\/strong><strong>264,44 \u20ac a 267,04 euros<\/strong>, lo que supone 31 euros m\u00e1s al a\u00f1o. La de los <strong>aut\u00f3nomos societarios<\/strong> sube hasta 318 \u20ac. La base m\u00e1xima de cotizaci\u00f3n sube tambi\u00e9n un 1%, pasando de 3.606 a 3.642 euros mensuales.<\/li>\n<\/ul>\n<ul style=\"text-align: justify;\">\n<li><strong>Adecuaci\u00f3n de la cuota de aut\u00f3nomos con vistas a la jubilaci\u00f3n:\u00a0<\/strong>como explicamos en nuestro art\u00edculo de\u00a0bases y tipos de cotizaci\u00f3n,\u00a0podr\u00e1n optar libremente entre la base m\u00ednima y la m\u00e1xima los aut\u00f3nomos menores de 47 a\u00f1os y aquellos con 47 a\u00f1os cumplidos el 1 de enero de 2015 que se den de alta por primera vez en 2015 o cuya base de cotizaci\u00f3n en diciembre de 2015 haya sido igual o superior a 1.945,80 euros al mes. Los trabajadores aut\u00f3nomos con\u00a047 a\u00f1os cumplidos\u00a0el 1 de enero de 2015 y una base de cotizaci\u00f3n inferior a 1.945,80 euros mensuales, s\u00f3lo podr\u00e1n incrementarla hasta 1.964,70 euros mensuales. En cuanto a los mayores de 48 a\u00f1os a 1 de enero de 2016,\u00a0 su base de cotizaci\u00f3n m\u00ednima est\u00e1 comprendida entre 963,30 y 1.964,70 euros, salvo excepciones.<\/li>\n<\/ul>\n<ul style=\"text-align: justify;\">\n<li><strong>Tarifa Plana:<\/strong> desde la reciente entrada en vigor de la Ley de fomento del trabajo aut\u00f3nomo, la tarifa plana para nuevos aut\u00f3nomos se redondea a 50 euros exactos durante los primeros seis meses. Adem\u00e1s, los <strong>aut\u00f3nomos que contraten trabajadores<\/strong> podr\u00e1n seguir benefici\u00e1ndose de la misma.<\/li>\n<\/ul>\n<ul style=\"text-align: justify;\">\n<li><strong>Cuota progresiva de aut\u00f3nomos: <\/strong>tres de los cuatro partidos m\u00e1s votados (PSOE, Ciudadanos y Podemos) en las pasadas elecciones del 20 de diciembre llevaban esta medida en su programa, y el cuarto y m\u00e1s votado, el PP, dejaba la puerta abierta. A fecha de hoy est\u00e1 por ver qui\u00e9n y c\u00f3mo gobierna en 2016 pero lo que parece claro es que el terreno est\u00e1 abonado para una posible aprobaci\u00f3n de una cuota progresiva a la seguridad social en la que los aut\u00f3nomos paguen proporcionalmente a sus ingresos y en la que los que no lleguen al salario m\u00ednimo est\u00e9n exentos.<\/li>\n<\/ul>\n<ul style=\"text-align: justify;\">\n<li><strong>Ampliaci\u00f3n de la Tarifa Plana para aut\u00f3nomos societarios nuevos:<\/strong> En 2015 se esperaba la extensi\u00f3n de la tarifa plana a este colectivo, pero finalmente la Ley de Promoci\u00f3n del Empleo Aut\u00f3nomo no la incluy\u00f3. Dada la injusticia y el freno a la creaci\u00f3n de empleo que supone esta exclusi\u00f3n, que penaliza la creaci\u00f3n de nuevas sociedades y teniendo en cuenta los programas electorales de los principales partidos con opci\u00f3n de formar gobierno, dejamos abierta una rendija a la posible aprobaci\u00f3n de una medida as\u00ed para finales de 2016.<\/li>\n<\/ul>\n<p style=\"text-align: justify;\"><em><strong>HACIENDA E IMPUESTOS DE LOS AUT\u00d3NOMOS<\/strong><\/em><\/p>\n<ul style=\"text-align: justify;\">\n<li><strong>Retenciones de los profesionales aut\u00f3nomos: <\/strong>se mantienen en el 15% las retenciones que los profesionales aut\u00f3nomos practican en sus facturas. Las retenciones de los nuevos profesionales aut\u00f3nomos ser\u00e1n del 7% durante el a\u00f1o en que se dan de alta y los dos siguientes. Recordemos que estos tipos de retenciones bajaron el pasado mes de julio, adelantando la rebaja que el gobierno ten\u00eda prevista para 2016 y 2017.<\/li>\n<\/ul>\n<ul style=\"text-align: justify;\">\n<li><strong>Requisitos para estar en m\u00f3dulos en 2016:\u00a0<\/strong> el 1 de enero de 2016 entra en vigor finalmente la primera fase de las medidas de la reforma fiscal destinadas a reducir el n\u00famero de aut\u00f3nomos que pueden tributar por m\u00f3dulos. Se endurecen los requisitos a cumplir, lo que puede obligar a muchos aut\u00f3nomos en m\u00f3dulos a pasar al r\u00e9gimen de estimaci\u00f3n directa: el m\u00e1ximo de ingresos baja de 450.000 a 250.000 euros anuales y el de compras de 300.000 a 250.000 (En 2018 ambos l\u00edmites bajar\u00e1n a 150.000). Adem\u00e1s quedan excluidas las actividades obligadas a practicar retenciones en sus facturas, es decir, las divisiones 3, 4, y 5 de la secci\u00f3n primera de las Tarifas del IAE, lo que deja fuera de m\u00f3dulos a los sectores de fabricaci\u00f3n y construcci\u00f3n (alba\u00f1iler\u00eda, fontaner\u00eda, instaladores, carpinter\u00eda, cerrajer\u00eda, pintura\u2026). Y se reduce de 5 a 4 el n\u00ba m\u00e1ximo de veh\u00edculos en el caso de transporte por carretera y mudanzas.<\/li>\n<\/ul>\n<ul style=\"text-align: justify;\">\n<li><strong>M\u00f3dulos 2016:<\/strong> Se mantienen los mismos m\u00f3dulos de IRPF e IVA que en 2015 y en a\u00f1os anterioees, al igual que se mantiene la reducci\u00f3n general en el rendimiento neto del 5%.<\/li>\n<\/ul>\n<ul style=\"text-align: justify;\">\n<li><strong>Impuesto de Sociedades:<\/strong> en 2016 ser\u00e1 aplicable la segunda fase de la rebaja en los tipos del impuesto de sociedades, que pasan con car\u00e1cter general del 28% al 25%, desapareciendo los tipos reducidos para empresas de reducida dimensi\u00f3n. En consecuencia, las pymes, que ya contaban con un tipo del 25% para los primeros 300.000 euros de beneficio, s\u00f3lo se ver\u00e1n beneficiadas si tienen un beneficio superior a dicha cantidad. En cuanto a las sociedades limitadas de nueva creaci\u00f3n se mantiene el tipo reducido del 15% durante los dos primeros periodos, no siendo aplicable a entidades patrimoniales.<\/li>\n<\/ul>\n<ul style=\"text-align: justify;\">\n<li><strong>Sociedades civiles<\/strong>: desde el 1 de enero de 2016 las sociedades civiles que tengan un objeto mercantil, es decir, que desarrollen una actividad econ\u00f3mica, deber\u00e1n tributar por el impuesto de sociedades en lugar de hacerlo por el IRPF en atribuci\u00f3n de rentas como hasta ahora. En caso de que los socios no quisieran tributar por el impuesto de sociedades dispondr\u00e1n de seis meses para disolver y liquidar la sociedad civil, aplic\u00e1ndose en ese periodo un r\u00e9gimen fiscal especial para que la operaci\u00f3n no tenga coste.<\/li>\n<\/ul>\n<ul style=\"text-align: justify;\">\n<li><strong>Comunidades de Bienes<\/strong>: a pesar de que parec\u00eda de que las Comunidades de Bienes (CB) tambi\u00e9n iban a tener que tributar por el impuesto de sociedades conforme a la aplicaci\u00f3n del art\u00edculo 7 del impuesto de sociedades, las consultas emitidas por Hacienda indican que se mantiene el r\u00e9gimen de atribuci\u00f3n de rentas por el IRPF para las CB.<\/li>\n<\/ul>\n<ul style=\"text-align: justify;\">\n<li><strong>Retenciones de administradores:<\/strong> las retenciones de los administradores y consejeros de pymes que sean sociedades bajan del 37% al 35% y del 19,5% al 19% en el caso de que el volumen de ingresos del \u00faltimo ejercicio sea inferior a 100.000 euros.<\/li>\n<\/ul>\n<p style=\"text-align: justify;\"><strong><em>CONTRATACION DE TRABAJADORES:<\/em><\/strong><\/p>\n<ul style=\"text-align: justify;\">\n<li><strong>Nuevo sistema de tramitaci\u00f3n de bajas laborales: <\/strong>a lo largo de 2016 las Comunidades Aut\u00f3nomas ir\u00e1n implantando el nuevo sistema de bajas laborales en vigor desde el 1 de diciembre de 2015 y que contempla periodos de baja predeterminados para determinadas dolencias y enfermedades, la potestad de las mutuas de solicitar el alta de los aut\u00f3nomos si consideran que la persona ya est\u00e1 recuperada y el hecho de que los m\u00e9dicos de urgencias puedan conceder la baja directamente.<\/li>\n<\/ul>\n<ul style=\"text-align: justify;\">\n<li><strong>Bonificaciones en la cotizaci\u00f3n de trabajadores indefinidos:<\/strong> en agosto de 2016 finaliza el plazo para la solicitud de ayudas de este tipo, consistentes en una bonificaci\u00f3n por la que quedan exentos de cotizaci\u00f3n por contigencias comunes los primeros 500 euros de la n\u00f3mina del trabajador. Dependiendo del gobierno que se forme veremos si se prorroga esta medida, se ampl\u00eda o por el contrario se elimina.<\/li>\n<\/ul>\n<p style=\"text-align: justify;\"><em><strong>LOPD<\/strong><\/em><\/p>\n<ul style=\"text-align: justify;\">\n<li><strong>Adaptaci\u00f3n a la resoluci\u00f3n de Safe Harbor:<\/strong> las pymes y aut\u00f3nomos que almacenen datos personales en servidores de Estados Unidos, por ejemplo las que utilizan Dropbox, Mailchimp o Google Apps, tienen hasta el 29 de enero para adaptarse a las recomendaciones de la Agencia Espa\u00f1ola de Protecci\u00f3n de Datos (AEPD) para dar respuesta a la resoluci\u00f3n Safe Harbor del Tribunal de Justicia Europeo. Para ello deber\u00e1n firmar un contrato con sus proveedores de servicios donde estos se comprometan a cumplir con los est\u00e1ndares europeos e informar de dicho acuerdo a la AEPD. O como alternativa pasar a trabajar con proveedores con datacenters en Europa.<\/li>\n<\/ul>\n<p style=\"text-align: justify;\"><em><strong>EMPRENDEDORES<br \/>\n<\/strong><\/em><\/p>\n<ul style=\"text-align: justify;\">\n<li><strong>Ampliaci\u00f3n de la capitalizaci\u00f3n del desempleo:<\/strong> desde el pasado noviembre los mayores de 30 a\u00f1os tambi\u00e9n tienen posibilidad de capitalizar el 100% de la prestaci\u00f3n por desempleo para financiar sus inversiones. Adem\u00e1s, se permite capitalizar para formar parte de una S.L. Son medidas que en 2016 permitir\u00e1n que esta medida se extienda a emprendedores que hasta ahora no pod\u00edan acceder a ella.<\/li>\n<\/ul>\n<ul style=\"text-align: justify;\">\n<li><strong>Compatibilizar el paro con ser aut\u00f3nomo:<\/strong> otra de las novedades importantes de la Ley de Promoci\u00f3n del Empleo Aut\u00f3nomo que ha entrado en vigor a final de 2015 y que tendr\u00e1 pleno efecto en 2016 es la posibilidad de compatibilizar el cobro del desempleo con el alta en aut\u00f3nomos, pudiendo mantener la prestaci\u00f3n durante 9 meses.<\/li>\n<\/ul>\n<p style=\"text-align: justify;\"><strong><em>CALENDARIOS<\/em><\/strong><\/p>\n<ul style=\"text-align: justify;\">\n<li><strong>Calendarios 2016<\/strong>:\u00a0ya puedes consultar en Infoaut\u00f3nomos el\u00a0calendario fiscal del aut\u00f3nomo y la pyme y descargar el calendario laboral\u00a0de 2015. Si no lo has hecho ya, debes\u00a0registrarte para este \u00faltimo en nuestro club profesional, con m\u00e1s de 181.000 aut\u00f3nomos y emprendedores registrados. \u00a1Te esperamos!<\/li>\n<\/ul>\n<p style=\"text-align: justify;\"><em>Imagen: freedigitalphoto<\/em><\/p>\n","protected":false},"excerpt":{"rendered":"<p>2016 ya est\u00e1 aqu\u00ed, un a\u00f1o nuevo que deseamos venga cargado buenas noticias y bienestar&#8230;<\/p>\n","protected":false},"author":1,"featured_media":5728,"comment_status":"closed","ping_status":"closed","sticky":false,"template":"","format":"standard","meta":{"_coblocks_attr":"","_coblocks_dimensions":"","_coblocks_responsive_height":"","_coblocks_accordion_ie_support":"","jetpack_post_was_ever_published":false,"_jetpack_newsletter_access":"","_jetpack_dont_email_post_to_subs":false,"_jetpack_newsletter_tier_id":0,"_jetpack_memberships_contains_paywalled_content":false,"_jetpack_memberships_contains_paid_content":false,"footnotes":"","jetpack_publicize_message":"","jetpack_publicize_feature_enabled":true,"jetpack_social_post_already_shared":false,"jetpack_social_options":{"image_generator_settings":{"template":"highway","default_image_id":0,"enabled":false},"version":2}},"categories":[44,15],"tags":[1247,1922,1883,1923],"class_list":["post-5727","post","type-post","status-publish","format-standard","has-post-thumbnail","hentry","category-noticias-de-hoy","category-ultimas-noticias","tag-autonomia","tag-calendario","tag-cuota","tag-fiscalidad"],"jetpack_publicize_connections":[],"jetpack_featured_media_url":"https:\/\/i0.wp.com\/miradordeatarfe.es\/wp-content\/uploads\/2015\/12\/calendario-2016.jpg?fit=400%2C352&ssl=1","jetpack_likes_enabled":true,"jetpack_sharing_enabled":true,"_links":{"self":[{"href":"https:\/\/miradordeatarfe.es\/index.php?rest_route=\/wp\/v2\/posts\/5727","targetHints":{"allow":["GET"]}}],"collection":[{"href":"https:\/\/miradordeatarfe.es\/index.php?rest_route=\/wp\/v2\/posts"}],"about":[{"href":"https:\/\/miradordeatarfe.es\/index.php?rest_route=\/wp\/v2\/types\/post"}],"author":[{"embeddable":true,"href":"https:\/\/miradordeatarfe.es\/index.php?rest_route=\/wp\/v2\/users\/1"}],"replies":[{"embeddable":true,"href":"https:\/\/miradordeatarfe.es\/index.php?rest_route=%2Fwp%2Fv2%2Fcomments&post=5727"}],"version-history":[{"count":1,"href":"https:\/\/miradordeatarfe.es\/index.php?rest_route=\/wp\/v2\/posts\/5727\/revisions"}],"predecessor-version":[{"id":5729,"href":"https:\/\/miradordeatarfe.es\/index.php?rest_route=\/wp\/v2\/posts\/5727\/revisions\/5729"}],"wp:featuredmedia":[{"embeddable":true,"href":"https:\/\/miradordeatarfe.es\/index.php?rest_route=\/wp\/v2\/media\/5728"}],"wp:attachment":[{"href":"https:\/\/miradordeatarfe.es\/index.php?rest_route=%2Fwp%2Fv2%2Fmedia&parent=5727"}],"wp:term":[{"taxonomy":"category","embeddable":true,"href":"https:\/\/miradordeatarfe.es\/index.php?rest_route=%2Fwp%2Fv2%2Fcategories&post=5727"},{"taxonomy":"post_tag","embeddable":true,"href":"https:\/\/miradordeatarfe.es\/index.php?rest_route=%2Fwp%2Fv2%2Ftags&post=5727"}],"curies":[{"name":"wp","href":"https:\/\/api.w.org\/{rel}","templated":true}]}}