{"id":57280,"date":"2022-11-11T11:25:01","date_gmt":"2022-11-11T10:25:01","guid":{"rendered":"https:\/\/miradordeatarfe.es\/?p=57280"},"modified":"2022-11-09T13:55:07","modified_gmt":"2022-11-09T12:55:07","slug":"munoz-molina-ida-y-vuelta-una-serie-liquidada-por-albverto-granados","status":"publish","type":"post","link":"https:\/\/miradordeatarfe.es\/?p=57280","title":{"rendered":"\u00abMU\u00d1OZ MOLINA. Ida y vuelta: Una serie liquidada\u00bb por Alberto Granados"},"content":{"rendered":"<h3 style=\"text-align: justify;\">El suplemento de humanidades de <em>El Pa\u00eds<\/em>, <em>Babelia<\/em>, insert\u00f3 el s\u00e1bado 29 de octubre una nota en que nos hac\u00eda saber que, debido a una redistribuci\u00f3n de las columnas period\u00edsticas de los medios vinculados al peri\u00f3dico, Antonio Mu\u00f1oz Molina abandona su colaboraci\u00f3n semanal en el suplemento, para incorporarse a la secci\u00f3n de Opini\u00f3n los s\u00e1bados a partir del pr\u00f3ximo d\u00eda 5 de noviembre.<\/h3>\n<p style=\"text-align: justify;\">Se liquida as\u00ed su serie m\u00e1s larga, \u201cIda y vuelta\u201d. Mu\u00f1oz Molina, que tiene una secci\u00f3n fija en distintos lugares del peri\u00f3dico desde 1990, salvo algunos per\u00edodos, public\u00f3 su primer art\u00edculo de esta serie el 27 de octubre de 2007 y se ha prolongado hasta 2022, 15 a\u00f1os en cartel con un total de 730 textos.<\/p>\n<p style=\"text-align: justify;\">Setecientos treinta art\u00edculos y 15 a\u00f1os no llegan a batir un <em>record<\/em> en el campo period\u00edstico, pero suponen todo un corpus considerable. Son a\u00f1os que el autor pasa entre Madrid, Nueva York y, m\u00e1s recientemente, Lisboa. Es posible que el ep\u00edgrafe \u201cIda y vuelta\u201d tenga su origen en el mundo del flamenco. Los cantes de ida y vuelta, de los que se ha ocupado m\u00e1s de una vez, eran aquellos que, originados en Espa\u00f1a, cruzaban al continente americano donde adquir\u00edan una impronta diferente que dio origen a nuevos palos (la guajira, la colombiana o la vidala, por ejemplo). Tal vez, el autor sinti\u00f3 que su columnismo se enriquec\u00eda con esa doble vida y esa influencia de sus continuas idas y vueltas de un continente a otro. Es, al menos, mi hip\u00f3tesis.<\/p>\n<p style=\"text-align: justify;\">La serie contiene materiales muy diversos, de los que solo voy a enumerar sucintamente algunas categor\u00edas<\/p>\n<p style=\"text-align: justify;\"><img decoding=\"async\" class=\"CToWUd a6T alignright\" tabindex=\"0\" src=\"https:\/\/ci5.googleusercontent.com\/proxy\/nzYhc3tYuPWDY6PmYFrbhJsFpmabtWjK1T3uhAN8EV1_e5FtMwcWk_Ltc0BrCDM3qdD5YnO5F8VDweQtJsD48DzGdGnJKYG2oxC-0Zzx6DM-EmJPrIvISrrQzOQm6BHi5VUEbKbxN7hTsu0W=s0-d-e1-ft#https:\/\/albertogranados.files.wordpress.com\/2022\/11\/7lfbgx2zjowfck7zjic5oimj2a.webp?w=560\" alt=\"\" data-bit=\"iit\" \/><\/p>\n<p style=\"text-align: justify;\">Antonio Mu\u00f1oz Molina en 2007 (Imagen sin amenci\u00f3n de autor\u00eda de El Pa\u00eds<\/p>\n<p style=\"text-align: justify;\">ACTORES: Fernando Fern\u00e1n G\u00f3mez, al que en otros art\u00edculos ha dedicado elogios y muestras de afecto.<\/p>\n<p style=\"text-align: justify;\">CIUDADES: Cartagena de Indias, Praga, Memphis, Madrid , Varsovia, Lisboa, Tur\u00edn<\/p>\n<p style=\"text-align: justify;\">COMPOSITORES E INT\u00c9RPRETES DE M\u00daSICA: Frederic Mompou Javier Perianes, Falla, Tete Montoliu, Daniel Baremboim\u2026\u00a0<\/p>\n<p style=\"text-align: justify;\">ESCRITORES: Mars\u00e9, Coetze\u00e9, Alberti, Malcolm Lowry, Bellow, Philip Roth, Garc\u00eda M\u00e1rquez, Raymond Carver, Verne, Proust, Gald\u00f3s, Idea Vilari\u00f1o, Vidiadhar Surajprasad Naipaul\u2026<\/p>\n<p style=\"text-align: justify;\">EXPOSICIONES: <em>El retrato moderno en Espa\u00f1a (1906-1936) en la<\/em> Academia de Bellas Artes San Fernando; Colecci\u00f3n Abell\u00f3 en el Thysen; <em>\u2018Ed van der Elsken\u2019. Sala B\u00e1rbara de Braganza de la Fundaci\u00f3n Mapfre; Juan Mu\u00f1oz: a retrospective<\/em> est\u00e1 abierta en la Tate Modern de Londres;<\/p>\n<p style=\"text-align: justify;\">FOT\u00d3GRAFOS: Alfonso, Masats, Catal\u00e0-Roca, Centelles, Cristina Garc\u00eda Rodero\u2026<\/p>\n<p style=\"text-align: justify;\">PINTORES: Leiro, Goya, Juan Gris, Sorolla, Nicolas Poussin, Ignacio Zuloaga, Rubens\u2026<\/p>\n<p style=\"text-align: justify;\">Habr\u00eda que a\u00f1adir su visi\u00f3n de personajes con los que ha coincidido, varias decenas de libros que ha le\u00eddo y le han producido cierta inquietud, la situaci\u00f3n pol\u00edtica nacional y mundial, visi\u00f3n personal de algunos pol\u00edticos, algunas pel\u00edculas y series, \u00a0etc.\u00a0<\/p>\n<p style=\"text-align: justify;\">Se trata de un conjunto disperso y variado que siempre ofrece la magia de su prosa. Sin embargo, la serie en su conjunto me parece la m\u00e1s impersonal, la menos comprometida de toda su producci\u00f3n period\u00edstica. No encuentro en estos art\u00edculos la capacidad on\u00edrica del universo de Robinson, Apolodoro o el capit\u00e1n Nemo, ni el lirismo de <em>Escrito en un instante<\/em>, uno de sus libros m\u00e1s desconocidos, pese a su incontestable calidad<em>. <\/em>Mucho menos, la cr\u00edtica social de sus series <em>Traves\u00edas<\/em>, <em>Las apariencias<\/em> o <em>La vida por delante<\/em>, o <em>La m\u00e1quina del tiempo<\/em> (en XLSemanal) ni el rabioso mordente que puso en las columnas de <em>La huerta del Ed\u00e9n<\/em>. Son Mu\u00f1oz Molina, pero otro Mu\u00f1oz Molina.<\/p>\n<p style=\"text-align: justify;\"><img decoding=\"async\" class=\"CToWUd a6T alignleft\" tabindex=\"0\" src=\"https:\/\/ci6.googleusercontent.com\/proxy\/NM13E3IzMb5emG3dum-VhdtvFxpCZSJ_et-dxst1-6tmg1sBq17GDfqGNJXVly2nD1Viq-WfLOK6Dle57f3wH-uGobBOqy_v_t0G3_yg7SLQ5vK-NxpyqpOTrFO6U0GANtuDdkisGFc=s0-d-e1-ft#https:\/\/albertogranados.files.wordpress.com\/2022\/11\/a95533-25ethic-02-2022.webp?w=560\" alt=\"\" data-bit=\"iit\" \/><\/p>\n<p style=\"text-align: justify;\">Antonio Mu\u00f1oz Molina en 2022 . Imagen sin menci\u00f3n de autor\u00eda tomada de Ethic<\/p>\n<p style=\"text-align: justify;\">De nuevo debo recurrir a una hip\u00f3tesis para explicar el exceso de visi\u00f3n personal\u00edsima de la mayor parte de los art\u00edculos de esta serie: <em>Ida y vuelta<\/em> coincide con el regreso del columnista de su bienio al frente del Instituto Cervantes en Nueva York, responsabilidad que asumi\u00f3 por amistad con el entonces director del Instituto y posteriormente ministro de Cultura del gobierno de Rodr\u00edguez Zapatero, C\u00e9sar Antonio Molina. La aceptaci\u00f3n del nombramiento fue criticada por algunos sectores y, tras el cese o dimisi\u00f3n (se hab\u00eda comprometido para ejercer dos a\u00f1os) tal vez necesitara hacer un periodismo menos comprometido, menos cuestionable, lo que no significa en ning\u00fan caso de menor calidad. Y ah\u00ed est\u00e1n, siempre seg\u00fan mi interpretaci\u00f3n, las causas de su apagamiento, de su menor virulencia cr\u00edtica. De todas formas, hay tres campos de nuestra sociedad que hacen al autor reencontrarse con su arrojo acusatorio de siempre: el independentismo catal\u00e1n y sus mentiras, el ascenso de la corriente conservadora neoliberal, especialmente centrado en Donald Trump, en Bolsonaro y en el Madrid de D\u00edaz Ayuso, y la aparici\u00f3n de la pandemia de Covid-19. Estos tres campos tem\u00e1ticos nos devuelven al Mu\u00f1oz Molina cr\u00edtico, beligerante y comprometido al que no me interesa renunciar.<\/p>\n<p style=\"text-align: justify;\">Con todo, algunos de sus art\u00edculos de esta serie son verdaderamente antol\u00f3gicos (<em>Due\u00f1os del mundo<\/em> \u2014Babelia n. 1.452, 21\/09\/2019\u2014) es un fulminante alegato en contra del sistema neoliberal; <em>Defender la cordura<\/em>, <em>Babelia<\/em> n. 1.350 (07\/10\/2017) y <em>En Francoland<\/em> (<em>Babelia<\/em> n. 1.351 -14\/10\/2017-) explican ir\u00f3nicamente los delirios independentistas de Catalu\u00f1a; <em>Presente de indicativo<\/em> &#8211;<em>Babelia<\/em> n. 1.480 -04\/04\/2020-), <em>Querido Calleja<\/em> (<em>Babelia<\/em> n. 1.483 -25\/04\/2020-) exponen su punto de vista sobre el confinamiento y la muerte provocados por la pandemia del coronavirus.<\/p>\n<p style=\"text-align: justify;\">En unos a\u00f1os en que nuestro esquema vital se est\u00e1 resquebrajando, necesitamos la lucidez de sus art\u00edculos y su compromiso. No nos basta con que nos rese\u00f1e libros que quiz\u00e1s no vamos a leer o que nos cuente sus impresiones sobre exposiciones de pintura, escultura o fotograf\u00eda que no est\u00e1n a nuestro alcance. En mi opini\u00f3n, la serie <em>Ida y vuelta<\/em> est\u00e1 amortizada, incluso teniendo la calidad period\u00edstica inherente a su prosa. Terminada la serie, queda esperar lo que desde el s\u00e1bado pr\u00f3ximo nos traiga <em>El Pa\u00eds<\/em>. Tengo mucha curiosidad sobre t\u00edtulo, posici\u00f3n en el peri\u00f3dico, nombre de la nueva serie, extensi\u00f3n de cada t\u00edtulo y, especialmente, el posicionamiento ideol\u00f3gico. Toca esperar.<\/p>\n<p style=\"text-align: justify;\"><strong>Alberto Granados<\/strong><\/p>\n<p>FOTO: EL PAIS<\/p>\n","protected":false},"excerpt":{"rendered":"<p>El suplemento de humanidades de El Pa\u00eds, Babelia, insert\u00f3 el s\u00e1bado 29 de octubre una&#8230;<\/p>\n","protected":false},"author":1,"featured_media":57281,"comment_status":"closed","ping_status":"closed","sticky":false,"template":"","format":"standard","meta":{"_coblocks_attr":"","_coblocks_dimensions":"","_coblocks_responsive_height":"","_coblocks_accordion_ie_support":"","jetpack_post_was_ever_published":false,"_jetpack_newsletter_access":"","_jetpack_dont_email_post_to_subs":false,"_jetpack_newsletter_tier_id":0,"_jetpack_memberships_contains_paywalled_content":false,"_jetpack_memberships_contains_paid_content":false,"footnotes":"","jetpack_publicize_message":"","jetpack_publicize_feature_enabled":true,"jetpack_social_post_already_shared":true,"jetpack_social_options":{"image_generator_settings":{"template":"highway","default_image_id":0,"enabled":false},"version":2}},"categories":[39,1161,44,7671,6937,15],"tags":[990,4300],"class_list":["post-57280","post","type-post","status-publish","format-standard","has-post-thumbnail","hentry","category-opinion-de-alberto-granados","category-ciudadania","category-noticias-de-hoy","category-politica","category-sociedad","category-ultimas-noticias","tag-el-pais","tag-munoz-molina"],"jetpack_publicize_connections":[],"jetpack_featured_media_url":"https:\/\/i0.wp.com\/miradordeatarfe.es\/wp-content\/uploads\/2022\/11\/images-1.jpg?fit=311%2C162&ssl=1","jetpack_likes_enabled":true,"jetpack_sharing_enabled":true,"_links":{"self":[{"href":"https:\/\/miradordeatarfe.es\/index.php?rest_route=\/wp\/v2\/posts\/57280","targetHints":{"allow":["GET"]}}],"collection":[{"href":"https:\/\/miradordeatarfe.es\/index.php?rest_route=\/wp\/v2\/posts"}],"about":[{"href":"https:\/\/miradordeatarfe.es\/index.php?rest_route=\/wp\/v2\/types\/post"}],"author":[{"embeddable":true,"href":"https:\/\/miradordeatarfe.es\/index.php?rest_route=\/wp\/v2\/users\/1"}],"replies":[{"embeddable":true,"href":"https:\/\/miradordeatarfe.es\/index.php?rest_route=%2Fwp%2Fv2%2Fcomments&post=57280"}],"version-history":[{"count":2,"href":"https:\/\/miradordeatarfe.es\/index.php?rest_route=\/wp\/v2\/posts\/57280\/revisions"}],"predecessor-version":[{"id":57296,"href":"https:\/\/miradordeatarfe.es\/index.php?rest_route=\/wp\/v2\/posts\/57280\/revisions\/57296"}],"wp:featuredmedia":[{"embeddable":true,"href":"https:\/\/miradordeatarfe.es\/index.php?rest_route=\/wp\/v2\/media\/57281"}],"wp:attachment":[{"href":"https:\/\/miradordeatarfe.es\/index.php?rest_route=%2Fwp%2Fv2%2Fmedia&parent=57280"}],"wp:term":[{"taxonomy":"category","embeddable":true,"href":"https:\/\/miradordeatarfe.es\/index.php?rest_route=%2Fwp%2Fv2%2Fcategories&post=57280"},{"taxonomy":"post_tag","embeddable":true,"href":"https:\/\/miradordeatarfe.es\/index.php?rest_route=%2Fwp%2Fv2%2Ftags&post=57280"}],"curies":[{"name":"wp","href":"https:\/\/api.w.org\/{rel}","templated":true}]}}