{"id":57311,"date":"2022-11-12T11:43:10","date_gmt":"2022-11-12T10:43:10","guid":{"rendered":"https:\/\/miradordeatarfe.es\/?p=57311"},"modified":"2023-10-21T20:29:42","modified_gmt":"2023-10-21T18:29:42","slug":"atarfenos-del-mundo-de-la-ciencia-ma-gema-fuentes-cano","status":"publish","type":"post","link":"https:\/\/miradordeatarfe.es\/?p=57311","title":{"rendered":"ATARFE\u00d1OS DEL MUNDO DE LA CIENCIA: M\u00aa Gema Fuentes Cano"},"content":{"rendered":"<h3 style=\"text-align: justify;\">M\u00aa Gema Fuentes Cano. Licenciada en Farmacia, Bioqu\u00edmica y Diplomada en Ciencias\u00a0 Religiosas Profesora de Religi\u00f3n en el Colegio EE.PP SAFA de Alcal\u00e1 la Real.<\/h3>\n<p>ATR\u00c9VETE\u00a0A\u00a0DEJARTE\u00a0SORPRENDER\u00a0POR\u00a0LA\u00a0CIENCIA<\/p>\n<p style=\"text-align: justify;\">Piensa un momento&#8230; Todos tenemos tres casas: nuestro mundo, nuestro hogar y nuestro cuerpo. Gracias a la Ciencia hemos descubierto lo grande y espectacular que es nuestro planeta y el universo. Para ello el ser humano ha contado con ciencias emp\u00edricas como la F\u00edsica, la Astrof\u00edsica, las Matem\u00e1ticas,\u00a0 la Qu\u00edmica, la Geolog\u00eda, la Meteorolog\u00eda, las Ciencias Ambientales\u2026y un largo etc\u00e9tera. Nuestra casa, nuestro hogar ha sido dise\u00f1ado por arquitectos, aparejadores y lo han construido alba\u00f1iles, electricistas, fontaneros y carpinteros&#8230;. Gracias a la\u00a0T\u00e9cnica disponemos de aparatos tecnol\u00f3gicos que nos facilitan la vida.<\/p>\n<p style=\"text-align: justify;\">Nuestro cuerpo humano y el de los dem\u00e1s seres vivos son estudiados gracias a la Biolog\u00eda, la\u00a0Bioqu\u00edmica, la Fisiolog\u00eda, la Medicina y ramas sanitarias, la Nutrici\u00f3n y diet\u00e9tica, laMicrobiolog\u00eda\u2026pero adem\u00e1s contamos con otras ciencias human\u00edsticas como la Filosof\u00eda, la Teolog\u00eda, la Sociolog\u00eda, Psicolog\u00eda, Pedagog\u00eda, las Ciencias Pol\u00edticas\u2026que nos ayudan a entendernos como seres humanos, a avanzar y ser mejores personas, a buscar el sentido de\u00a0nuestra vida como sociedad y como individuos.\u00a0Y\u00a0no nos podemos olvidar de las Cienciasart\u00edsticas que embellecen nuestro mundo y generan cultura, nos deleitan los sentidos a trav\u00e9s\u00a0de la literatura, la pintura, la m\u00fasica, el cine\u2026<\/p>\n<p style=\"text-align: justify;\"><a href=\"https:\/\/i0.wp.com\/miradordeatarfe.es\/wp-content\/uploads\/2022\/11\/Maria-Gema-Fuentes-Cano.png?ssl=1\"><img data-recalc-dims=\"1\" loading=\"lazy\" decoding=\"async\" class=\"size-full wp-image-57313 alignleft\" src=\"https:\/\/i0.wp.com\/miradordeatarfe.es\/wp-content\/uploads\/2022\/11\/Maria-Gema-Fuentes-Cano.png?resize=383%2C342&#038;ssl=1\" alt=\"\" width=\"383\" height=\"342\" srcset=\"https:\/\/i0.wp.com\/miradordeatarfe.es\/wp-content\/uploads\/2022\/11\/Maria-Gema-Fuentes-Cano.png?w=383&amp;ssl=1 383w, https:\/\/i0.wp.com\/miradordeatarfe.es\/wp-content\/uploads\/2022\/11\/Maria-Gema-Fuentes-Cano.png?resize=300%2C268&amp;ssl=1 300w\" sizes=\"auto, (max-width: 383px) 100vw, 383px\" \/><\/a>\u00bfNo vas a sumarte al reto de cuidar las tres casas que se nos han dado como regalos?<\/p>\n<p style=\"text-align: justify;\">Aprende, investiga, lee un mont\u00f3n, cuanta m\u00e1s educaci\u00f3n y conocimientos tengas, mejor te vas a sentir porque aprender\u00e1s a ser respetuoso con los dem\u00e1s y con el medio ambiente. No lo dudes, la educaci\u00f3n cambia el mundo, el esfuerzo por aprender y ser culto merece la pena, transforma las sociedades , nos moviliza para ser m\u00e1s solidarios y justos con los dem\u00e1s, a cambiar la mirada para ver al otro, al planeta y a nosotros mismos, como dones preciosos que merece la pena cuidar\u2026Te comparto que de las asignaturas que m\u00e1s me ayudaron a descubrir la magia del mundo y la mano de Dios en todo, fueron Bot\u00e1nica, al estudiar las plantas medicinales, qu\u00e9 pasada el comprender c\u00f3mo la naturaleza nos ofrec\u00eda\u00a0 remedios naturales para curar, Regulaci\u00f3n del Metabolismo y Fisiolog\u00eda, c\u00f3mo a nivel interno est\u00e1 todo perfectamente interconectado para que funcione a la perfecci\u00f3n y Neurobiolog\u00eda, c\u00f3mo nuestro cerebro es por dentro, su funcionamiento fisiol\u00f3gico y c\u00f3mo los f\u00e1rmacos act\u00faan y producen mejor\u00eda.<\/p>\n<p style=\"text-align: justify;\">Si lo piensas con tranquilidad, estamos rodeados de obras perfectas, incre\u00edbles, asombrosas. El estudiar Farmacia y Bioqu\u00edmica me enriquecieron como persona, me abrieron la mente, me fascinaron. Como docente de adolescentes, les animo cada d\u00eda a esforzarse al m\u00e1ximo, a estudiar, a luchar por lo que quieren ser en la vida, a descubrir su vocaci\u00f3n profesional y personal. Me siento muy afortunada de ser una profesora de ciencias y a la vez, de Religi\u00f3n porque ambas no son incompatibles, son como dos alas que nos elevan hacia el conocimiento de la verdad. Queda mucho a\u00fan por investigar, por descubrir, por inventar\u2026en ese eslab\u00f3n de la cadena, est\u00e1 tu nombre escrito\u2026\u00e1nimo y te invito a esforzarte al m\u00e1ximo por aprender. \u00a1Atr\u00e9vete a sorprenderte, a innovar, a formarte, a transformar el mundo en un mundo mejor!! \u00a1Atr\u00e9vete a mirar la Ciencia desde otro prisma y a abrazar el conocimiento, merece la pena!<\/p>\n","protected":false},"excerpt":{"rendered":"<p>M\u00aa Gema Fuentes Cano. Licenciada en Farmacia, Bioqu\u00edmica y Diplomada en Ciencias\u00a0 Religiosas Profesora de&#8230;<\/p>\n","protected":false},"author":1,"featured_media":57312,"comment_status":"closed","ping_status":"closed","sticky":false,"template":"","format":"standard","meta":{"_coblocks_attr":"","_coblocks_dimensions":"","_coblocks_responsive_height":"","_coblocks_accordion_ie_support":"","jetpack_post_was_ever_published":false,"_jetpack_newsletter_access":"","_jetpack_dont_email_post_to_subs":false,"_jetpack_newsletter_tier_id":0,"_jetpack_memberships_contains_paywalled_content":false,"_jetpack_memberships_contains_paid_content":false,"footnotes":"","jetpack_publicize_message":"","jetpack_publicize_feature_enabled":true,"jetpack_social_post_already_shared":true,"jetpack_social_options":{"image_generator_settings":{"template":"highway","default_image_id":0,"enabled":false},"version":2}},"categories":[9597,10778,6539],"tags":[81,9598],"class_list":["post-57311","post","type-post","status-publish","format-standard","has-post-thumbnail","hentry","category-cientificos-atarfenos","category-feria-de-la-ciencia-atarfe","category-personajes-de-ataref","tag-atarfe","tag-cientificos-atarfenos"],"jetpack_publicize_connections":[],"jetpack_featured_media_url":"https:\/\/i0.wp.com\/miradordeatarfe.es\/wp-content\/uploads\/2022\/11\/Imagen1-1.png?fit=371%2C213&ssl=1","jetpack_likes_enabled":true,"jetpack_sharing_enabled":true,"_links":{"self":[{"href":"https:\/\/miradordeatarfe.es\/index.php?rest_route=\/wp\/v2\/posts\/57311","targetHints":{"allow":["GET"]}}],"collection":[{"href":"https:\/\/miradordeatarfe.es\/index.php?rest_route=\/wp\/v2\/posts"}],"about":[{"href":"https:\/\/miradordeatarfe.es\/index.php?rest_route=\/wp\/v2\/types\/post"}],"author":[{"embeddable":true,"href":"https:\/\/miradordeatarfe.es\/index.php?rest_route=\/wp\/v2\/users\/1"}],"replies":[{"embeddable":true,"href":"https:\/\/miradordeatarfe.es\/index.php?rest_route=%2Fwp%2Fv2%2Fcomments&post=57311"}],"version-history":[{"count":1,"href":"https:\/\/miradordeatarfe.es\/index.php?rest_route=\/wp\/v2\/posts\/57311\/revisions"}],"predecessor-version":[{"id":57314,"href":"https:\/\/miradordeatarfe.es\/index.php?rest_route=\/wp\/v2\/posts\/57311\/revisions\/57314"}],"wp:featuredmedia":[{"embeddable":true,"href":"https:\/\/miradordeatarfe.es\/index.php?rest_route=\/wp\/v2\/media\/57312"}],"wp:attachment":[{"href":"https:\/\/miradordeatarfe.es\/index.php?rest_route=%2Fwp%2Fv2%2Fmedia&parent=57311"}],"wp:term":[{"taxonomy":"category","embeddable":true,"href":"https:\/\/miradordeatarfe.es\/index.php?rest_route=%2Fwp%2Fv2%2Fcategories&post=57311"},{"taxonomy":"post_tag","embeddable":true,"href":"https:\/\/miradordeatarfe.es\/index.php?rest_route=%2Fwp%2Fv2%2Ftags&post=57311"}],"curies":[{"name":"wp","href":"https:\/\/api.w.org\/{rel}","templated":true}]}}