{"id":5733,"date":"2015-12-31T10:10:38","date_gmt":"2015-12-31T10:10:38","guid":{"rendered":"http:\/\/miradordeatarfe.es\/?p=5733"},"modified":"2015-12-31T10:09:18","modified_gmt":"2015-12-31T10:09:18","slug":"exito-de-participacion-en-ei-i-torneo-de-futbol-7-viva-la-vega","status":"publish","type":"post","link":"https:\/\/miradordeatarfe.es\/?p=5733","title":{"rendered":"\u00c9xito de participaci\u00f3n en eI I Torneo de F\u00fatbol 7 \u00abViva la Vega\u00bb"},"content":{"rendered":"<p><span class=\"contenidos_subtitulo\">M\u00e1s de mil asistentes y 270 futbolistas de las categor\u00edas de alev\u00edn y benjam\u00edn de ocho municipios se dieron cita el 26 de Diciembre en el campo municipal del Atarfe Industrial para apoyar el proyecto de Vega Educa.El equipo <strong>benjam\u00edn del Atarfe Industrial CF<\/strong> se proclam\u00f3 campe\u00f3n en su categor\u00eda.<\/span><br \/>\n<!--more--><\/p>\n<p>&nbsp;<\/p>\n<p>El <strong>I Torneo de F\u00fatbol 7 \u00abViva la Vega\u00bb<\/strong>, que tuvo lugar el d\u00eda 26 de diciembre en el estadio municipal de Atarfe, congreg\u00f3 a m\u00e1s de mil personas y result\u00f3 toda una experiencia exitosa en lo deportivo. Gracias a la iniciativa del <strong>Atarfe Industrial CF<\/strong>, organizador del evento en colaboraci\u00f3n con el <strong>Ayuntamiento de Atarfe<\/strong> y la <strong>Diputaci\u00f3n de Granada<\/strong>, se logr\u00f3 reunir a ocho equipos de categor\u00eda alev\u00edn y otros 8 de benjam\u00edn de los pueblos de la vega granadina.<\/p>\n<p>En total, unos 270 ni\u00f1os participaron en el torneo para difundir la labor de\u00a0<strong>Vega Educa<\/strong>, un proyecto en defensa del espacio natural que comparten los municipios invitados a esta primera edici\u00f3n.<\/p>\n<p>El objetivo del torneo era precisamente promocionar el trabajo que se lleva a cabo para la conservaci\u00f3n de la Vega granadina y en \u00e9l estuvieron representados los clubes de f\u00fatbol <strong>Atarfe Industrial CF, Club Deportivo Cijuela 2008, Uni\u00f3n Deportiva Maracena, Albolote Soccer, Albolote Club de F\u00fatbol, Celtic de Pulianas <\/strong>y<strong> Club deportivo Chauchina<\/strong>.<\/p>\n<p><strong>En categor\u00eda alev\u00edn se impuso el Albolote Soccer y en benjam\u00edn, el Atarfe Industrial CF<\/strong>. Los trofeos fueron entregados a los capitanes de ambos clubes por el coordinador de Vega Educa,<strong> Juan Raya<\/strong>, en un acto en el que estuvieron presentes el presidente del Atarfe Industrial CF, <strong>Francisco L\u00f3pez<\/strong>, y el concejal de Obras y Servicios del Ayuntamiento de Atarfe,<strong> Jorge Moreno<\/strong>.<\/p>\n<p><img data-recalc-dims=\"1\" decoding=\"async\" src=\"https:\/\/i0.wp.com\/www.ciudadatarfe.com\/data\/fotos_contenidos_web\/1457_1775_20151229140258.jpg?w=640\" alt=\"\" border=\"0\" \/><\/p>\n<p>El Atarfe Industrial, celebrando un gol. Foto cedida por\u00a0<a class=\"enlaces_contenidos\" href=\"http:\/\/futbolcarrasco.com\/\" target=\"_blank\"><strong>F\u00fatbol Carrasco<\/strong><\/a><\/p>\n<p>&nbsp;<\/p>\n","protected":false},"excerpt":{"rendered":"<p>M\u00e1s de mil asistentes y 270 futbolistas de las categor\u00edas de alev\u00edn y benjam\u00edn de&#8230;<\/p>\n","protected":false},"author":1,"featured_media":5734,"comment_status":"closed","ping_status":"closed","sticky":false,"template":"","format":"standard","meta":{"_coblocks_attr":"","_coblocks_dimensions":"","_coblocks_responsive_height":"","_coblocks_accordion_ie_support":"","jetpack_post_was_ever_published":false,"_jetpack_newsletter_access":"","_jetpack_dont_email_post_to_subs":false,"_jetpack_newsletter_tier_id":0,"_jetpack_memberships_contains_paywalled_content":false,"_jetpack_memberships_contains_paid_content":false,"footnotes":"","jetpack_publicize_message":"","jetpack_publicize_feature_enabled":true,"jetpack_social_post_already_shared":false,"jetpack_social_options":{"image_generator_settings":{"template":"highway","default_image_id":0,"enabled":false},"version":2}},"categories":[2,182,44,15],"tags":[81,123,666],"class_list":["post-5733","post","type-post","status-publish","format-standard","has-post-thumbnail","hentry","category-atarfe","category-deportes","category-noticias-de-hoy","category-ultimas-noticias","tag-atarfe","tag-deportes","tag-futbol"],"jetpack_publicize_connections":[],"jetpack_featured_media_url":"https:\/\/i0.wp.com\/miradordeatarfe.es\/wp-content\/uploads\/2015\/12\/BE.jpg?fit=442%2C265&ssl=1","jetpack_likes_enabled":true,"jetpack_sharing_enabled":true,"_links":{"self":[{"href":"https:\/\/miradordeatarfe.es\/index.php?rest_route=\/wp\/v2\/posts\/5733","targetHints":{"allow":["GET"]}}],"collection":[{"href":"https:\/\/miradordeatarfe.es\/index.php?rest_route=\/wp\/v2\/posts"}],"about":[{"href":"https:\/\/miradordeatarfe.es\/index.php?rest_route=\/wp\/v2\/types\/post"}],"author":[{"embeddable":true,"href":"https:\/\/miradordeatarfe.es\/index.php?rest_route=\/wp\/v2\/users\/1"}],"replies":[{"embeddable":true,"href":"https:\/\/miradordeatarfe.es\/index.php?rest_route=%2Fwp%2Fv2%2Fcomments&post=5733"}],"version-history":[{"count":1,"href":"https:\/\/miradordeatarfe.es\/index.php?rest_route=\/wp\/v2\/posts\/5733\/revisions"}],"predecessor-version":[{"id":5735,"href":"https:\/\/miradordeatarfe.es\/index.php?rest_route=\/wp\/v2\/posts\/5733\/revisions\/5735"}],"wp:featuredmedia":[{"embeddable":true,"href":"https:\/\/miradordeatarfe.es\/index.php?rest_route=\/wp\/v2\/media\/5734"}],"wp:attachment":[{"href":"https:\/\/miradordeatarfe.es\/index.php?rest_route=%2Fwp%2Fv2%2Fmedia&parent=5733"}],"wp:term":[{"taxonomy":"category","embeddable":true,"href":"https:\/\/miradordeatarfe.es\/index.php?rest_route=%2Fwp%2Fv2%2Fcategories&post=5733"},{"taxonomy":"post_tag","embeddable":true,"href":"https:\/\/miradordeatarfe.es\/index.php?rest_route=%2Fwp%2Fv2%2Ftags&post=5733"}],"curies":[{"name":"wp","href":"https:\/\/api.w.org\/{rel}","templated":true}]}}