{"id":57450,"date":"2024-11-15T09:44:37","date_gmt":"2024-11-15T08:44:37","guid":{"rendered":"https:\/\/miradordeatarfe.es\/?p=57450"},"modified":"2024-11-05T13:14:47","modified_gmt":"2024-11-05T12:14:47","slug":"sanidad-publica","status":"publish","type":"post","link":"https:\/\/miradordeatarfe.es\/?p=57450","title":{"rendered":"Sanidad p\u00fablica"},"content":{"rendered":"<h3 style=\"text-align: justify;\">El debate debe girar en torno a cuestiones de las que depende el bienestar de la ciudadan\u00eda, que no son ETA o Catalu\u00f1a<\/h3>\n<p class=\"mce capitalize-first-letter\" style=\"text-align: justify;\">No estaba en Madrid por la manifestaci\u00f3n en defensa de la sanidad p\u00fablica. En realidad, pasaba por all\u00ed y he quedado impresionado. Al bajar por la Gran V\u00eda, ve\u00eda miles de personas pero intent\u00e9 llegar a la puerta de Alcal\u00e1 para tener mejor perspectiva. All\u00ed me encontr\u00e9 con otro r\u00edo humano que ven\u00eda por la calle Alcal\u00e1, en paralelo al Retiro, algunos con batas blancas procedentes, imagino, de hospitales de la zona. Como en realidad iba para Atocha, cruc\u00e9 como pude pero al llegar al Paseo del Prado me fue pr\u00e1cticamente imposible continuar hacia abajo. Del sur de Madrid llegaban miles y miles de personas, sin banderas, sin pancartas, m\u00e1s all\u00e1 de cartulinas rudimentariamente elaboradas, pero con la conciencia de que deb\u00edan estar all\u00ed, en defensa de la sanidad p\u00fablica. Yo tambi\u00e9n me sent\u00ed orgulloso de estar all\u00ed, aunque fuera por casualidad.<\/p>\n<p class=\"mce\" style=\"text-align: justify;\">Nunca hab\u00eda visto una manifestaci\u00f3n de esas dimensiones, y he estado en unas cuantas. Es pr\u00e1cticamente imposible contabilizar los manifestantes pues no hab\u00eda una pancarta principal y la ciudadan\u00eda detr\u00e1s. Eran inmensas columnas de personas que hab\u00edan salido de distintos lugares de la ciudad y pretend\u00edan confluir en Cibeles aunque, l\u00f3gicamente, all\u00ed no han podido llegar la mayor\u00eda de ellas.<\/p>\n<p class=\"mce\" style=\"text-align: justify;\">Es importante que la ciudadan\u00eda se manifieste en defensa de la sanidad p\u00fablica. En Espa\u00f1a solemos ocupar el espacio p\u00fablico con pol\u00e9micas sobre asuntos introducidos artificialmente en el debate que no mejoran nuestras vidas. Hablamos de ETA cuando la organizaci\u00f3n terrorista desapareci\u00f3 hace muchos a\u00f1os, derrotada por la democracia espa\u00f1ola. Ahora pretenden situar a Catalu\u00f1a en el centro del debate pol\u00edtico cuando en 2022 ya no es el problema que fue en 2017, por la irresponsabilidad de unos independentistas que violaron la Constituci\u00f3n y la torpeza del Gobierno de entonces.<\/p>\n<p class=\"mce\" style=\"text-align: justify;\">Siempre he pensado que esto nos diferencia de los pa\u00edses con una cultura democr\u00e1tica m\u00e1s desarrollada del centro y norte de Europa. Como nos muestra la serie <i>Borgen<\/i>, en estos pa\u00edses el debate pol\u00edtico no suele girar en torno a cuestiones identitarias o existenciales sino en relaci\u00f3n a pol\u00edticas p\u00fablicas concretas, de las que depende el bienestar de la ciudadan\u00eda, que no son ETA o Catalu\u00f1a sino la salud, los precios, las pensiones o el alquiler.<\/p>\n<p class=\"mce\" style=\"text-align: justify;\">Por ello, al ver a tantos miles de personas manifest\u00e1ndose en defensa de la sanidad p\u00fablica he tenido la esperanza de que podamos ser capaces de situar esta cuesti\u00f3n en el centro del debate pol\u00edtico y, con ello, evitar el desmantelamiento de este servicio p\u00fablico que se est\u00e1 haciendo no s\u00f3lo en Madrid sino tambi\u00e9n en Andaluc\u00eda.<\/p>\n<div id=\"newsletter-box-larayuela\" class=\"WIDGET-PROMETEO-BOX-ACTIVATOR prometeo-content\" data-prometeo-mediaid=\"409\" data-prometeo-widget=\"WIDGET-PROMETEO-BOX-ACTIVATOR\">\n<div id=\"body_modal_Cqjx0TWgQe3tmDfRF5xs\">\n<div id=\"u_body\" class=\"u_body\">\n<div id=\"u_row_1\" class=\"u_row\">\n<div class=\"container\">\n<div class=\"u-row\">\n<div id=\"u_column_1\" class=\"u-col u-col-67p97 u_column\">\n<div class=\"v-col-padding\">\n<div id=\"u_content_image_9\" class=\"u_content_image v-container-padding-padding\">\u00a0<\/div>\n<\/div>\n<\/div>\n<\/div>\n<\/div>\n<\/div>\n<\/div>\n<\/div>\n<\/div>\n<div class=\"pg-body\">\n<div class=\"mce-body \">\n<div id=\"newsletter-box-larayuela\" class=\"WIDGET-PROMETEO-BOX-ACTIVATOR prometeo-content\" data-prometeo-mediaid=\"409\" data-prometeo-widget=\"WIDGET-PROMETEO-BOX-ACTIVATOR\">\n<div id=\"body_modal_Cqjx0TWgQe3tmDfRF5xs\">\n<div id=\"u_body\" class=\"u_body\">\n<div id=\"u_row_1\" class=\"u_row\">\n<div class=\"container\">\n<div class=\"u-row\">\n<div id=\"u_column_2\" class=\"u-col u-col-32p03 u_column\">\n<div class=\"v-col-padding\">\n<div id=\"u_content_image_10\" class=\"u_content_image v-container-padding-padding\">\u00a0<\/div>\n<\/div>\n<\/div>\n<\/div>\n<\/div>\n<\/div>\n<\/div>\n<\/div>\n<\/div>\n<\/div>\n<\/div>\n<div class=\"container-button-comments\">\n<div class=\"infor\">\n<p class=\"author\"><a class=\"lnk \" title=\"Jos\u00e9 Antonio Montilla\" href=\"https:\/\/www.granadahoy.com\/jose_antonio_montilla\/\"><strong>Jos\u00e9 Antonio Montilla<\/strong><\/a><\/p>\n<p>https:\/\/www.granadahoy.com\/opinion\/articulos\/Sanidad-publica_0_1738926195.html<\/p>\n<\/div>\n<\/div>\n","protected":false},"excerpt":{"rendered":"<p>El debate debe girar en torno a cuestiones de las que depende el bienestar de&#8230;<\/p>\n","protected":false},"author":1,"featured_media":57451,"comment_status":"closed","ping_status":"closed","sticky":false,"template":"","format":"standard","meta":{"_coblocks_attr":"","_coblocks_dimensions":"","_coblocks_responsive_height":"","_coblocks_accordion_ie_support":"","jetpack_post_was_ever_published":false,"_jetpack_newsletter_access":"","_jetpack_dont_email_post_to_subs":false,"_jetpack_newsletter_tier_id":0,"_jetpack_memberships_contains_paywalled_content":false,"_jetpack_memberships_contains_paid_content":false,"footnotes":"","jetpack_publicize_message":"","jetpack_publicize_feature_enabled":true,"jetpack_social_post_already_shared":true,"jetpack_social_options":{"image_generator_settings":{"template":"highway","default_image_id":0,"enabled":false},"version":2}},"categories":[1161,44,15,10],"tags":[192,356],"class_list":["post-57450","post","type-post","status-publish","format-standard","has-post-thumbnail","hentry","category-ciudadania","category-noticias-de-hoy","category-ultimas-noticias","category-salud","tag-manifestacion","tag-sanidad-publica"],"jetpack_publicize_connections":[],"jetpack_featured_media_url":"https:\/\/i0.wp.com\/miradordeatarfe.es\/wp-content\/uploads\/2022\/11\/indice.png?fit=224%2C225&ssl=1","jetpack_likes_enabled":true,"jetpack_sharing_enabled":true,"_links":{"self":[{"href":"https:\/\/miradordeatarfe.es\/index.php?rest_route=\/wp\/v2\/posts\/57450","targetHints":{"allow":["GET"]}}],"collection":[{"href":"https:\/\/miradordeatarfe.es\/index.php?rest_route=\/wp\/v2\/posts"}],"about":[{"href":"https:\/\/miradordeatarfe.es\/index.php?rest_route=\/wp\/v2\/types\/post"}],"author":[{"embeddable":true,"href":"https:\/\/miradordeatarfe.es\/index.php?rest_route=\/wp\/v2\/users\/1"}],"replies":[{"embeddable":true,"href":"https:\/\/miradordeatarfe.es\/index.php?rest_route=%2Fwp%2Fv2%2Fcomments&post=57450"}],"version-history":[{"count":1,"href":"https:\/\/miradordeatarfe.es\/index.php?rest_route=\/wp\/v2\/posts\/57450\/revisions"}],"predecessor-version":[{"id":57452,"href":"https:\/\/miradordeatarfe.es\/index.php?rest_route=\/wp\/v2\/posts\/57450\/revisions\/57452"}],"wp:featuredmedia":[{"embeddable":true,"href":"https:\/\/miradordeatarfe.es\/index.php?rest_route=\/wp\/v2\/media\/57451"}],"wp:attachment":[{"href":"https:\/\/miradordeatarfe.es\/index.php?rest_route=%2Fwp%2Fv2%2Fmedia&parent=57450"}],"wp:term":[{"taxonomy":"category","embeddable":true,"href":"https:\/\/miradordeatarfe.es\/index.php?rest_route=%2Fwp%2Fv2%2Fcategories&post=57450"},{"taxonomy":"post_tag","embeddable":true,"href":"https:\/\/miradordeatarfe.es\/index.php?rest_route=%2Fwp%2Fv2%2Ftags&post=57450"}],"curies":[{"name":"wp","href":"https:\/\/api.w.org\/{rel}","templated":true}]}}