{"id":57460,"date":"2022-11-20T11:25:31","date_gmt":"2022-11-20T10:25:31","guid":{"rendered":"https:\/\/miradordeatarfe.es\/?p=57460"},"modified":"2023-10-21T20:28:37","modified_gmt":"2023-10-21T18:28:37","slug":"atarfenos-del-mundo-de-la-ciencia-jose-enrique-granados","status":"publish","type":"post","link":"https:\/\/miradordeatarfe.es\/?p=57460","title":{"rendered":"ATARFE\u00d1OS DEL MUNDO DE LA CIENCIA: JOS\u00c9 ENRIQUE GRANADOS"},"content":{"rendered":"<h3 style=\"text-align: justify;\">Dr. Jos\u00e9 Enrique Granados Torres\u00a0 Bi\u00f3logo. \u00c1rea de conservaci\u00f3n Parque Nacional y Parque Natural de Sierra Nevada\u00a0RNM\u00a0118- Especies cineg\u00e9ticas y plagas\u00a0 Wildlife Ecology &amp; Health<\/h3>\n<p style=\"text-align: justify;\"><a href=\"https:\/\/orcid.org\/0000-0002-9787-9896\"><u>https:\/\/orcid.org\/0000-0002-9787-9896<\/u><\/a><\/p>\n<p style=\"text-align: justify;\"><a href=\"https:\/\/www.researchgate.net\/profile\/Jose-E-Granados-Torres\"><u>https:\/\/www.researchgate.net\/profile\/Jose-E-Granados-Torres<\/u><\/a><\/p>\n<p style=\"text-align: justify;\">Aunque\u00a0tengo\u00a0otras\u00a0aficiones,\u00a0entre\u00a0las\u00a0que\u00a0se\u00a0encuentra\u00a0conocer\u00a0y\u00a0divulgar\u00a0la\u00a0historia\u00a0local,\u00a0mi verdadera pasi\u00f3n se encuentra dentro de las ciencias naturales.<\/p>\n<p style=\"text-align: justify;\">Trabajo en Sierra Nevada y llevo m\u00e1s de 30 a\u00f1os, formando parte de un equipo que est\u00e1 monitorizando las poblaciones de cabra mont\u00e9s y jabal\u00ed que all\u00ed hay. Para saber como se encuentran\u00a0primero\u00a0vemos\u00a0los\u00a0que\u00a0hay,\u00a0los\u00a0machos\u00a0y\u00a0hembras\u00a0que\u00a0componen\u00a0la\u00a0poblaci\u00f3n,\u00a0as\u00ed como las cr\u00edas; edades que tienen, entre otras cosas. Tambi\u00e9n estudio par\u00e1metros\u00a0individuales, cuanto pesan y miden, de que se alimentan, como se relacionan con otros,cuanto se mueven, etc.<\/p>\n<p style=\"text-align: justify;\">Una de las cosas que m\u00e1s investigo es la <em>incidencia de las enfermedades que afectan a estas\u00a0poblaciones.<\/em> Principalmente estudio la sarna, una enfermedad de la piel que provoc\u00f3 hace unos a\u00f1os la pr\u00e1ctica desaparici\u00f3n de la cabra mont\u00e9s en lugares cercanos como Cazorla. El estudio y seguimiento de esta parasitosis nos ha llevado a dise\u00f1ar un plan de manejo para controlar y gestionar las cabras bajo un enfoque adaptativo. M\u00e1xime en un mundo sometido a un progresivo cambio: aumento de las temperaturas, transformaci\u00f3n del h\u00e1bitat, afecciones antr\u00f3picas\u2026<\/p>\n<p style=\"text-align: justify;\">Os invito a sumaros al reto de conservar y conocer este recurso natural, bajo el prisma de la\u00a0ciencia. Es apasionante, os har\u00e1 crecer como personas y ayudar\u00e9is a construir una sociedad\u00a0m\u00e1s justa e igualitaria.<\/p>\n<p><a href=\"https:\/\/i0.wp.com\/miradordeatarfe.es\/wp-content\/uploads\/2022\/11\/Jose-Enrique-Granados-Torres-1-2.jpg?ssl=1\"><img data-recalc-dims=\"1\" loading=\"lazy\" decoding=\"async\" class=\"alignnone size-full wp-image-58150\" src=\"https:\/\/i0.wp.com\/miradordeatarfe.es\/wp-content\/uploads\/2022\/11\/Jose-Enrique-Granados-Torres-1-2.jpg?resize=640%2C740&#038;ssl=1\" alt=\"\" width=\"640\" height=\"740\" srcset=\"https:\/\/i0.wp.com\/miradordeatarfe.es\/wp-content\/uploads\/2022\/11\/Jose-Enrique-Granados-Torres-1-2.jpg?w=1712&amp;ssl=1 1712w, https:\/\/i0.wp.com\/miradordeatarfe.es\/wp-content\/uploads\/2022\/11\/Jose-Enrique-Granados-Torres-1-2.jpg?resize=259%2C300&amp;ssl=1 259w, https:\/\/i0.wp.com\/miradordeatarfe.es\/wp-content\/uploads\/2022\/11\/Jose-Enrique-Granados-Torres-1-2.jpg?resize=885%2C1024&amp;ssl=1 885w, https:\/\/i0.wp.com\/miradordeatarfe.es\/wp-content\/uploads\/2022\/11\/Jose-Enrique-Granados-Torres-1-2.jpg?resize=768%2C888&amp;ssl=1 768w, https:\/\/i0.wp.com\/miradordeatarfe.es\/wp-content\/uploads\/2022\/11\/Jose-Enrique-Granados-Torres-1-2.jpg?resize=1328%2C1536&amp;ssl=1 1328w, https:\/\/i0.wp.com\/miradordeatarfe.es\/wp-content\/uploads\/2022\/11\/Jose-Enrique-Granados-Torres-1-2.jpg?resize=1320%2C1527&amp;ssl=1 1320w\" sizes=\"auto, (max-width: 640px) 100vw, 640px\" \/><\/a><\/p>\n","protected":false},"excerpt":{"rendered":"<p>Dr. Jos\u00e9 Enrique Granados Torres\u00a0 Bi\u00f3logo. \u00c1rea de conservaci\u00f3n Parque Nacional y Parque Natural de&#8230;<\/p>\n","protected":false},"author":1,"featured_media":58148,"comment_status":"closed","ping_status":"closed","sticky":false,"template":"","format":"standard","meta":{"_coblocks_attr":"","_coblocks_dimensions":"","_coblocks_responsive_height":"","_coblocks_accordion_ie_support":"","jetpack_post_was_ever_published":false,"_jetpack_newsletter_access":"","_jetpack_dont_email_post_to_subs":false,"_jetpack_newsletter_tier_id":0,"_jetpack_memberships_contains_paywalled_content":false,"_jetpack_memberships_contains_paid_content":false,"footnotes":"","jetpack_publicize_message":"","jetpack_publicize_feature_enabled":true,"jetpack_social_post_already_shared":true,"jetpack_social_options":{"image_generator_settings":{"template":"highway","default_image_id":0,"enabled":false},"version":2}},"categories":[9597,10778,38,6539],"tags":[5891,4082],"class_list":["post-57460","post","type-post","status-publish","format-standard","has-post-thumbnail","hentry","category-cientificos-atarfenos","category-feria-de-la-ciencia-atarfe","category-opinion-de-jose-enrique-granados","category-personajes-de-ataref","tag-cabra-montes","tag-jose-enrique-granados"],"jetpack_publicize_connections":[],"jetpack_featured_media_url":"https:\/\/i0.wp.com\/miradordeatarfe.es\/wp-content\/uploads\/2022\/11\/Jose-Enrique-Granados-Pico-Veleta_1343275696_97523389_667x375.jpg?fit=667%2C375&ssl=1","jetpack_likes_enabled":true,"jetpack_sharing_enabled":true,"_links":{"self":[{"href":"https:\/\/miradordeatarfe.es\/index.php?rest_route=\/wp\/v2\/posts\/57460","targetHints":{"allow":["GET"]}}],"collection":[{"href":"https:\/\/miradordeatarfe.es\/index.php?rest_route=\/wp\/v2\/posts"}],"about":[{"href":"https:\/\/miradordeatarfe.es\/index.php?rest_route=\/wp\/v2\/types\/post"}],"author":[{"embeddable":true,"href":"https:\/\/miradordeatarfe.es\/index.php?rest_route=\/wp\/v2\/users\/1"}],"replies":[{"embeddable":true,"href":"https:\/\/miradordeatarfe.es\/index.php?rest_route=%2Fwp%2Fv2%2Fcomments&post=57460"}],"version-history":[{"count":5,"href":"https:\/\/miradordeatarfe.es\/index.php?rest_route=\/wp\/v2\/posts\/57460\/revisions"}],"predecessor-version":[{"id":58151,"href":"https:\/\/miradordeatarfe.es\/index.php?rest_route=\/wp\/v2\/posts\/57460\/revisions\/58151"}],"wp:featuredmedia":[{"embeddable":true,"href":"https:\/\/miradordeatarfe.es\/index.php?rest_route=\/wp\/v2\/media\/58148"}],"wp:attachment":[{"href":"https:\/\/miradordeatarfe.es\/index.php?rest_route=%2Fwp%2Fv2%2Fmedia&parent=57460"}],"wp:term":[{"taxonomy":"category","embeddable":true,"href":"https:\/\/miradordeatarfe.es\/index.php?rest_route=%2Fwp%2Fv2%2Fcategories&post=57460"},{"taxonomy":"post_tag","embeddable":true,"href":"https:\/\/miradordeatarfe.es\/index.php?rest_route=%2Fwp%2Fv2%2Ftags&post=57460"}],"curies":[{"name":"wp","href":"https:\/\/api.w.org\/{rel}","templated":true}]}}