{"id":5750,"date":"2016-01-02T10:13:29","date_gmt":"2016-01-02T10:13:29","guid":{"rendered":"http:\/\/miradordeatarfe.es\/?p=5750"},"modified":"2015-12-31T10:19:48","modified_gmt":"2015-12-31T10:19:48","slug":"revalorizacion-de-pensiones-si-no-cambian-las-cosas-lo-peor-esta-por-venir","status":"publish","type":"post","link":"https:\/\/miradordeatarfe.es\/?p=5750","title":{"rendered":"Revalorizaci\u00f3n de pensiones: Si no cambian las cosas, lo peor est\u00e1 por venir"},"content":{"rendered":"<p>El efecto coyuntural de inflaci\u00f3n negativa no consigue, ni tan siquiera, corregir los efectos de la congelaci\u00f3n de pensiones de 2011 y 2012.<!--more--><\/p>\n<p>Hace unos dias se anunci\u00f3 la subida de pensiones <strong>para 2016 en un 0,25%<\/strong>. Dato conocido desde la reforma de pensiones que, como consecuencia de las condiciones impuestas a Espa\u00f1a por el rescate internacional de nuestro sector financiero y, con ello, de nuestra econom\u00eda, aprob\u00f3 el Gobierno y entr\u00f3 en vigor el 27 de diciembre de 2013.<\/p>\n<p>Aquella reforma, que viene aplic\u00e1ndose desde entonces, se alcanz\u00f3 <strong>sin acuerdo parlamentario ni con los interlocutores sociales.<\/strong> Se apart\u00f3 de los consensos alcanzados en esta materia desde 1995 como consecuencia del Pacto de Toledo en materia de pensiones y supone, de hecho, que esa revalorizaci\u00f3n de pensiones del 0,25% anual, se mantendr\u00e1 durante muchos a\u00f1os.<\/p>\n<p><a href=\"https:\/\/i0.wp.com\/miradordeatarfe.es\/wp-content\/uploads\/2015\/12\/v62436_620_269.jpg?ssl=1\" rel=\"attachment wp-att-5751\"><img data-recalc-dims=\"1\" loading=\"lazy\" decoding=\"async\" class=\"alignnone  wp-image-5751\" src=\"https:\/\/i0.wp.com\/miradordeatarfe.es\/wp-content\/uploads\/2015\/12\/v62436_620_269.jpg?resize=640%2C278&#038;ssl=1\" alt=\"v62436_620_269\" width=\"640\" height=\"278\" srcset=\"https:\/\/i0.wp.com\/miradordeatarfe.es\/wp-content\/uploads\/2015\/12\/v62436_620_269.jpg?w=620&amp;ssl=1 620w, https:\/\/i0.wp.com\/miradordeatarfe.es\/wp-content\/uploads\/2015\/12\/v62436_620_269.jpg?resize=300%2C130&amp;ssl=1 300w, https:\/\/i0.wp.com\/miradordeatarfe.es\/wp-content\/uploads\/2015\/12\/v62436_620_269.jpg?resize=600%2C260&amp;ssl=1 600w\" sizes=\"auto, (max-width: 640px) 100vw, 640px\" \/><\/a><\/p>\n<p style=\"text-align: justify;\">Hay que recordar que, antes de la misma se hab\u00eda suspendido la aplicaci\u00f3n de la normativa vigente, que desde 1996 preve\u00eda la revalorizaci\u00f3n de las pensiones con el IPC, en dos ocasiones durante la crisis. La primera, la congelaci\u00f3n aprobada por el gobierno socialista en 2011 (que supuso una p\u00e9rdida de poder adquisitivo de un 2,9% para la mayor\u00eda de pensiones); la segunda, la no regularizaci\u00f3n a final de a\u00f1o de la subida de pensiones aprobada por el Gobierno del Partido Popular en 2012 (que supuso una p\u00e9rdida de poder adquisitivo de 1,9% tambi\u00e9n para la mayor parte de pensionistas).<\/p>\n<p style=\"text-align: justify;\">Con ello, el balance de la revalorizaci\u00f3n de pensiones durante la crisis, es de p\u00e9rdida de poder adquisitivo para 3 de cada 4 pensionistas (-1,10%), lo que se compadece mal con el triunfalismo del Gobierno, que ha intentado e intenta aprovechar la d\u00e9bil situaci\u00f3n de nuestra econom\u00eda acompa\u00f1ada de un per\u00edodo de tasas negativas de inflaci\u00f3n, para presentar como ganancia de poder adquisitivo, lo que es un efecto coyuntural, recogido acr\u00edticamente en demasiadas ocasiones en la informaci\u00f3n publicada.<\/p>\n<p style=\"text-align: justify;\">Pero el problema fundamental es que este no es el mayor problema. Lo peor est\u00e1 por venir. En el momento en que la situaci\u00f3n econ\u00f3mica se normalice y el dato de inflaci\u00f3n se sit\u00fae en los objetivos establecidos por las instituciones europeas (2%), la f\u00f3rmula de revalorizaci\u00f3n de pensiones, tal y como est\u00e1 dise\u00f1ada, sin previsi\u00f3n alguna de incremento de ingresos de la Seguridad Social, supondr\u00e1 una p\u00e9rdida anual de poder adquisitivo importante y sostenida en el tiempo (1,75% anual, con un impacto acumulado mucho mayor a lo largo del periodo medio de permanencia como pensionista). Si Espa\u00f1a volviese a situarse, seg\u00fan nuestra experiencia hist\u00f3rica, en tasas de inflaci\u00f3n superiores, el ajuste ser\u00eda mayor.<\/p>\n<p style=\"text-align: justify;\">Por ello, una m\u00ednima perspectiva exige abordar el anuncio del Gobierno en lo que supone de quiebra del principio de contributividad de nuestras pensiones que, una vez causadas, no tienen garantizado su poder adquisitivo, m\u00e1s bien lo contrario.<\/p>\n<p style=\"text-align: justify;\">Por ello, la actual coyuntura de constituci\u00f3n de nuevas mayor\u00edas de gobierno, debe incluir entre los objetivos de la nueva legislatura, <strong><em>recuperar el consenso en torno al Pacto de Toledo y corregir la actual situaci\u00f3n abordando nuevas f\u00f3rmulas de revalorizaci\u00f3n de pensiones que permitan mantener su poder adquisitivo a lo largo de la vida<\/em> <\/strong>del pensionista como tal, al tiempo que se abordan reformas estructurales del sistema de pensiones para garantizar los ingresos necesarios para mantener el compromiso de solidaridad intergeneracional que est\u00e1 en la base de nuestro sistema de Seguridad Social<\/p>\n<p style=\"text-align: justify;\">\n<p style=\"text-align: justify;\">\n","protected":false},"excerpt":{"rendered":"<p>El efecto coyuntural de inflaci\u00f3n negativa no consigue, ni tan siquiera, corregir los efectos de&#8230;<\/p>\n","protected":false},"author":1,"featured_media":5752,"comment_status":"closed","ping_status":"closed","sticky":false,"template":"","format":"standard","meta":{"_coblocks_attr":"","_coblocks_dimensions":"","_coblocks_responsive_height":"","_coblocks_accordion_ie_support":"","jetpack_post_was_ever_published":false,"_jetpack_newsletter_access":"","_jetpack_dont_email_post_to_subs":false,"_jetpack_newsletter_tier_id":0,"_jetpack_memberships_contains_paywalled_content":false,"_jetpack_memberships_contains_paid_content":false,"footnotes":"","jetpack_publicize_message":"","jetpack_publicize_feature_enabled":true,"jetpack_social_post_already_shared":false,"jetpack_social_options":{"image_generator_settings":{"template":"highway","default_image_id":0,"enabled":false},"version":2}},"categories":[44,15],"tags":[1396,701,1930,883,1929],"class_list":["post-5750","post","type-post","status-publish","format-standard","has-post-thumbnail","hentry","category-noticias-de-hoy","category-ultimas-noticias","tag-congelar","tag-crisis","tag-ipc","tag-pensiones","tag-revalorizar"],"jetpack_publicize_connections":[],"jetpack_featured_media_url":"https:\/\/i0.wp.com\/miradordeatarfe.es\/wp-content\/uploads\/2015\/12\/centenar-pensionistas.jpg?fit=318%2C238&ssl=1","jetpack_likes_enabled":true,"jetpack_sharing_enabled":true,"_links":{"self":[{"href":"https:\/\/miradordeatarfe.es\/index.php?rest_route=\/wp\/v2\/posts\/5750","targetHints":{"allow":["GET"]}}],"collection":[{"href":"https:\/\/miradordeatarfe.es\/index.php?rest_route=\/wp\/v2\/posts"}],"about":[{"href":"https:\/\/miradordeatarfe.es\/index.php?rest_route=\/wp\/v2\/types\/post"}],"author":[{"embeddable":true,"href":"https:\/\/miradordeatarfe.es\/index.php?rest_route=\/wp\/v2\/users\/1"}],"replies":[{"embeddable":true,"href":"https:\/\/miradordeatarfe.es\/index.php?rest_route=%2Fwp%2Fv2%2Fcomments&post=5750"}],"version-history":[{"count":1,"href":"https:\/\/miradordeatarfe.es\/index.php?rest_route=\/wp\/v2\/posts\/5750\/revisions"}],"predecessor-version":[{"id":5753,"href":"https:\/\/miradordeatarfe.es\/index.php?rest_route=\/wp\/v2\/posts\/5750\/revisions\/5753"}],"wp:featuredmedia":[{"embeddable":true,"href":"https:\/\/miradordeatarfe.es\/index.php?rest_route=\/wp\/v2\/media\/5752"}],"wp:attachment":[{"href":"https:\/\/miradordeatarfe.es\/index.php?rest_route=%2Fwp%2Fv2%2Fmedia&parent=5750"}],"wp:term":[{"taxonomy":"category","embeddable":true,"href":"https:\/\/miradordeatarfe.es\/index.php?rest_route=%2Fwp%2Fv2%2Fcategories&post=5750"},{"taxonomy":"post_tag","embeddable":true,"href":"https:\/\/miradordeatarfe.es\/index.php?rest_route=%2Fwp%2Fv2%2Ftags&post=5750"}],"curies":[{"name":"wp","href":"https:\/\/api.w.org\/{rel}","templated":true}]}}