{"id":57529,"date":"2022-11-22T11:17:19","date_gmt":"2022-11-22T10:17:19","guid":{"rendered":"https:\/\/miradordeatarfe.es\/?p=57529"},"modified":"2022-11-21T23:16:02","modified_gmt":"2022-11-21T22:16:02","slug":"el-papeleo-de-los-maestros-por-juan-de-dios-villanueva-roa","status":"publish","type":"post","link":"https:\/\/miradordeatarfe.es\/?p=57529","title":{"rendered":"\u00abEL PAPELEO DE LOS MAESTROS\u00bb por Juan de Dios Villanueva Roa"},"content":{"rendered":"<h3 style=\"text-align: justify;\">Recuerda uno aquellos tiempos en los que los maestros lleg\u00e1bamos a la escuela cargados de libretas corregidas, de ex\u00e1menes corregidos, de fichas hechas de forma artesanal para nuestro alumnado.<\/h3>\n<p style=\"text-align: justify;\">Ech\u00e1bamos all\u00ed la jornada de ma\u00f1ana y tarde, y despu\u00e9s, en la casa, volv\u00edamos a corregir y a\u00fan quedaba tiempo para leer, dar una vuelta por el pueblo, charlar con el personal, distraernos un rato.<\/p>\n<p style=\"text-align: justify;\">Hoy los maestros llegan al colegio cargados de libretas corregidas, de fichas corregidas, de cuadernillos corregidos y de programaciones, informes, instrucciones y dem\u00e1s documentos que desde la administraci\u00f3n educativa les ordenan que rellenen, complementen o generen.<\/p>\n<p style=\"text-align: justify;\">Solo van al colegio por la ma\u00f1ana, salvo los lunes, que repiten, pero el resto del tiempo lo pasan en reuniones on line, en comunicaciones de la m\u00e1s diversa \u00edndole laborando materiales y respondiendo a cuestiones puramente administrativas en las que echan m\u00e1s tiempo que preparando las clases. Y es que la clase pol\u00edtica necesita mucha<br \/>\ninformaci\u00f3n para justificar lo que hace, o lo que hacen los dem\u00e1s. Y ese tiempo se lo cogen, as\u00ed, de soslayo, al\u00a0 personal docente, que en lugar de estar dedicando su esfuerzo e inteligencia a su alumnado est\u00e1 preparando tal cantidad de materiales prescindibles que cuando llega a lo que en realidad es \u00fatil para las futuras generaciones ha tocado el timbre, su timbre personal, ese que cada cual debe tener para s\u00ed mismo.<\/p>\n<p style=\"text-align: justify;\">La administraci\u00f3n educativa debe tener tal archivo de informes, programaciones y dem\u00e1s papeles digitales que necesitar\u00edan siete mandatos para ponerse al d\u00eda, y tal vez a eso aspiran, a los siete mandatos, no a ponerse al d\u00eda.<\/p>\n","protected":false},"excerpt":{"rendered":"<p>Recuerda uno aquellos tiempos en los que los maestros lleg\u00e1bamos a la escuela cargados de&#8230;<\/p>\n","protected":false},"author":1,"featured_media":57531,"comment_status":"closed","ping_status":"closed","sticky":false,"template":"","format":"standard","meta":{"_coblocks_attr":"","_coblocks_dimensions":"","_coblocks_responsive_height":"","_coblocks_accordion_ie_support":"","jetpack_post_was_ever_published":false,"_jetpack_newsletter_access":"","_jetpack_dont_email_post_to_subs":false,"_jetpack_newsletter_tier_id":0,"_jetpack_memberships_contains_paywalled_content":false,"_jetpack_memberships_contains_paid_content":false,"footnotes":"","jetpack_publicize_message":"","jetpack_publicize_feature_enabled":true,"jetpack_social_post_already_shared":true,"jetpack_social_options":{"image_generator_settings":{"template":"highway","default_image_id":0,"enabled":false},"version":2}},"categories":[187,1161,9772,44,6920,15],"tags":[7802,882,475],"class_list":["post-57529","post","type-post","status-publish","format-standard","has-post-thumbnail","hentry","category-centros-educativos","category-ciudadania","category-opinion-de-juan-de-dios-villanueva","category-noticias-de-hoy","category-tecnologia","category-ultimas-noticias","tag-burocracia","tag-maestros","tag-papeleo"],"jetpack_publicize_connections":[],"jetpack_featured_media_url":"https:\/\/i0.wp.com\/miradordeatarfe.es\/wp-content\/uploads\/2022\/11\/f.elconfidencial.com_original_aff_3a7_ced_aff3a7cedd5588ad32e4702c4996706b.jpg?fit=1600%2C899&ssl=1","jetpack_likes_enabled":true,"jetpack_sharing_enabled":true,"_links":{"self":[{"href":"https:\/\/miradordeatarfe.es\/index.php?rest_route=\/wp\/v2\/posts\/57529","targetHints":{"allow":["GET"]}}],"collection":[{"href":"https:\/\/miradordeatarfe.es\/index.php?rest_route=\/wp\/v2\/posts"}],"about":[{"href":"https:\/\/miradordeatarfe.es\/index.php?rest_route=\/wp\/v2\/types\/post"}],"author":[{"embeddable":true,"href":"https:\/\/miradordeatarfe.es\/index.php?rest_route=\/wp\/v2\/users\/1"}],"replies":[{"embeddable":true,"href":"https:\/\/miradordeatarfe.es\/index.php?rest_route=%2Fwp%2Fv2%2Fcomments&post=57529"}],"version-history":[{"count":1,"href":"https:\/\/miradordeatarfe.es\/index.php?rest_route=\/wp\/v2\/posts\/57529\/revisions"}],"predecessor-version":[{"id":57532,"href":"https:\/\/miradordeatarfe.es\/index.php?rest_route=\/wp\/v2\/posts\/57529\/revisions\/57532"}],"wp:featuredmedia":[{"embeddable":true,"href":"https:\/\/miradordeatarfe.es\/index.php?rest_route=\/wp\/v2\/media\/57531"}],"wp:attachment":[{"href":"https:\/\/miradordeatarfe.es\/index.php?rest_route=%2Fwp%2Fv2%2Fmedia&parent=57529"}],"wp:term":[{"taxonomy":"category","embeddable":true,"href":"https:\/\/miradordeatarfe.es\/index.php?rest_route=%2Fwp%2Fv2%2Fcategories&post=57529"},{"taxonomy":"post_tag","embeddable":true,"href":"https:\/\/miradordeatarfe.es\/index.php?rest_route=%2Fwp%2Fv2%2Ftags&post=57529"}],"curies":[{"name":"wp","href":"https:\/\/api.w.org\/{rel}","templated":true}]}}