{"id":57576,"date":"2022-11-24T09:18:52","date_gmt":"2022-11-24T08:18:52","guid":{"rendered":"https:\/\/miradordeatarfe.es\/?p=57576"},"modified":"2022-11-21T18:23:36","modified_gmt":"2022-11-21T17:23:36","slug":"cop-27-siete-logros-ocho-problemas-y-una-gran-decepcion","status":"publish","type":"post","link":"https:\/\/miradordeatarfe.es\/?p=57576","title":{"rendered":"COP 27: siete logros, ocho problemas y una gran decepci\u00f3n"},"content":{"rendered":"<h3 style=\"text-align: justify;\">Los 636 grupos de presi\u00f3n de los combustibles f\u00f3siles y los directores generales de BP, Shell, Total y Occidental que recorrieron los pasillos deseosos de mostrar sus credenciales ecol\u00f3gicas estaban aqu\u00ed por una raz\u00f3n<\/h3>\n<p style=\"text-align: justify;\">En contra de lo que pueda sugerir el t\u00edtulo de este art\u00edculo, los logros de esta 27 conferencia de las partes, de esta 27 cumbre del clima, no estuvieron equilibrados con los fracasos. El balance global de la COP27 celebrada en Sharm el Sheikh (Egipto) es decepcionante. Se ha hecho p\u00fablica la <a href=\"https:\/\/unfccc.int\/sites\/default\/files\/resource\/cp2022_L19_adv.pdf\" rel=\"external noopener noreferrer\" data-wpel-link=\"external\">propuesta final de decisiones<\/a> y, a pesar del estilo administrativo y no siempre directo y claro, puede leerse en varios de los puntos palabras como \u201cpreocupaci\u00f3n\u201d y \u201cno se alcanzan objetivos\u201d.<\/p>\n<p style=\"text-align: justify;\">En un <a href=\"https:\/\/ec.europa.eu\/commission\/presscorner\/detail\/en\/SPEECH_22_7042\" rel=\"external noopener noreferrer\" data-wpel-link=\"external\">sencillo y directo discurso de clausura<\/a>, el neerland\u00e9s Frans Timmermans, vicepresidente primero de la Comisi\u00f3n Europea, tras recordar que los amigos solo lo son si pueden decirse cosas que no son agradables de o\u00edr, inst\u00f3 a seguir trabajando una vez visto el escaso avance. Ha puesto, como todos los a\u00f1os, la vista en la siguiente COP.<\/p>\n<h2 style=\"text-align: justify;\">La distancia entre d\u00f3nde estamos y d\u00f3nde deber\u00edamos estar es mayor que nunca<\/h2>\n<p style=\"text-align: justify;\"><a href=\"https:\/\/sciencemediacentre.es\/reacciones-al-fondo-sobre-perdidas-y-danos-y-otros-acuerdos-logrados-en-la-cop27\" rel=\"external noopener noreferrer\" data-wpel-link=\"external\">Las reacciones<\/a> no se han hecho esperar. La distancia entre donde debemos estar y donde estamos en materia de emisiones de gases de efecto invernadero, derechos humanos y equilibrios geopol\u00edticos es m\u00e1s grande que nunca. Cuando m\u00e1s necesitamos acciones y compromisos para atajar la crisis clim\u00e1tica volvemos a escuchar promesas y planes futuros, objetivos sin agendas concretas y presiones para que apenas nada cambie y, sin embargo, que cambie lo m\u00ednimo necesario que pueda dar la impresi\u00f3n de que los m\u00e1s de 40\u00a0000 participantes en la COP27 no se reunieron en Egipto para nada.<\/p>\n<p style=\"text-align: justify;\">Ha resultado una cumbre del clima distra\u00edda con los s\u00edntomas e incapaz de abordar causas y soluciones, como lo fueron la mayor\u00eda de sus antecesoras. Solo que cada a\u00f1o la brecha entre donde habr\u00eda que estar y donde estamos se hace m\u00e1s peligrosa. No obstante, comenzaremos por las siete cosas que s\u00ed se lograron o que s\u00ed abren esperanzas, para continuar con las ocho cosas que explican el sentimiento generalizado de desilusi\u00f3n y preocupaci\u00f3n. Precisamente el tipo de sentimiento que todo el activismo y todo el debate social que tuvo lugar las semanas anteriores quer\u00eda evitar.<\/p>\n<h2 style=\"text-align: justify;\">Siete puntos positivos que alimentan algo de esperanza<\/h2>\n<p style=\"text-align: justify;\"><strong>Nueva ola geopol\u00edtica<\/strong><\/p>\n<p style=\"text-align: justify;\">Esta COP deja clara la complejidad de la geopol\u00edtica y las dificultades para lograr la transici\u00f3n global hacia una descarbonizac\u00f3n de la econom\u00eda. Se ha avanzado en la comprensi\u00f3n del problema y por d\u00f3nde deben ir las soluciones, pero los l\u00edderes mundiales deben moverse de las tensiones (como la invasi\u00f3n de Ucrania) y aprovechar al m\u00e1ximo los nuevos acontecimientos geopol\u00edticos positivos, como el regreso de Brasil a la escena mundial y el acercamiento clim\u00e1tico entre Estados Unidos y China. Aunque Lula no asuma el cargo hasta el 1 de enero de 2023, <a href=\"https:\/\/www.reuters.com\/business\/cop\/brazils-lula-put-climate-center-first-post-election-speech-abroad-2022-11-16\/\" rel=\"external noopener noreferrer\" data-wpel-link=\"external\">ha presentado su visi\u00f3n para la Amazon\u00eda<\/a>, la mayor selva tropical del mundo y foco de la indignaci\u00f3n internacional con Bolsonaro. Una de las principales cosas que quiere hacer es volver a poner a Brasil en el centro de la geopol\u00edtica internacional. Ha tenido m\u00e1s conversaciones con l\u00edderes mundiales en Egipto en un solo d\u00eda que las que Bolsonaro ha tenido en cuatro a\u00f1os. Algo es algo.<\/p>\n<p style=\"text-align: justify;\"><strong>Agenda de Bridgetown y sistema financiero<\/strong><\/p>\n<p style=\"text-align: justify;\">La reforma del sistema financiero internacional para hacerlo m\u00e1s justo y adecuado a su finalidad ha cobrado impulso y reconocimiento. La conocida como <a href=\"https:\/\/www.foreign.gov.bb\/the-2022-barbados-agenda\/\" rel=\"external noopener noreferrer\" data-wpel-link=\"external\">Agenda de Bridgetown<\/a> se present\u00f3 junto a la agenda de trabajo planteada de aqu\u00ed a las reuniones de primavera del <a href=\"https:\/\/www.bancomundial.org\/es\/home\" rel=\"external noopener noreferrer\" data-wpel-link=\"external\">Banco Mundial<\/a> y del <a href=\"https:\/\/www.imf.org\/es\/Home\" rel=\"external noopener noreferrer\" data-wpel-link=\"external\">Fondo Monetario Internacional<\/a>. Par\u00eds acoger\u00e1 una cumbre sobre este tema en junio de 2023 para resolver el vac\u00edo que ha quedado en esta COP y ponerse a trabajar en una reforma estructural del sistema financiero global. Parece que la agenda est\u00e1 clara y con fechas concretas y objetivos tangibles.<\/p>\n<p style=\"text-align: justify;\"><strong>Acabar con el lavado verde (<em>greenwashing<\/em>)<\/strong><\/p>\n<p style=\"text-align: justify;\">Las empresas tendr\u00e1n que responder a las nuevas normas de las Naciones Unidas y garantizar que sus planes reducen eficazmente las emisiones si quieren ser una parte cre\u00edble de la respuesta global al cambio clim\u00e1tico. El Secretario General de la ONU, <a href=\"https:\/\/www.un.org\/sg\/es\" rel=\"external noopener noreferrer\" data-wpel-link=\"external\">Antonio Guterres<\/a>, dijo que habr\u00eda \u201ctolerancia cero para el lavado verde neto\u201d. Se ha convocado un nuevo grupo de trabajo para avanzar en la regulaci\u00f3n de los compromisos de las empresas con el cero neto de emisiones en los pa\u00edses de todo el mundo.<\/p>\n<p style=\"text-align: justify;\"><strong>Impulso renovable<\/strong><\/p>\n<p style=\"text-align: justify;\">Hubo menci\u00f3n y acuerdos sobre energ\u00edas limpias, con avances mensurables. Las energ\u00edas renovables son ahora m\u00e1s baratas que las f\u00f3siles en dos tercios del mundo, incluyendo econom\u00edas emergentes como Brasil, Argentina, Colombia, Chile, Per\u00fa, Sud\u00e1frica, Kenia, India, Tailandia, Vietnam y Filipinas. La inversi\u00f3n en la transici\u00f3n ha aumentado un 25% hasta superar los 708\u00a0000 millones de d\u00f3lares este a\u00f1o a pesar de la crisis econ\u00f3mica, incluyendo un impulso masivo al transporte el\u00e9ctrico.<\/p>\n<p style=\"text-align: justify;\"><strong>Transici\u00f3n del carb\u00f3n<\/strong><\/p>\n<p style=\"text-align: justify;\">En jornadas realizadas al margen, se cerr\u00f3 un acuerdo de 20\u00a0000 millones de d\u00f3lares para la transici\u00f3n del carb\u00f3n en Indonesia, y se prev\u00e9n acuerdos similares para Vietnam y, potencialmente, Senegal. Estos avances \u201cJET-P \u2013 Just Energy Transition Partnership\u201d se basan en el acuerdo de 8\u00a0500 millones de d\u00f3lares alcanzado con Sud\u00e1frica en la COP26. Estas estrategias alineadas podr\u00edan ser importantes para acelerar la transici\u00f3n energ\u00e9tica mundial.<\/p>\n<p style=\"text-align: justify;\"><strong>Pr\u00f3xima parada: la naturaleza<\/strong><\/p>\n<p style=\"text-align: justify;\">El pr\u00f3ximo mes en Montreal, en la <a href=\"https:\/\/www.cbd.int\/conferences\/2021-2022\" rel=\"external noopener noreferrer\" data-wpel-link=\"external\">COP15 del Convenio sobre la Biodiversidad<\/a>, los l\u00edderes mundiales se reunir\u00e1n para establecer un acuerdo global para la naturaleza. Sabemos que no podemos alcanzar el objetivo de no rebasar 1,5\u2103 sin proteger la naturaleza, y sabemos que la naturaleza es la primera l\u00ednea de defensa contra los fen\u00f3menos meteorol\u00f3gicos extremos. Por ello, el CDB en Montreal es una oportunidad para corregir algunos de los errores de la COP27, proporcionando objetivos, calendarios y financiaci\u00f3n muy necesarios para reparar esta pieza del rompecabezas clim\u00e1tico.<\/p>\n<p style=\"text-align: justify;\"><strong>Litigios<\/strong><\/p>\n<p style=\"text-align: justify;\">Mientras tanto, los riesgos de litigio est\u00e1n aumentando r\u00e1pidamente para los gobiernos y las empresas que no cumplen con el Acuerdo de Par\u00eds. Ha habido m\u00e1s de 2\u00a0000 casos clim\u00e1ticos que ya han sentado un precedente legal. Los casos en curso abarcan cuestiones como los objetivos clim\u00e1ticos ineficientes, la contaminaci\u00f3n ambiental, las violaciones de los derechos humanos y el lavado verde, entre otros. Estos casos est\u00e1n demostrando que la acci\u00f3n clim\u00e1tica es un deber legal, no una opci\u00f3n voluntaria.<\/p>\n<h2 style=\"text-align: justify;\">Ocho problemas que revelan escasos progresos y razones para la decepci\u00f3n<\/h2>\n<p style=\"text-align: justify;\"><strong>Apoyo para hacer frente a p\u00e9rdidas y da\u00f1os<\/strong><\/p>\n<p style=\"text-align: justify;\">El haberse centrado en los s\u00edntomas del cambio clim\u00e1tico, esos s\u00edntomas que se engloban en lo que se llama \u201cp\u00e9rdidas y da\u00f1os\u201d, refleja la incapacidad global para enfrentarse a la terrible realidad de que dependemos en un 80% de los combustibles f\u00f3siles. Deber\u00edamos centrarnos en que no ocurran m\u00e1s da\u00f1os y p\u00e9rdidas y sin embargo estamos explorando c\u00f3mo compensar a quienes los sufren. Adem\u00e1s, los pa\u00edses ricos a\u00fan no han entregado los 100\u00a0000 millones de d\u00f3lares anuales que prometieron desde hace a\u00f1os y que en la COP 26 de Glasgow parec\u00edan inminentes. No hay claridad en los t\u00e9rminos de los acuerdos de financiaci\u00f3n. En el \u00faltimo momento, bueno, m\u00e1s bien en el tiempo de descuento, se han logrado <a href=\"https:\/\/caneurope.org\/cop27-rescued-in-overtime-with-an-agreement-to-set-up-a-fund-to-address-climate-loss-and-damage\/\" rel=\"external noopener noreferrer\" data-wpel-link=\"external\">algunos acuerdos incompletos<\/a> y apresurados al respecto.<\/p>\n<p style=\"text-align: justify;\">La reevaluaci\u00f3n de los pa\u00edses que pagan y los que reciben es una cuesti\u00f3n importante que queda relegada para el pr\u00f3ximo a\u00f1o. A falta de una fuente de financiaci\u00f3n inmediata, las promesas de p\u00e9rdidas y da\u00f1os se destinaron principalmente al <a href=\"https:\/\/es.euronews.com\/2022\/11\/14\/clima-onu-fondo\" rel=\"external noopener noreferrer\" data-wpel-link=\"external\">Escudo Global<\/a> y a los sistemas de alerta temprana de la ONU, con algunos compromisos para la <a href=\"https:\/\/cop25.mma.gob.cl\/lanzan-red-y-sitio-web-para-abordar-perdidas-y-danos\/\" rel=\"external noopener noreferrer\" data-wpel-link=\"external\">Red de Santiago<\/a> y proyectos espec\u00edficos para cada pa\u00eds. Se hicieron nuevas promesas de contribuciones de 340 millones de euros para p\u00e9rdidas y da\u00f1os.<\/p>\n<p style=\"text-align: justify;\"><strong>\u00bfImplementaci\u00f3n?<\/strong><\/p>\n<p style=\"text-align: justify;\">Lo m\u00e1s decepcionante es precisamente la implementaci\u00f3n de lo que el propio <a href=\"https:\/\/www.exteriores.gob.es\/es\/PoliticaExterior\/Paginas\/G20OCDE.aspx\" rel=\"external noopener noreferrer\" data-wpel-link=\"external\">G20<\/a> en esos mismos d\u00edas de la COP27 hab\u00edan acordado: \u201cAumentar urgentemente la ambici\u00f3n de mitigaci\u00f3n y adaptaci\u00f3n\u201d, centr\u00e1ndose tambi\u00e9n en la financiaci\u00f3n de p\u00e9rdidas y da\u00f1os. La falta de concreci\u00f3n indica que los pa\u00edses desarrollados siguen sin aceptar que las crisis geopol\u00edticas, energ\u00e9ticas y econ\u00f3micas son razones para acelerar la acci\u00f3n, no para romper las promesas una y otra vez.<\/p>\n<p style=\"text-align: justify;\"><strong>Combustibles f\u00f3siles y naturaleza<\/strong><\/p>\n<p style=\"text-align: justify;\">El acuerdo alcanzado en Sharm el Sheikh no abord\u00f3 las causas de los impactos del cambio clim\u00e1tico: el uso de combustibles f\u00f3siles y la destrucci\u00f3n de la naturaleza. Los pa\u00edses no llegaron a un acuerdo para la eliminaci\u00f3n progresiva de todos los combustibles f\u00f3siles, bas\u00e1ndose en el llamamiento a la eliminaci\u00f3n progresiva del carb\u00f3n realizado en la <a href=\"https:\/\/www.un.org\/es\/climatechange\/cop26\" rel=\"external noopener noreferrer\" data-wpel-link=\"external\">COP26 de Glasgow<\/a>. Y no lo hicieron porque el tema apenas estuvo en la mesa, como otro de las m\u00e1s inquietantes, que tampoco estuvo presente: el de los subsidios a los combustibles f\u00f3siles por parte de los Estados. Sin estos temas en el centro de las negociaciones no debe extra\u00f1ar el escaso progreso en los objetivos principales de la acci\u00f3n clim\u00e1tica.<\/p>\n<p style=\"text-align: justify;\"><strong>\u00bfEs 1,5\u2103 todav\u00eda un objetivo a nuestro alcance?<\/strong><\/p>\n<p style=\"text-align: justify;\">La incapacidad para avanzar en materia de emisiones se produjo a pesar de que el mundo ha experimentado impactos clim\u00e1ticos que alteran la pol\u00edtica, la econom\u00eda y las tensiones entre pa\u00edses. Las fuertes sequ\u00edas y olas de calor en Europa, las inundaciones en Pakist\u00e1n, Nigeria y Australia y la sequ\u00eda en Estados Unidos son ejemplos de c\u00f3mo las estructuras de ayuda y apoyo, como el fondo de p\u00e9rdidas y da\u00f1os, tendr\u00e1n m\u00e1s demanda en el futuro por no haberse atajado los problemas de origen. En las decisiones finales de la COP27 se hace referencia al escenario de 1,5\u2103 planteado en la COP 21 de Par\u00eds, pero s\u00f3lo se reconoce el objetivo. No se mencionan las v\u00edas ni los planes para alcanzarlo. No ha habido l\u00edderes que hayan roto con la industria de los combustibles f\u00f3siles.<\/p>\n<p style=\"text-align: justify;\"><strong>\u00bfQui\u00e9n paga y qui\u00e9n recibe?<\/strong><\/p>\n<p style=\"text-align: justify;\">India y China se han convertido en las mayores econom\u00edas del mundo desde que se estableci\u00f3 la definici\u00f3n de pa\u00edses \u201cdesarrollados\u201d y \u201cen desarrollo\u201d en 1992. La UE y Estados Unidos quieren que se reflejen las circunstancias actuales. China y la <a href=\"https:\/\/es.wikipedia.org\/wiki\/Liga_%C3%81rabe\" rel=\"external noopener noreferrer\" data-wpel-link=\"external\">Liga de los Estados \u00c1rabes<\/a>, productores de petr\u00f3leo, quieren que se tenga en cuenta el equilibrio hist\u00f3rico. Esto genera un c\u00edrculo vicioso que bloquea los acuerdos pero que tendr\u00e1 que cuadrarse en los pr\u00f3ximos a\u00f1os.<\/p>\n<p style=\"text-align: justify;\"><strong>El cambio de rumbo que a\u00fan no llega a \u00c1frica<\/strong><\/p>\n<p style=\"text-align: justify;\">Se pens\u00f3 que esta ser\u00eda la COP africana, pero no se ha generado mucha financiaci\u00f3n nueva para los pa\u00edses vulnerables, sean africanos o no \u2013dejando mucho por hacer en 2023\u2013, ya que se inst\u00f3 a los pa\u00edses a aumentar la financiaci\u00f3n de la adaptaci\u00f3n, pero sin concretar.<\/p>\n<p style=\"text-align: justify;\"><strong>Derechos humanos<\/strong><\/p>\n<p style=\"text-align: justify;\">La Presidencia de la COP 27 estuvo bajo presi\u00f3n durante toda la reuni\u00f3n por su enfoque de los derechos humanos. Se subray\u00f3 la conexi\u00f3n entre el espacio c\u00edvico y la acci\u00f3n clim\u00e1tica. Es evidente que la lucha por el aumento de la libertad en Egipto, como en tantos otros pa\u00edses, continuar\u00e1 mucho despu\u00e9s del final de esta reuni\u00f3n.<\/p>\n<p style=\"text-align: justify;\"><strong>Grupos de presi\u00f3n de los combustibles f\u00f3siles<\/strong><\/p>\n<p style=\"text-align: justify;\">Los 636 grupos de presi\u00f3n de los combustibles f\u00f3siles y los directores generales de BP, Shell, Total y Occidental que recorrieron los pasillos deseosos de mostrar sus credenciales ecol\u00f3gicas estaban aqu\u00ed por una raz\u00f3n: la transici\u00f3n energ\u00e9tica tiene un impulso imparable y representa una clara amenaza para sus negocios. Es probable que el a\u00f1o que viene la industria y sus patrocinadores estatales sigan afirmando su influencia en el proceso. La desinformaci\u00f3n seguir\u00e1 siendo una herramienta clave en sus operaciones de presi\u00f3n. No deber\u00edamos dejar que ocurra.<\/p>\n<p class=\"fine-print\" style=\"text-align: justify;\"><strong><em>Fernando Valladares \u2013 The Conversation<\/em><\/strong><\/p>\n<p style=\"text-align: justify;\">\u00a0<\/p>\n","protected":false},"excerpt":{"rendered":"<p>Los 636 grupos de presi\u00f3n de los combustibles f\u00f3siles y los directores generales de BP,&#8230;<\/p>\n","protected":false},"author":1,"featured_media":57577,"comment_status":"closed","ping_status":"closed","sticky":false,"template":"","format":"standard","meta":{"_coblocks_attr":"","_coblocks_dimensions":"","_coblocks_responsive_height":"","_coblocks_accordion_ie_support":"","jetpack_post_was_ever_published":false,"_jetpack_newsletter_access":"","_jetpack_dont_email_post_to_subs":false,"_jetpack_newsletter_tier_id":0,"_jetpack_memberships_contains_paywalled_content":false,"_jetpack_memberships_contains_paid_content":false,"footnotes":"","jetpack_publicize_message":"","jetpack_publicize_feature_enabled":true,"jetpack_social_post_already_shared":true,"jetpack_social_options":{"image_generator_settings":{"template":"highway","default_image_id":0,"enabled":false},"version":2}},"categories":[7725,9,44,6937,15],"tags":[9739,9769],"class_list":["post-57576","post","type-post","status-publish","format-standard","has-post-thumbnail","hentry","category-atarfe-sostenible","category-medio-ambiente","category-noticias-de-hoy","category-sociedad","category-ultimas-noticias","tag-cop27","tag-desilucion"],"jetpack_publicize_connections":[],"jetpack_featured_media_url":"https:\/\/i0.wp.com\/miradordeatarfe.es\/wp-content\/uploads\/2022\/11\/indice-1.jpeg?fit=300%2C168&ssl=1","jetpack_likes_enabled":true,"jetpack_sharing_enabled":true,"_links":{"self":[{"href":"https:\/\/miradordeatarfe.es\/index.php?rest_route=\/wp\/v2\/posts\/57576","targetHints":{"allow":["GET"]}}],"collection":[{"href":"https:\/\/miradordeatarfe.es\/index.php?rest_route=\/wp\/v2\/posts"}],"about":[{"href":"https:\/\/miradordeatarfe.es\/index.php?rest_route=\/wp\/v2\/types\/post"}],"author":[{"embeddable":true,"href":"https:\/\/miradordeatarfe.es\/index.php?rest_route=\/wp\/v2\/users\/1"}],"replies":[{"embeddable":true,"href":"https:\/\/miradordeatarfe.es\/index.php?rest_route=%2Fwp%2Fv2%2Fcomments&post=57576"}],"version-history":[{"count":2,"href":"https:\/\/miradordeatarfe.es\/index.php?rest_route=\/wp\/v2\/posts\/57576\/revisions"}],"predecessor-version":[{"id":57579,"href":"https:\/\/miradordeatarfe.es\/index.php?rest_route=\/wp\/v2\/posts\/57576\/revisions\/57579"}],"wp:featuredmedia":[{"embeddable":true,"href":"https:\/\/miradordeatarfe.es\/index.php?rest_route=\/wp\/v2\/media\/57577"}],"wp:attachment":[{"href":"https:\/\/miradordeatarfe.es\/index.php?rest_route=%2Fwp%2Fv2%2Fmedia&parent=57576"}],"wp:term":[{"taxonomy":"category","embeddable":true,"href":"https:\/\/miradordeatarfe.es\/index.php?rest_route=%2Fwp%2Fv2%2Fcategories&post=57576"},{"taxonomy":"post_tag","embeddable":true,"href":"https:\/\/miradordeatarfe.es\/index.php?rest_route=%2Fwp%2Fv2%2Ftags&post=57576"}],"curies":[{"name":"wp","href":"https:\/\/api.w.org\/{rel}","templated":true}]}}