{"id":57596,"date":"2022-11-24T11:28:34","date_gmt":"2022-11-24T10:28:34","guid":{"rendered":"https:\/\/miradordeatarfe.es\/?p=57596"},"modified":"2022-11-22T14:04:20","modified_gmt":"2022-11-22T13:04:20","slug":"competencias-y-conocimientos-por-jose-vaquero","status":"publish","type":"post","link":"https:\/\/miradordeatarfe.es\/?p=57596","title":{"rendered":"\u00bb COMPETENCIAS Y CONOCIMIENTOS\u00bb por Jos\u00e9 Vaquero"},"content":{"rendered":"<h3 style=\"text-align: justify;\">\u00a0Este curso escolar 2022\/2023 es el primero en el que se inicia la aplicaci\u00f3n de las normas de la LOMLOE, tambi\u00e9n denominada Ley Cel\u00e1a.<\/h3>\n<p style=\"text-align: justify;\">Los decretos curriculares de ESO y Bachillerato, que se aprobaron en abril, ya se han implementado en los cursos impares. Las comunidades aut\u00f3nomas han debido aportar su porcentaje curricular en un tiempo r\u00e9cord. Y muchos libros de texto no lo han incorporado. Todo urgente, acelerado e improvisado. No lo entiendo.<\/p>\n<p style=\"text-align: justify;\">Si la pretensi\u00f3n es sustituir un modelo educativo enciclop\u00e9dico y memor\u00edstico, basado en el \u201csaber\u201d y los conocimientos, por otro basado en el \u201csaber hacer\u201d y las competencias, necesita tiempo, recursos y sosiego, principalmente para modificar tanto el sistema de acceso del profesorado como su formaci\u00f3n inicial y continua. Y tambi\u00e9n concienciaci\u00f3n. Cualquier propuesta de cambio fracasar\u00e1 si el profesorado no est\u00e1 convencido de su eficacia. Pero es que, adem\u00e1s, la LOMLOE es la octava ley educativa no consensuada en democracia. Y podr\u00eda derogarse con un cambio de gobierno.<\/p>\n<p style=\"text-align: justify;\">Eso en cuanto a la forma, pero hablemos tambi\u00e9n del fondo. El modelo basado en la educaci\u00f3n por competencias est\u00e1 seriamente cuestionado por muchos pa\u00edses que lo adoptaron. El empeoramiento de sus resultados acad\u00e9micos reales les ha hecho recapacitar. En primer lugar, Finlandia, el modelo a imitar, hasta que realiz\u00f3 los cambios en su sistema educativo. \u00a0Y es que para \u201csaber hacer\u201d antes hay que \u201csaber\u201d El fil\u00f3sofo franc\u00e9s Jean Claude Mich\u00e8a (2006) lo explica claramente: llama al aprendizaje por competencias la ense\u00f1anza de la ignorancia porque consiste en aprender destrezas y habilidades, pr\u00e1cticas t\u00e9cnicas y aplicaciones de saberes, pero sin necesidad de aprender y comprender esos saberes, conocimientos y tecnolog\u00eda. Y ah\u00ed puede estar el error en el desarrollo de un curr\u00edculo por competencias. La competencia en \u201calgo\u201d ser\u00e1 mayor cuanto mayor sea el nivel de conocimientos sobre ese \u201calgo\u201d. Debe ser una v\u00eda que nos abra el horizonte a la adquisici\u00f3n de nuevos conocimientos, pero si ese nivel cada vez es m\u00e1s bajo, tambi\u00e9n seremos cada vez menos competentes.<\/p>\n<p style=\"text-align: justify;\">El t\u00e9rmino \u201ccompetencia\u201d surge del mundo de la econom\u00eda. Y posteriormente es incorporado al educativo. Tiene un fuerte car\u00e1cter utilitario y est\u00e1 relacionado con el proceso neoliberal que tiende a adiestrar al educando para ser competitivo en unos mercados profesionales, laborales y globalizados tan cambiantes. No seamos ingenuos, igual que el modelo econ\u00f3mico se ha homogeneizado y globalizado, el neoliberalismo necesita otro educativo con las mismas caracter\u00edsticas y que se adapte al primero. Sin embargo, tal proceso subordina la educaci\u00f3n a la econom\u00eda. Pero educar es mucho m\u00e1s que adiestrar. La educaci\u00f3n debe atender al desarrollo personal y la formaci\u00f3n integral de la persona. Su fin debe ser la consecuci\u00f3n de un educando aut\u00f3nomo portador de un pensamiento libre, independiente, creativo y cr\u00edtico. Educar es dar al cuerpo y al alma la m\u00e1xima belleza y perfecci\u00f3n posibles (Benigno Vaquero). Estamos lejos de ello. Por \u00faltimo, quiero subrayar que La Educaci\u00f3n en Espa\u00f1a no es un conflicto ideol\u00f3gico en el que unos impongan su modelo educativo a otros. Es un problema que tenemos que resolver entre todos y, por tanto, todos los sectores implicados han de participar en su soluci\u00f3n.\u00a0Por en\u00e9sima vez pido un Pacto de Estado por la Educaci\u00f3n.<\/p>\n<p><strong>Jos\u00e9 Vaquero S\u00e1nchez<\/strong><\/p>\n<p>foto: HR LATAM<\/p>\n<p>Publicado en Cartas al director de Ideal<\/p>\n<p>&nbsp;<\/p>\n<p>&nbsp;<\/p>\n","protected":false},"excerpt":{"rendered":"<p>\u00a0Este curso escolar 2022\/2023 es el primero en el que se inicia la aplicaci\u00f3n de&#8230;<\/p>\n","protected":false},"author":1,"featured_media":57597,"comment_status":"closed","ping_status":"closed","sticky":false,"template":"","format":"standard","meta":{"_coblocks_attr":"","_coblocks_dimensions":"","_coblocks_responsive_height":"","_coblocks_accordion_ie_support":"","jetpack_post_was_ever_published":false,"_jetpack_newsletter_access":"","_jetpack_dont_email_post_to_subs":false,"_jetpack_newsletter_tier_id":0,"_jetpack_memberships_contains_paywalled_content":false,"_jetpack_memberships_contains_paid_content":false,"footnotes":"","jetpack_publicize_message":"","jetpack_publicize_feature_enabled":true,"jetpack_social_post_already_shared":true,"jetpack_social_options":{"image_generator_settings":{"template":"highway","default_image_id":0,"enabled":false},"version":2}},"categories":[187,1161,7926,44,6937,15],"tags":[178,9776,7831],"class_list":["post-57596","post","type-post","status-publish","format-standard","has-post-thumbnail","hentry","category-centros-educativos","category-ciudadania","category-opinion-de-jose-vaquero","category-noticias-de-hoy","category-sociedad","category-ultimas-noticias","tag-competencias","tag-conocimientos","tag-lomloe"],"jetpack_publicize_connections":[],"jetpack_featured_media_url":"https:\/\/i0.wp.com\/miradordeatarfe.es\/wp-content\/uploads\/2022\/11\/Cover-Competencias_Cover-Competencias.png?fit=5001%2C2618&ssl=1","jetpack_likes_enabled":true,"jetpack_sharing_enabled":true,"_links":{"self":[{"href":"https:\/\/miradordeatarfe.es\/index.php?rest_route=\/wp\/v2\/posts\/57596","targetHints":{"allow":["GET"]}}],"collection":[{"href":"https:\/\/miradordeatarfe.es\/index.php?rest_route=\/wp\/v2\/posts"}],"about":[{"href":"https:\/\/miradordeatarfe.es\/index.php?rest_route=\/wp\/v2\/types\/post"}],"author":[{"embeddable":true,"href":"https:\/\/miradordeatarfe.es\/index.php?rest_route=\/wp\/v2\/users\/1"}],"replies":[{"embeddable":true,"href":"https:\/\/miradordeatarfe.es\/index.php?rest_route=%2Fwp%2Fv2%2Fcomments&post=57596"}],"version-history":[{"count":1,"href":"https:\/\/miradordeatarfe.es\/index.php?rest_route=\/wp\/v2\/posts\/57596\/revisions"}],"predecessor-version":[{"id":57598,"href":"https:\/\/miradordeatarfe.es\/index.php?rest_route=\/wp\/v2\/posts\/57596\/revisions\/57598"}],"wp:featuredmedia":[{"embeddable":true,"href":"https:\/\/miradordeatarfe.es\/index.php?rest_route=\/wp\/v2\/media\/57597"}],"wp:attachment":[{"href":"https:\/\/miradordeatarfe.es\/index.php?rest_route=%2Fwp%2Fv2%2Fmedia&parent=57596"}],"wp:term":[{"taxonomy":"category","embeddable":true,"href":"https:\/\/miradordeatarfe.es\/index.php?rest_route=%2Fwp%2Fv2%2Fcategories&post=57596"},{"taxonomy":"post_tag","embeddable":true,"href":"https:\/\/miradordeatarfe.es\/index.php?rest_route=%2Fwp%2Fv2%2Ftags&post=57596"}],"curies":[{"name":"wp","href":"https:\/\/api.w.org\/{rel}","templated":true}]}}