{"id":5764,"date":"2016-01-03T07:15:45","date_gmt":"2016-01-03T07:15:45","guid":{"rendered":"http:\/\/miradordeatarfe.es\/?p=5764"},"modified":"2016-01-02T22:01:59","modified_gmt":"2016-01-02T22:01:59","slug":"los-grandes-momentos-feministas-que-marcaron-2015","status":"publish","type":"post","link":"https:\/\/miradordeatarfe.es\/?p=5764","title":{"rendered":"Los grandes momentos feministas que marcaron 2015"},"content":{"rendered":"<div class=\"article-content entry-content\">\n<header class=\"entry-header\">De la entrevista de Emma Watson a Malala a los hitos feministas en la televisi\u00f3n y el cine, recopilamos los acontecimientos m\u00e1s inspiradores del a\u00f1o (y a sus protagonistas). Jennifer Lawrence, Daisy Ridley, Emma Watson y Malala, algunas de las protagonistas de los grandes momentos feministas del a\u00f1o.<\/p>\n<p><!--more--><\/p>\n<\/header>\n<div class=\"entry-content\">\n<div class=\"clear\"><\/div>\n<p><strong>1. Emma Watson y su entrevista a Malala<\/strong><\/p>\n<div>La actriz ya era conocida por su vinculaci\u00f3n con la causa feminista gracias a su nombramiento de embajadora de Buena Voluntad de la ONU y\u00a0<a href=\"http:\/\/smoda.elpais.com\/celebrities\/el-discurso-de-emma-watson-en-la-onu-que-todos-hombres-y-mujeres-deberiamos-leer\/\" target=\"_blank\">su famoso discurso<\/a>\u00a0en pro de la igualdad entre hombres y mujeres que se convirti\u00f3 en viral casi al instante. Su gran momento de 2015 fue la entrevista que le hizo a la ganadora del Nobel de la Paz en 2014 Malala Yousafzai durante la promoci\u00f3n en Londres del documental\u00a0<em>\u00c9l me llam\u00f3 Malala<\/em>. Durante el encuentro, la joven pakistan\u00ed le explic\u00f3 a la actriz que se hab\u00eda declarado feminista despu\u00e9s de escuchar su alegato. \u201cLa palabra feminismo es complicada. Cuando la o\u00ed por primera vez me di cuenta de que ten\u00eda connotaciones negativas pero tambi\u00e9n positivas. Pero cuando escuch\u00e9 tu discurso y te o\u00ed decir \u201cSi no es ahora, \u00bfcu\u00e1ndo?\u201d me di cuenta de que me pod\u00eda definir a mi misma como feminista y todas deber\u00edamos serlo porque no hay nada malo en ello ya que no es m\u00e1s que la igualdad entre hombres y mujeres\u201d.<\/div>\n<div><strong>2. Jennifer Lawrence y su lucha por la igualdad de los salarios<\/strong><\/div>\n<div>Con 25 a\u00f1os escribi\u00f3 un texto en la\u00a0<em>newsletter<\/em>\u00a0de Lena Dunham y Jenni Konner llamada<a href=\"http:\/\/www.lennyletter.com\/\" target=\"_blank\">Lenny Letter<\/a>, en protesta contra la diferencia salarial entre actores y actrices. Titulado<em>\u00bfQu\u00e9 he hecho yo que no han hecho ellos?<\/em>\u00a0explica que despu\u00e9s del hackeo que sufri\u00f3 Sony y que sac\u00f3 a la luz los sueldos de los int\u00e9rpretes se pill\u00f3 un cabreo monumental y decidi\u00f3 exponerlo al mundo. Aunque recibi\u00f3 cr\u00edticas tambi\u00e9n obtuvo apoyos de sus compa\u00f1eros de trabajo como Bradley Cooper, Elizabeth Banks o la misma Emma Watson. Un poco antes Sienna Miller hab\u00eda abandonado la obra de teatro en la que estaba trabajando al enterarse de que estaba cobrando la mitad del sueldo de su compa\u00f1ero. \u201cY solo somos dos en el escenario\u201d, apostill\u00f3.<\/div>\n<div><strong>3. El curr\u00edculum de Amal Clooney<\/strong><\/div>\n<div>En alg\u00fan momento deber\u00edan crear el premio a las mejores presentadoras de premios para d\u00e1rselo a Tina Fey y Amy Poehler. En la entrega del galard\u00f3n Cecil B. DeMille en los Globos de oro 2015 a George Clooney, Fey se refiri\u00f3 al actor como \u201cel marido de Amal\u201d y repas\u00f3 el incre\u00edble curr\u00edculum de la abogada, activista y escritora libanesa-brit\u00e1nica. Fey denunciaba as\u00ed la tendencia de los medios a poner en segundo lugar a las mujeres al nombrarlas como \u201cesposas de\u201d sin tener en cuenta su carrera profesional o directamente su propia persona.<\/div>\n<div><\/div>\n<div><strong>3. El \u00faltimo d\u00eda f** de Julia Louis-Dreyfus<\/strong><\/div>\n<div>Sin duda Amy Schumer ha sido uno de los nombres relacionados con el feminismo del a\u00f1o. Adem\u00e1s del estreno de su pel\u00edcula\u00a0<em>Trainwreck<\/em>\u00a0(<em>Y de repente t\u00fa<\/em>\u00a0en Espa\u00f1a) el sketch en el que se habla de la edad de las mujeres dentro de la industria cinematogr\u00e1fica inclu\u00eddo en su programa\u00a0<em>Inside Amy Schumer<\/em>\u00a0ha sido uno de los m\u00e1s virales del a\u00f1o. En \u00e9l, la actriz se encuentra con un picnic en el que Tina Fey, Patricia Arquette y Julia Louis-Dreyfus celebran el \u00faltimo d\u00eda en el que esta \u00faltima se puede considerar como \u201csexualmente atractiva\u201d para la industria del cine. De manera hilarante se explica c\u00f3mo a partir de cierta edad las actrices empiezan a optar s\u00f3lo por papeles de mujer madura y no \u201cfollable\u201d, algo que con los hombres no pasa por muchos a\u00f1os que tengan.<\/div>\n<div><\/div>\n<div><strong>4. La marcha del 7N<\/strong><\/div>\n<div>Evidentemente no s\u00f3lo ha habido grandes momentos pro-feminismo en Estados Unidos ni solo han estado protagonizados por\u00a0<em>celebrities.<\/em>\u00a0Hace apenas unas semanas en Espa\u00f1a hubo una marcha en la que participaron miles de personas para poner de manifiesto el problema de la violencia machista en el pa\u00eds y exigir que se convierta en una Cuesti\u00f3n de Estado. La lucha a favor de la igualdad entre mujeres y hombres se lleva a cabo d\u00eda a d\u00eda desde el nivel personal aunque el mensaje que llegue masivamente en muchas ocasiones sea a trav\u00e9s de personas muy conocidas. El objetivo est\u00e1 lejos de ser alcanzado pero cada logro es un paso m\u00e1s para conseguirlo.<\/div>\n<div><strong>5. El aborto de Olivia Pope en \u2018Scandal\u2019<\/strong><\/div>\n<div>La guionista y productora Shonda Rhimes acab\u00f3 uno de los cap\u00edtulos de su serie\u00a0<em>Scandal<\/em>de una forma tan pol\u00e9mica como sorprendente: con un aborto. Sin di\u00e1logos moralizantes ni traumas, Olivia Pope, protagonista de la serie, dedice interrumpir su embarazo. El cap\u00edtulo pasar\u00e1 a la historia de la televisi\u00f3n por afrontar de una forma valiente y directa un asunto que, a pesar de afectar a los miles de mujeres que dedicen abortar cada a\u00f1o, parece que sigue siendo inc\u00f3modo de mostrar en pantalla.<\/div>\n<div><strong>6. El a\u00f1o de las hero\u00ednas femeninas<\/strong><\/div>\n<div>Los roles tradicionalmente representados en el cine por personajes masculinos se los llevan de calle las mujeres este 2015. Por mucho que\u00a0<em>Mad Max<\/em>\u00a0lleve por t\u00edtulo el nombre de un hombre, la verdadera protagonista del filme es Imperator Furiosa (Charlize Theron). En\u00a0<em>Star Wars<\/em>\u00a0ocurre tres cuartos de lo mismo. Es Rey (Daisy Ridley), una mezcla entre la fuerza de un Jedi y el sarcasmo de Han Solo, el personaje decisivo para la trama y la encarnaci\u00f3n perfecta de la figura de una luchadora independiente. Un punto de inflexi\u00f3n en la industria de Hollywood (y de la televisi\u00f3n gracias a superhero\u00ednas como<em>Jessica Jones<\/em>\u00a0o\u00a0<em>Supergirl)<\/em>\u00a0que seguir\u00e1n otras cintas: Felicity Jones se incorporar\u00e1 al\u00a0<em>spin off<\/em>\u00a0de\u00a0<em>Star Wars\u00a0<\/em>y podremos ver a Jessica Chastain y Emily Blunt en\u00a0<em>El cazador y la reina del hielo.<\/em><\/div>\n<div id=\"attachment_100087417\" class=\"clear wp-caption aligncenter\" style=\"width: 442px;\"><img data-recalc-dims=\"1\" loading=\"lazy\" decoding=\"async\" class=\" wp-image-100087417\" src=\"https:\/\/i0.wp.com\/estaticos01.smoda.elpais.com\/wp-content\/uploads\/2015\/12\/29123651\/star.jpg?resize=432%2C324\" alt=\"La protagonista de 'Star Wars: El despertar de la fuerza' es Rey, una hero\u00edna.\" width=\"432\" height=\"324\" \/><\/p>\n<div class=\"wp-caption-text leyenda\">La protagonista de \u2018Star Wars: El despertar de la fuerza\u2019 es Rey, una hero\u00edna.<\/div>\n<\/div>\n<div><strong>7. Las actrices se rebelan contra la \u2018mani cam\u2019<\/strong><\/div>\n<div>Uno de los inventos m\u00e1s absurdos de la televisi\u00f3n ha tocado fondo este 2015. Jennifer Aniston, Julianne Moore, Emilia Clarke, Tatiana Maslaney (<em>Orphan Black)<\/em>\u00a0o Reese Witherspoon decidieron seguir los pasos de sus predecesoras (Cate Blanchet y Elisabeth Moss ya lo hab\u00edan hecho en 2014) y boicotearon la costumbre de ense\u00f1ar las u\u00f1as en la alfombra roja. Las galas de premios se convirtieron as\u00ed en un lugar en el que reivindicar la igualdad de g\u00e9nero y las actrices dejaron claro que quieren que se les valore por su trabajo, mucho m\u00e1s all\u00e1 de lo que lleven puesto.<\/div>\n<div><strong>8. El calendario Pirelli celebra el poder femenino<\/strong><\/div>\n<div>El famoso calendario\u00a0<a href=\"http:\/\/elpais.com\/elpais\/2015\/11\/30\/estilo\/1448881781_040144.html\" target=\"_blank\">se despide de las mujeres en lencer\u00eda y de los desnudos expl\u00edcitos<\/a>para decir bien claro que el cuerpo de una mujer no es lo m\u00e1s importante. En el nuevo calendario Annie Leibovitz ha retratado a poderosas mujeres del mundo del cine, la literatura, el deporte, la m\u00fasica y el arte. \u201cSon mujeres a las que admiro. Lo importante no es si est\u00e1n desnudas o no, sino que todas tienen una gran biograf\u00eda, y eso es lo novedoso\u201d, asegur\u00f3 la fot\u00f3grafa. Serena Williams, Amy Schumer, Tavi Gevinson o Yoko Ono son algunas de las mujeres que pondr\u00e1n rostro a los meses de 2016 en unas fotograf\u00edas en blanco y negro que han revolucionado la historia del calendario.<\/div>\n<div id=\"attachment_100087418\" class=\"clear wp-caption aligncenter\" style=\"width: 463px;\"><img data-recalc-dims=\"1\" loading=\"lazy\" decoding=\"async\" class=\" wp-image-100087418\" src=\"https:\/\/i0.wp.com\/estaticos01.smoda.elpais.com\/wp-content\/uploads\/2015\/12\/29123654\/tavi.jpg?resize=453%2C453\" alt=\"Tavi Gevinson en el calendario Pirelli 2016.\" width=\"453\" height=\"453\" \/><\/p>\n<div class=\"wp-caption-text leyenda\">Tavi Gevinson en el calendario Pirelli 2016.<\/div>\n<\/div>\n<div><strong>9. El a\u00f1o de la normalizaci\u00f3n de la regla<\/strong><\/div>\n<div>La pasada edici\u00f3n de la marat\u00f3n de Londres, Kiran Gandhi corri\u00f3 con la regla sin usar tamp\u00f3n ni compresa y acab\u00f3 con una mancha de sangre entre las piernas. Con este gesto no exento de pol\u00e9mica, la joven de 26 a\u00f1os y bater\u00eda de MIA, quiso crear conciencia de que no todas las mujeres tienen acceso a este tipo de productos higi\u00e9nicos y lanzar el mensaje de que la menstruaci\u00f3n no es algo de lo que haya que avergonzarse. Este mismo a\u00f1o la tenista Heather Watson achacaba a la regla su derrota en el open de Australia y la artista paquistan\u00ed Rupi Kaur se acercaba al tab\u00fa de la menstruaci\u00f3n a trav\u00e9s de una serie de fotos que bajo el t\u00edtulo de\u00a0<em>Period<\/em>, retratan distintos momentos de los d\u00edas de sangrado de su ciclo menstrual. Una de ellas, en la que se ve la imagen de una joven tumbada de espaldas con una mancha de sangre en sus pantalones, se hizo viral gracias a que Instagram la censur\u00f3 por violar la pol\u00edtica de la empresa. Poco despu\u00e9s la red social m\u00e1s intolerante con los pechos femeninos, volvi\u00f3 a colgar la imagen argumentando que la hab\u00eda eliminado por error. As\u00ed, un a\u00f1o marcado por la reivindicaci\u00f3n y naturalizaci\u00f3n del periodo, acaba con la\u00a0<a href=\"https:\/\/www.change.org\/p\/queremos-un-iva-del-4-para-los-productos-de-higiene-femenina-tamponesal4#petition-letter\" target=\"_blank\">petici\u00f3n en Change.org<\/a>\u00a0en la que la periodista Celia Blanco exige la bajada de IVA del 10% al 4% sobre los productos de higiene femenina. \u00bfSer\u00e1 2016 el a\u00f1o que ponga fin a la llamada tasa de la menstruaci\u00f3n?<\/div>\n<\/div>\n<\/div>\n<p>&nbsp;<\/p>\n","protected":false},"excerpt":{"rendered":"<p>De la entrevista de Emma Watson a Malala a los hitos feministas en la televisi\u00f3n&#8230;<\/p>\n","protected":false},"author":1,"featured_media":5765,"comment_status":"closed","ping_status":"closed","sticky":false,"template":"","format":"standard","meta":{"_coblocks_attr":"","_coblocks_dimensions":"","_coblocks_responsive_height":"","_coblocks_accordion_ie_support":"","jetpack_post_was_ever_published":false,"_jetpack_newsletter_access":"","_jetpack_dont_email_post_to_subs":false,"_jetpack_newsletter_tier_id":0,"_jetpack_memberships_contains_paywalled_content":false,"_jetpack_memberships_contains_paid_content":false,"footnotes":"","jetpack_publicize_message":"","jetpack_publicize_feature_enabled":true,"jetpack_social_post_already_shared":false,"jetpack_social_options":{"image_generator_settings":{"template":"highway","default_image_id":0,"enabled":false},"version":2}},"categories":[12,14,44,15],"tags":[41],"class_list":["post-5764","post","type-post","status-publish","format-standard","has-post-thumbnail","hentry","category-cultura","category-feminismo","category-noticias-de-hoy","category-ultimas-noticias","tag-feminismo"],"jetpack_publicize_connections":[],"jetpack_featured_media_url":"https:\/\/i0.wp.com\/miradordeatarfe.es\/wp-content\/uploads\/2016\/01\/covermujeres-635x480.jpg?fit=635%2C480&ssl=1","jetpack_likes_enabled":true,"jetpack_sharing_enabled":true,"_links":{"self":[{"href":"https:\/\/miradordeatarfe.es\/index.php?rest_route=\/wp\/v2\/posts\/5764","targetHints":{"allow":["GET"]}}],"collection":[{"href":"https:\/\/miradordeatarfe.es\/index.php?rest_route=\/wp\/v2\/posts"}],"about":[{"href":"https:\/\/miradordeatarfe.es\/index.php?rest_route=\/wp\/v2\/types\/post"}],"author":[{"embeddable":true,"href":"https:\/\/miradordeatarfe.es\/index.php?rest_route=\/wp\/v2\/users\/1"}],"replies":[{"embeddable":true,"href":"https:\/\/miradordeatarfe.es\/index.php?rest_route=%2Fwp%2Fv2%2Fcomments&post=5764"}],"version-history":[{"count":1,"href":"https:\/\/miradordeatarfe.es\/index.php?rest_route=\/wp\/v2\/posts\/5764\/revisions"}],"predecessor-version":[{"id":5766,"href":"https:\/\/miradordeatarfe.es\/index.php?rest_route=\/wp\/v2\/posts\/5764\/revisions\/5766"}],"wp:featuredmedia":[{"embeddable":true,"href":"https:\/\/miradordeatarfe.es\/index.php?rest_route=\/wp\/v2\/media\/5765"}],"wp:attachment":[{"href":"https:\/\/miradordeatarfe.es\/index.php?rest_route=%2Fwp%2Fv2%2Fmedia&parent=5764"}],"wp:term":[{"taxonomy":"category","embeddable":true,"href":"https:\/\/miradordeatarfe.es\/index.php?rest_route=%2Fwp%2Fv2%2Fcategories&post=5764"},{"taxonomy":"post_tag","embeddable":true,"href":"https:\/\/miradordeatarfe.es\/index.php?rest_route=%2Fwp%2Fv2%2Ftags&post=5764"}],"curies":[{"name":"wp","href":"https:\/\/api.w.org\/{rel}","templated":true}]}}