{"id":57642,"date":"2022-11-26T11:02:29","date_gmt":"2022-11-26T10:02:29","guid":{"rendered":"https:\/\/miradordeatarfe.es\/?p=57642"},"modified":"2023-10-21T18:36:07","modified_gmt":"2023-10-21T16:36:07","slug":"atarfenos-del-mundo-de-la-ciencia-alba-sanchez-montalvo","status":"publish","type":"post","link":"https:\/\/miradordeatarfe.es\/?p=57642","title":{"rendered":"ATARFE\u00d1OS DEL MUNDO DE LA CIENCIA: ALBA S\u00c1NCHEZ MONTALVO"},"content":{"rendered":"<h3>Alba S\u00e1nchez Montalvo. Investigadora Predoctoral en la UCLouvain en Bruselas, B\u00e9lgica.<\/h3>\n<p>Desde peque\u00f1ita me ha apasionado todo lo relacionado con la biolog\u00eda y las ciencias de la\u00a0salud. Estudi\u00e9 en el IES Vega de Atarfe, luego el grado en Biotecnolog\u00eda y un m\u00e1ster en\u00a0investigaci\u00f3n en Inmunolog\u00eda en la UGR, en mi ciudad, porque ten\u00eda claro que no me ve\u00eda\u00a0trabajando en otro sitio que no fuera un laboratorio. Un laboratorio te da mucha libertad y\u00a0creatividad a la hora de desarrollar tu trabajo y tus experimentos d\u00eda a d\u00eda, no es algo\u00a0mec\u00e1nico o repetitivo como, por ejemplo, cualquier \u00abtrabajo de oficina\u00bb, como mi yo de 16\u00a0a\u00f1os lo llamaba.<\/p>\n<p>Siempre he querido aportar mi granito de arena a la investigaci\u00f3n y, lamentablemente, en Espa\u00f1a no me fue posible encontrar un sitio donde hacerlo, por lo que decid\u00ed irme al extranjero y perseguir mi sue\u00f1o, en lugar de \u00abconformarme\u00bb con otro trabajo que no tuviera\u00a0nada que ver con lo que hab\u00eda estudiado. Actualmente estoy trabajando como Investigadora\u00a0pre-doctoral en el Instituto de Investigaci\u00f3n Cl\u00ednica y Experimental de Bruselas, donde llevo\u00a0ya un a\u00f1o y medio y donde estoy creciendo mucho, como persona y como cient\u00edfica.<\/p>\n<p>Desde aqu\u00ed, os animo a que abr\u00e1is vuestra mente y os acerqu\u00e9is al precioso camino de la ciencia, donde siempre habr\u00e1 infinitas cosas por descubrir. La ciencia es para las mentes m\u00e1s curiosas, para los que siempre nos preguntamos el \u00abporqu\u00e9\u00bb de todo y para los que pensamos que con esfuerzo y trabajo en equipo, s\u00ed se puede cambiar y mejorar el mundo. Aunque a veces sea un camino duro, sin duda merece la pena. Hoy en d\u00eda la ciencia no tiene la ayuda, el apoyo, ni la visibilidad que se merece, as\u00ed que os invito a que se\u00e1is parte de este bonito\u00a0mundo.<\/p>\n<p>\u00a1La ciencia y los cient\u00edficos os necesitamos!<\/p>\n<p><a href=\"https:\/\/i0.wp.com\/miradordeatarfe.es\/wp-content\/uploads\/2022\/11\/Alba-Sanchez-Montalvo-scaled.jpeg?ssl=1\"><img data-recalc-dims=\"1\" loading=\"lazy\" decoding=\"async\" class=\"alignnone size-full wp-image-57643\" src=\"https:\/\/i0.wp.com\/miradordeatarfe.es\/wp-content\/uploads\/2022\/11\/Alba-Sanchez-Montalvo-scaled.jpeg?resize=640%2C734&#038;ssl=1\" alt=\"\" width=\"640\" height=\"734\" srcset=\"https:\/\/i0.wp.com\/miradordeatarfe.es\/wp-content\/uploads\/2022\/11\/Alba-Sanchez-Montalvo-scaled.jpeg?w=2232&amp;ssl=1 2232w, https:\/\/i0.wp.com\/miradordeatarfe.es\/wp-content\/uploads\/2022\/11\/Alba-Sanchez-Montalvo-scaled.jpeg?resize=262%2C300&amp;ssl=1 262w, https:\/\/i0.wp.com\/miradordeatarfe.es\/wp-content\/uploads\/2022\/11\/Alba-Sanchez-Montalvo-scaled.jpeg?resize=893%2C1024&amp;ssl=1 893w, https:\/\/i0.wp.com\/miradordeatarfe.es\/wp-content\/uploads\/2022\/11\/Alba-Sanchez-Montalvo-scaled.jpeg?resize=768%2C881&amp;ssl=1 768w, https:\/\/i0.wp.com\/miradordeatarfe.es\/wp-content\/uploads\/2022\/11\/Alba-Sanchez-Montalvo-scaled.jpeg?resize=1339%2C1536&amp;ssl=1 1339w, https:\/\/i0.wp.com\/miradordeatarfe.es\/wp-content\/uploads\/2022\/11\/Alba-Sanchez-Montalvo-scaled.jpeg?resize=1786%2C2048&amp;ssl=1 1786w, https:\/\/i0.wp.com\/miradordeatarfe.es\/wp-content\/uploads\/2022\/11\/Alba-Sanchez-Montalvo-scaled.jpeg?resize=1320%2C1514&amp;ssl=1 1320w, https:\/\/i0.wp.com\/miradordeatarfe.es\/wp-content\/uploads\/2022\/11\/Alba-Sanchez-Montalvo-scaled.jpeg?w=1920&amp;ssl=1 1920w\" sizes=\"auto, (max-width: 640px) 100vw, 640px\" \/><\/a><\/p>\n","protected":false},"excerpt":{"rendered":"<p>Alba S\u00e1nchez Montalvo. Investigadora Predoctoral en la UCLouvain en Bruselas, B\u00e9lgica. Desde peque\u00f1ita me ha&#8230;<\/p>\n","protected":false},"author":1,"featured_media":57644,"comment_status":"closed","ping_status":"closed","sticky":false,"template":"","format":"standard","meta":{"_coblocks_attr":"","_coblocks_dimensions":"","_coblocks_responsive_height":"","_coblocks_accordion_ie_support":"","jetpack_post_was_ever_published":false,"_jetpack_newsletter_access":"","_jetpack_dont_email_post_to_subs":false,"_jetpack_newsletter_tier_id":0,"_jetpack_memberships_contains_paywalled_content":false,"_jetpack_memberships_contains_paid_content":false,"footnotes":"","jetpack_publicize_message":"","jetpack_publicize_feature_enabled":true,"jetpack_social_post_already_shared":true,"jetpack_social_options":{"image_generator_settings":{"template":"highway","default_image_id":0,"enabled":false},"version":2}},"categories":[9597,10778,6539],"tags":[81,53,9598],"class_list":["post-57642","post","type-post","status-publish","format-standard","has-post-thumbnail","hentry","category-cientificos-atarfenos","category-feria-de-la-ciencia-atarfe","category-personajes-de-ataref","tag-atarfe","tag-ciencia","tag-cientificos-atarfenos"],"jetpack_publicize_connections":[],"jetpack_featured_media_url":"https:\/\/i0.wp.com\/miradordeatarfe.es\/wp-content\/uploads\/2022\/11\/125332443_10218415748890340_3225289108799184695_n.jpg?fit=720%2C960&ssl=1","jetpack_likes_enabled":true,"jetpack_sharing_enabled":true,"_links":{"self":[{"href":"https:\/\/miradordeatarfe.es\/index.php?rest_route=\/wp\/v2\/posts\/57642","targetHints":{"allow":["GET"]}}],"collection":[{"href":"https:\/\/miradordeatarfe.es\/index.php?rest_route=\/wp\/v2\/posts"}],"about":[{"href":"https:\/\/miradordeatarfe.es\/index.php?rest_route=\/wp\/v2\/types\/post"}],"author":[{"embeddable":true,"href":"https:\/\/miradordeatarfe.es\/index.php?rest_route=\/wp\/v2\/users\/1"}],"replies":[{"embeddable":true,"href":"https:\/\/miradordeatarfe.es\/index.php?rest_route=%2Fwp%2Fv2%2Fcomments&post=57642"}],"version-history":[{"count":1,"href":"https:\/\/miradordeatarfe.es\/index.php?rest_route=\/wp\/v2\/posts\/57642\/revisions"}],"predecessor-version":[{"id":57645,"href":"https:\/\/miradordeatarfe.es\/index.php?rest_route=\/wp\/v2\/posts\/57642\/revisions\/57645"}],"wp:featuredmedia":[{"embeddable":true,"href":"https:\/\/miradordeatarfe.es\/index.php?rest_route=\/wp\/v2\/media\/57644"}],"wp:attachment":[{"href":"https:\/\/miradordeatarfe.es\/index.php?rest_route=%2Fwp%2Fv2%2Fmedia&parent=57642"}],"wp:term":[{"taxonomy":"category","embeddable":true,"href":"https:\/\/miradordeatarfe.es\/index.php?rest_route=%2Fwp%2Fv2%2Fcategories&post=57642"},{"taxonomy":"post_tag","embeddable":true,"href":"https:\/\/miradordeatarfe.es\/index.php?rest_route=%2Fwp%2Fv2%2Ftags&post=57642"}],"curies":[{"name":"wp","href":"https:\/\/api.w.org\/{rel}","templated":true}]}}