{"id":57656,"date":"2022-11-27T10:45:48","date_gmt":"2022-11-27T09:45:48","guid":{"rendered":"https:\/\/miradordeatarfe.es\/?p=57656"},"modified":"2023-10-21T20:28:09","modified_gmt":"2023-10-21T18:28:09","slug":"atarfenos-del-mundo-de-la-ciencia-jorge-fernando-fernandez-sanchez","status":"publish","type":"post","link":"https:\/\/miradordeatarfe.es\/?p=57656","title":{"rendered":"ATARFE\u00d1OS DEL MUNDO DE LA CIENCIA: JORGE FERNANDO FERN\u00c1NDEZ S\u00c1NCHEZ"},"content":{"rendered":"<h3>Jorge Fernando Fern\u00e1ndez S\u00e1nchez, PhD <em>Full<\/em><em>\u00a0<\/em><em>professor. <\/em><strong>Department of<\/strong><strong>\u00a0<\/strong><strong>Analytical Chemistry\u00a0 <\/strong>University of Granada<\/h3>\n<p>Hoy m\u00e1s que nunca somos conscientes de la importancia que tiene la ciencia para nuestro bienestar. Pensemos que ser\u00eda de nosotros sin avances r\u00e1pido en medicina (para detectar enfermedades), en biolog\u00eda (para curarlas y\/o prevenirlas), en qu\u00edmica (para producir esos f\u00e1rmacos o vacunas), en f\u00edsica (para transportarlos y conservarlos), en matem\u00e1ticas (para escribir y transmitir esos conocimientos y poder aplicarlos a otras enfermedades).<\/p>\n<p>Pues eso que entendemos r\u00e1pido por la situaci\u00f3n de pandemia lo podemos aplicar a todos los aspectos de nuestra vida. Desde que nos levantamos hasta que nos acostamos (e incluso durmiendo) estamos usando ciencia. Y si queremos progresar y tener m\u00e1s calidad de vida, necesitamos\u00a0mucha m\u00e1s ciencia. Necesitamos gente joven que quiera dedicar su tiempo e inteligencia a\u00a0hacer\u00a0ciencia\u00a0y\u00a0ayudar\u00a0a\u00a0la\u00a0sociedad\u00a0a\u00a0seguir\u00a0progresando.\u00a0T\u00fa\u00a0eres\u00a0el\u00a0futuro de\u00a0la\u00a0ciencia\u00a0y\u00a0de\u00a0la humanidad!!<\/p>\n<p><a href=\"https:\/\/i0.wp.com\/miradordeatarfe.es\/wp-content\/uploads\/2022\/11\/17654_10206953034165392_1893982414539091777_n.jpg?ssl=1\"><img data-recalc-dims=\"1\" loading=\"lazy\" decoding=\"async\" class=\"alignnone size-full wp-image-57651\" src=\"https:\/\/i0.wp.com\/miradordeatarfe.es\/wp-content\/uploads\/2022\/11\/17654_10206953034165392_1893982414539091777_n.jpg?resize=640%2C640&#038;ssl=1\" alt=\"\" width=\"640\" height=\"640\" srcset=\"https:\/\/i0.wp.com\/miradordeatarfe.es\/wp-content\/uploads\/2022\/11\/17654_10206953034165392_1893982414539091777_n.jpg?w=789&amp;ssl=1 789w, https:\/\/i0.wp.com\/miradordeatarfe.es\/wp-content\/uploads\/2022\/11\/17654_10206953034165392_1893982414539091777_n.jpg?resize=300%2C300&amp;ssl=1 300w, https:\/\/i0.wp.com\/miradordeatarfe.es\/wp-content\/uploads\/2022\/11\/17654_10206953034165392_1893982414539091777_n.jpg?resize=150%2C150&amp;ssl=1 150w, https:\/\/i0.wp.com\/miradordeatarfe.es\/wp-content\/uploads\/2022\/11\/17654_10206953034165392_1893982414539091777_n.jpg?resize=768%2C768&amp;ssl=1 768w\" sizes=\"auto, (max-width: 640px) 100vw, 640px\" \/><\/a><\/p>\n","protected":false},"excerpt":{"rendered":"<p>Jorge Fernando Fern\u00e1ndez S\u00e1nchez, PhD Full\u00a0professor. Department of\u00a0Analytical Chemistry\u00a0 University of Granada Hoy m\u00e1s que&#8230;<\/p>\n","protected":false},"author":1,"featured_media":57658,"comment_status":"closed","ping_status":"closed","sticky":false,"template":"","format":"standard","meta":{"_coblocks_attr":"","_coblocks_dimensions":"","_coblocks_responsive_height":"","_coblocks_accordion_ie_support":"","jetpack_post_was_ever_published":false,"_jetpack_newsletter_access":"","_jetpack_dont_email_post_to_subs":false,"_jetpack_newsletter_tier_id":0,"_jetpack_memberships_contains_paywalled_content":false,"_jetpack_memberships_contains_paid_content":false,"footnotes":"","jetpack_publicize_message":"","jetpack_publicize_feature_enabled":true,"jetpack_social_post_already_shared":false,"jetpack_social_options":{"image_generator_settings":{"template":"highway","default_image_id":0,"enabled":false},"version":2}},"categories":[9597,10778,6539],"tags":[81,9598],"class_list":["post-57656","post","type-post","status-publish","format-standard","has-post-thumbnail","hentry","category-cientificos-atarfenos","category-feria-de-la-ciencia-atarfe","category-personajes-de-ataref","tag-atarfe","tag-cientificos-atarfenos"],"jetpack_publicize_connections":[],"jetpack_featured_media_url":"https:\/\/i0.wp.com\/miradordeatarfe.es\/wp-content\/uploads\/2022\/11\/Imagen1-4.png?fit=296%2C222&ssl=1","jetpack_likes_enabled":true,"jetpack_sharing_enabled":true,"_links":{"self":[{"href":"https:\/\/miradordeatarfe.es\/index.php?rest_route=\/wp\/v2\/posts\/57656","targetHints":{"allow":["GET"]}}],"collection":[{"href":"https:\/\/miradordeatarfe.es\/index.php?rest_route=\/wp\/v2\/posts"}],"about":[{"href":"https:\/\/miradordeatarfe.es\/index.php?rest_route=\/wp\/v2\/types\/post"}],"author":[{"embeddable":true,"href":"https:\/\/miradordeatarfe.es\/index.php?rest_route=\/wp\/v2\/users\/1"}],"replies":[{"embeddable":true,"href":"https:\/\/miradordeatarfe.es\/index.php?rest_route=%2Fwp%2Fv2%2Fcomments&post=57656"}],"version-history":[{"count":1,"href":"https:\/\/miradordeatarfe.es\/index.php?rest_route=\/wp\/v2\/posts\/57656\/revisions"}],"predecessor-version":[{"id":57659,"href":"https:\/\/miradordeatarfe.es\/index.php?rest_route=\/wp\/v2\/posts\/57656\/revisions\/57659"}],"wp:featuredmedia":[{"embeddable":true,"href":"https:\/\/miradordeatarfe.es\/index.php?rest_route=\/wp\/v2\/media\/57658"}],"wp:attachment":[{"href":"https:\/\/miradordeatarfe.es\/index.php?rest_route=%2Fwp%2Fv2%2Fmedia&parent=57656"}],"wp:term":[{"taxonomy":"category","embeddable":true,"href":"https:\/\/miradordeatarfe.es\/index.php?rest_route=%2Fwp%2Fv2%2Fcategories&post=57656"},{"taxonomy":"post_tag","embeddable":true,"href":"https:\/\/miradordeatarfe.es\/index.php?rest_route=%2Fwp%2Fv2%2Ftags&post=57656"}],"curies":[{"name":"wp","href":"https:\/\/api.w.org\/{rel}","templated":true}]}}