{"id":57665,"date":"2022-11-28T10:49:56","date_gmt":"2022-11-28T09:49:56","guid":{"rendered":"https:\/\/miradordeatarfe.es\/?p=57665"},"modified":"2022-11-24T19:53:33","modified_gmt":"2022-11-24T18:53:33","slug":"medicamentos-genericos-estancados","status":"publish","type":"post","link":"https:\/\/miradordeatarfe.es\/?p=57665","title":{"rendered":"MEDICAMENTOS GEN\u00c9RICOS, ESTANCADOS"},"content":{"rendered":"<h3>La par\u00e1lisis que vive la prescripci\u00f3n por principio activo aleja a Espa\u00f1a de las medias de otros pa\u00edses europeos en m\u00e1s de un 20%<\/h3>\n<p style=\"text-align: justify;\">El ahorro estimado tras la <a href=\"http:\/\/t.newsletter.elpais.com\/r\/?id=h5176ab43,a2b8d0e,49db2b8\" target=\"_blank\" rel=\"noopener\" data-saferedirecturl=\"https:\/\/www.google.com\/url?q=http:\/\/t.newsletter.elpais.com\/r\/?id%3Dh5176ab43,a2b8d0e,49db2b8&amp;source=gmail&amp;ust=1669402176008000&amp;usg=AOvVaw3gMsVJuSJh_RvHTcDvAOkB\">implantaci\u00f3n de los medicamentos gen\u00e9ricos en Espa\u00f1a<\/a> hace 25 a\u00f1os es de unos 25.000 millones de euros en la factura farmac\u00e9utica. La posibilidad de prescribir un medicamento gen\u00e9rico cuando terminaba la patente tuvo que vencer fuertes resistencias y una campa\u00f1a mendaz destinada a hacer creer que no eran tan seguros ni eficaces como los de marca.<\/p>\n<p style=\"text-align: justify;\">Hoy nadie discute la seguridad y la bioequivalencia de los <a href=\"http:\/\/t.newsletter.elpais.com\/r\/?id=h5176ab43,a2b8d0e,49db2b9\" target=\"_blank\" rel=\"noopener\" data-saferedirecturl=\"https:\/\/www.google.com\/url?q=http:\/\/t.newsletter.elpais.com\/r\/?id%3Dh5176ab43,a2b8d0e,49db2b9&amp;source=gmail&amp;ust=1669402176008000&amp;usg=AOvVaw1wSHxDFILFxGvMNYogJD0q\">gen\u00e9ricos<\/a>. Tras unos primeros a\u00f1os de dificultad, su uso se generaliz\u00f3 a partir de 2008 gracias a una serie de normas que fomentaban su uso, entre ellas la prescripci\u00f3n por principio activo y la <a href=\"http:\/\/t.newsletter.elpais.com\/r\/?id=h5176ab43,a2b8d0e,49db2ba\" target=\"_blank\" rel=\"noopener\" data-saferedirecturl=\"https:\/\/www.google.com\/url?q=http:\/\/t.newsletter.elpais.com\/r\/?id%3Dh5176ab43,a2b8d0e,49db2ba&amp;source=gmail&amp;ust=1669402176008000&amp;usg=AOvVaw1xprEsQKkpcymudgqJ1-49\">obligaci\u00f3n por parte de las farmacias de dispensarlo.<\/a> Pero lo que permiti\u00f3 despegar a los gen\u00e9ricos fue la implantaci\u00f3n de un sistema de precios de referencia todav\u00eda vigente que fija como tope el promedio de las tres ofertas de precio m\u00e1s baratas. Este sistema ha tenido tanto \u00e9xito que ha provocado que las marcas se hayan visto impelidas a bajar tambi\u00e9n el precio de sus medicamentos, una vez vencida la patente, para poder competir con los gen\u00e9ricos. Ese \u00e9xito es lo que ha permitido un <a href=\"http:\/\/t.newsletter.elpais.com\/r\/?id=h5176ab43,a2b8d0e,49db2bb\" target=\"_blank\" rel=\"noopener\" data-saferedirecturl=\"https:\/\/www.google.com\/url?q=http:\/\/t.newsletter.elpais.com\/r\/?id%3Dh5176ab43,a2b8d0e,49db2bb&amp;source=gmail&amp;ust=1669402176008000&amp;usg=AOvVaw1szN1ycJ1BCpgyNGjGt6_Z\">importante ahorro al sistema sanitario.<\/a><\/p>\n<p style=\"text-align: justify;\">Sin embargo, la penetraci\u00f3n de los gen\u00e9ricos en el mercado de medicamentos espa\u00f1ol est\u00e1 estancada desde 2015 en un 41% de las unidades vendidas, cuando la media europea es del 65%. Ante los signos de retroceso y la creciente competencia de las marcas, el sector pide medidas que les permitan ganar cuota de mercado. Esta situaci\u00f3n es la que debe abordar el Plan de Gen\u00e9ricos y Biosimilares, cuya concreci\u00f3n se paraliz\u00f3 a causa de la pandemia. El sector pide poder diferenciarse de las marcas con un precio menor, al menos en el primer a\u00f1o tras el vencimiento de la patente, y recuperar la preferencia en la dispensaci\u00f3n en farmacia cuando la receta sea por principio activo.<\/p>\n<p style=\"text-align: justify;\">Las <a href=\"http:\/\/t.newsletter.elpais.com\/r\/?id=h5176ab43,a2b8d0e,49db2bc\" target=\"_blank\" rel=\"noopener\" data-saferedirecturl=\"https:\/\/www.google.com\/url?q=http:\/\/t.newsletter.elpais.com\/r\/?id%3Dh5176ab43,a2b8d0e,49db2bc&amp;source=gmail&amp;ust=1669402176008000&amp;usg=AOvVaw0InKZj-pt4cTmsLOCUUXB9\">medidas que se apliquen deben estudiarse con cuidado,<\/a> pues en nuestro sistema cualquier modificaci\u00f3n puede tener efectos indeseados. Por ejemplo, permitir que la marca pueda vender el principio activo a un precio m\u00e1s alto, aunque sea a coste del usuario, como ocurre en Alemania o Portugal, puede hacer pensar que esa diferencia se debe a que la marca es mejor que el gen\u00e9rico, cuando no es as\u00ed. No hay razones para introducir otro copago, aunque sea voluntario. En cambio, incentivos en la dispensaci\u00f3n s\u00ed podr\u00edan ser beneficiosos para el conjunto del sistema. La cuesti\u00f3n es \u00bfpor qu\u00e9 deber\u00eda favorecerse m\u00e1s a la industria de gen\u00e9ricos que a la industria de marcas innovadoras? Descontado el incentivo del ahorro, que ya est\u00e1 garantizado, hay una raz\u00f3n m\u00e1s: disponer de una industria de gen\u00e9ricos s\u00f3lida y din\u00e1mica protege frente a posibles desabastecimientos. Siete de cada 10 gen\u00e9ricos que se venden est\u00e1n fabricados en Espa\u00f1a, y ese es otro activo importante.<\/p>\n<p>EDITORIAL DE \u00abEL PAIS\u00bb<\/p>\n","protected":false},"excerpt":{"rendered":"<p>La par\u00e1lisis que vive la prescripci\u00f3n por principio activo aleja a Espa\u00f1a de las medias&#8230;<\/p>\n","protected":false},"author":1,"featured_media":57666,"comment_status":"closed","ping_status":"closed","sticky":false,"template":"","format":"standard","meta":{"_coblocks_attr":"","_coblocks_dimensions":"","_coblocks_responsive_height":"","_coblocks_accordion_ie_support":"","jetpack_post_was_ever_published":false,"_jetpack_newsletter_access":"","_jetpack_dont_email_post_to_subs":false,"_jetpack_newsletter_tier_id":0,"_jetpack_memberships_contains_paywalled_content":false,"_jetpack_memberships_contains_paid_content":false,"footnotes":"","jetpack_publicize_message":"","jetpack_publicize_feature_enabled":true,"jetpack_social_post_already_shared":true,"jetpack_social_options":{"image_generator_settings":{"template":"highway","default_image_id":0,"enabled":false},"version":2}},"categories":[1161,44,7671,15,10],"tags":[4422,1366],"class_list":["post-57665","post","type-post","status-publish","format-standard","has-post-thumbnail","hentry","category-ciudadania","category-noticias-de-hoy","category-politica","category-ultimas-noticias","category-salud","tag-genericos","tag-medicamentos"],"jetpack_publicize_connections":[],"jetpack_featured_media_url":"https:\/\/i0.wp.com\/miradordeatarfe.es\/wp-content\/uploads\/2022\/11\/medicamentosgener_0.webp?fit=610%2C400&ssl=1","jetpack_likes_enabled":true,"jetpack_sharing_enabled":true,"_links":{"self":[{"href":"https:\/\/miradordeatarfe.es\/index.php?rest_route=\/wp\/v2\/posts\/57665","targetHints":{"allow":["GET"]}}],"collection":[{"href":"https:\/\/miradordeatarfe.es\/index.php?rest_route=\/wp\/v2\/posts"}],"about":[{"href":"https:\/\/miradordeatarfe.es\/index.php?rest_route=\/wp\/v2\/types\/post"}],"author":[{"embeddable":true,"href":"https:\/\/miradordeatarfe.es\/index.php?rest_route=\/wp\/v2\/users\/1"}],"replies":[{"embeddable":true,"href":"https:\/\/miradordeatarfe.es\/index.php?rest_route=%2Fwp%2Fv2%2Fcomments&post=57665"}],"version-history":[{"count":1,"href":"https:\/\/miradordeatarfe.es\/index.php?rest_route=\/wp\/v2\/posts\/57665\/revisions"}],"predecessor-version":[{"id":57667,"href":"https:\/\/miradordeatarfe.es\/index.php?rest_route=\/wp\/v2\/posts\/57665\/revisions\/57667"}],"wp:featuredmedia":[{"embeddable":true,"href":"https:\/\/miradordeatarfe.es\/index.php?rest_route=\/wp\/v2\/media\/57666"}],"wp:attachment":[{"href":"https:\/\/miradordeatarfe.es\/index.php?rest_route=%2Fwp%2Fv2%2Fmedia&parent=57665"}],"wp:term":[{"taxonomy":"category","embeddable":true,"href":"https:\/\/miradordeatarfe.es\/index.php?rest_route=%2Fwp%2Fv2%2Fcategories&post=57665"},{"taxonomy":"post_tag","embeddable":true,"href":"https:\/\/miradordeatarfe.es\/index.php?rest_route=%2Fwp%2Fv2%2Ftags&post=57665"}],"curies":[{"name":"wp","href":"https:\/\/api.w.org\/{rel}","templated":true}]}}