{"id":5767,"date":"2016-01-02T12:31:00","date_gmt":"2016-01-02T12:31:00","guid":{"rendered":"http:\/\/miradordeatarfe.es\/?p=5767"},"modified":"2016-01-02T22:02:14","modified_gmt":"2016-01-02T22:02:14","slug":"granada-vuelve-a-celebrar-la-toma-entre-criticas","status":"publish","type":"post","link":"https:\/\/miradordeatarfe.es\/?p=5767","title":{"rendered":"Granada vuelve a celebrar la Toma entre cr\u00edticas"},"content":{"rendered":"<p>Granada celebra este s\u00e1bado 2 de enero la Toma de la ciudad en 1492 por parte de los Reyex Cat\u00f3licos, un a\u00f1o m\u00e1s entre las cr\u00edticas de distintas asociaciones pro-derecho humanos y otros sectores sociales que consideran esta celebraci\u00f3n una fiesta \u00abxen\u00f3foba\u00bb y \u00abanacr\u00f3nica\u00bb que \u00abrompe la convivencia democr\u00e1tica entre pueblos\u00bb.<!--more--><\/p>\n<p>La Plataforma Granada Abierta ha reunido a cerca de un centenar de personas en el acto alternativo a la Toma de Granada y ha reivindicado la figura de <a title=\"Federico Garc\u00eda Lorca\" href=\"http:\/\/www.ideal.es\/temas\/personajes\/federico-garcia-lorca.html\" target=\"_blank\">Federico Garc\u00eda Lorca<\/a> como ejemplo de tolerancia frente a la llamada que agita \u00aba la peor burgues\u00eda\u00bb.<\/p>\n<p>Versos de Garc\u00eda Lorca y m\u00fasica de Juan Pinilla han protagonizado el acto alternativo a la Toma de la Plataforma ciudadana, que ha recordado este a\u00f1o el 80 aniversario del asesinato del autor de Yerma y ha vuelto a reivindicar que este festivo local se sustituya por el d\u00eda de Mariana Pineda.<\/p>\n<p>\u00abPretenden que el d\u00eda de la Toma se convierta en el acto de inauguraci\u00f3n de Capitalidad Cultural, algo que no es posible porque debe ser intercultural\u00bb, ha apuntado el portavoz de la Plataforma, Francisco Vigueras, que ha abogado por conmemorar el hecho hist\u00f3rico sin que nadie se sienta excluido.<\/p>\n<p>Ha recordado que Garc\u00eda Lorca ya habl\u00f3 \u00abdel gitano, del negro, del jud\u00edo y del morisco que todos llevamos dentro\u00bb y se opuso a la celebraci\u00f3n de esta fiesta por agitar \u00abcomo volver\u00e1 a ocurrir hoy, a la peor burgues\u00eda, los putrefactos que quieren que esta tierra est\u00e9 anclada en el pasado\u00bb.<\/p>\n<p>Granada Abierta ha recalcado adem\u00e1s la \u00abpreocupaci\u00f3n\u00bb de una fiesta con un \u00abefecto llamada a la extrema derecha violenta que promueve la islamofobia\u00bb, con consignas contra inmigrantes y que a su juicio hace \u00abapolog\u00eda del fascismo contra ley de Memoria Hist\u00f3rica y ante pasividad de autoridades\u00bb.<\/p>\n<p>Aunque estaba previsto que el acto contara con el experto en la figura lorquiana Ian Gibson, el escritor ha disculpado su ausencia por motivos de salud en un acto que ha contado con la m\u00fasica de Juan Pinilla y los versos de \u00c1ngeles Mora, junto a una interpretaci\u00f3n del m\u00fasico andalus\u00ed Suhail Serghini, acompa\u00f1ado de Antonio Gil, exdirector del Centro Cervantes en Estambul.<\/p>\n<p>El 2 de enero fue elegido en el a\u00f1o 2000 como s\u00edmbolo para el siglo XXI y declarado &#8216;D\u00eda de la Ciudad de Granada&#8217;, d\u00eda de festejos en el que el Ayuntamiento rinde homenaje a su historia y su patrimonio. La corporaci\u00f3n municipal bajo mazas, autoridades y representantes de los distintos colectivos de la ciudad visitar\u00e1n as\u00ed la Capilla Real, hasta concluir el recorrido en el Balc\u00f3n de la Casa Consistorial.<\/p>\n<p>El acto comenz\u00f3 en el Sal\u00f3n de Comisiones con la llegada, sobre las 11,15 horas, de los corporativos. All\u00ed el concejal de Familia, Bienestar Social, Igualdad, Educaci\u00f3n y Juventud, Fernando Egea, recogi\u00f3 el Estandarte Real, y lo custodi\u00f3. Escoltada por gastadores del Ej\u00e9rcito, la comitiva baj\u00f3 las escaleras del Ayuntamiento para dirigirse a la Capilla Real, donde se lo entreg\u00f3 al concejal de Ciudadanos (C&#8217;s) Manuel Olivares, que all\u00ed tremol\u00f3 el pend\u00f3n, a lo que se suma una ofrenda con la colocaci\u00f3n en los sepulcros de los Reyes Cat\u00f3licos de una corona de laurel y un ramo de flores.<\/p>\n<p>La comitiva oficial saldr\u00e1 entonces hacia el Ayuntamiento, desde cuyo balc\u00f3n Olivares tremolar\u00e1 de nuevo el pend\u00f3n para saludar a los congregados con el ritual de &#8216;Granada qu\u00e9&#8217;. Concretamente, el concejal grita tres veces el nombre de la ciudad, respondiendo los presentes un \u00ab\u00a1Qu\u00e9!\u00bb al un\u00edsono. Se termina el acto con la frase \u00abPor los \u00ednclitos Reyes Cat\u00f3licos, don Fernando V de Arag\u00f3n y do\u00f1a Isabel I de Castilla. \u00a1Viva Espa\u00f1a!, \u00a1viva el Rey!, \u00a1viva Andaluc\u00eda! y \u00a1viva Granada!\u00bb, seguido del himno de Espa\u00f1a.<\/p>\n","protected":false},"excerpt":{"rendered":"<p>Granada celebra este s\u00e1bado 2 de enero la Toma de la ciudad en 1492 por&#8230;<\/p>\n","protected":false},"author":1,"featured_media":5768,"comment_status":"closed","ping_status":"closed","sticky":false,"template":"","format":"standard","meta":{"_coblocks_attr":"","_coblocks_dimensions":"","_coblocks_responsive_height":"","_coblocks_accordion_ie_support":"","jetpack_post_was_ever_published":false,"_jetpack_newsletter_access":"","_jetpack_dont_email_post_to_subs":false,"_jetpack_newsletter_tier_id":0,"_jetpack_memberships_contains_paywalled_content":false,"_jetpack_memberships_contains_paid_content":false,"footnotes":"","jetpack_publicize_message":"","jetpack_publicize_feature_enabled":true,"jetpack_social_post_already_shared":false,"jetpack_social_options":{"image_generator_settings":{"template":"highway","default_image_id":0,"enabled":false},"version":2}},"categories":[1161,44,15],"tags":[129],"class_list":["post-5767","post","type-post","status-publish","format-standard","has-post-thumbnail","hentry","category-ciudadania","category-noticias-de-hoy","category-ultimas-noticias","tag-granada"],"jetpack_publicize_connections":[],"jetpack_featured_media_url":"https:\/\/i0.wp.com\/miradordeatarfe.es\/wp-content\/uploads\/2016\/01\/toma-647x231.jpeg?fit=647%2C231&ssl=1","jetpack_likes_enabled":true,"jetpack_sharing_enabled":true,"_links":{"self":[{"href":"https:\/\/miradordeatarfe.es\/index.php?rest_route=\/wp\/v2\/posts\/5767","targetHints":{"allow":["GET"]}}],"collection":[{"href":"https:\/\/miradordeatarfe.es\/index.php?rest_route=\/wp\/v2\/posts"}],"about":[{"href":"https:\/\/miradordeatarfe.es\/index.php?rest_route=\/wp\/v2\/types\/post"}],"author":[{"embeddable":true,"href":"https:\/\/miradordeatarfe.es\/index.php?rest_route=\/wp\/v2\/users\/1"}],"replies":[{"embeddable":true,"href":"https:\/\/miradordeatarfe.es\/index.php?rest_route=%2Fwp%2Fv2%2Fcomments&post=5767"}],"version-history":[{"count":1,"href":"https:\/\/miradordeatarfe.es\/index.php?rest_route=\/wp\/v2\/posts\/5767\/revisions"}],"predecessor-version":[{"id":5769,"href":"https:\/\/miradordeatarfe.es\/index.php?rest_route=\/wp\/v2\/posts\/5767\/revisions\/5769"}],"wp:featuredmedia":[{"embeddable":true,"href":"https:\/\/miradordeatarfe.es\/index.php?rest_route=\/wp\/v2\/media\/5768"}],"wp:attachment":[{"href":"https:\/\/miradordeatarfe.es\/index.php?rest_route=%2Fwp%2Fv2%2Fmedia&parent=5767"}],"wp:term":[{"taxonomy":"category","embeddable":true,"href":"https:\/\/miradordeatarfe.es\/index.php?rest_route=%2Fwp%2Fv2%2Fcategories&post=5767"},{"taxonomy":"post_tag","embeddable":true,"href":"https:\/\/miradordeatarfe.es\/index.php?rest_route=%2Fwp%2Fv2%2Ftags&post=5767"}],"curies":[{"name":"wp","href":"https:\/\/api.w.org\/{rel}","templated":true}]}}