{"id":57678,"date":"2022-11-29T11:00:19","date_gmt":"2022-11-29T10:00:19","guid":{"rendered":"https:\/\/miradordeatarfe.es\/?p=57678"},"modified":"2022-11-28T13:14:13","modified_gmt":"2022-11-28T12:14:13","slug":"pleno-infantil-24-de-noviembre-2002-ayuntamiento-de-atarfe","status":"publish","type":"post","link":"https:\/\/miradordeatarfe.es\/?p=57678","title":{"rendered":"ATARFE: PLENO INFANTIL 24 DE NOVIEMBRE 2002"},"content":{"rendered":"<p>Con motivo del d\u00eda del ni\u00f1o el 24 de noviembre tuvo lugar un Pleno Infantil en el Ayuntamiento de la localidad en el que representantes de todos los centros educativos de Atarfe expusieron al consistorio sus inquietudes y propuestas sobre el consumo excesivo de agua, bien com\u00fan que nos concierne a todos.<\/p>\n<p>El trabajo realizado comenz\u00f3 con una tutor\u00eda en cada aula siguiendo unas preguntas b\u00e1sicas e iguales para todos y todas. seguidamente, en cada centro se convoc\u00f3 un consejo de delegados y delegadas de clase donde se puso en<br \/>\ncom\u00fan lo trabajado en las tutor\u00edas y se cre\u00f3 un documento de centro para exponer al Alcalde, y sus concejales y concejalas.<\/p>\n<p>El enfoque de este pleno hac\u00eda el consumo respetuoso del agua va ligado al lema de la Feria de la Ciencia de este curso &amp;quot;ATARFE H2O&amp;quot;. El pleno pudo seguirse en directo a trav\u00e9s del canal de youtube de CienciAtarfe.<\/p>\n<p>ACCESO AL PLENO: <a href=\"https:\/\/youtu.be\/BANwViqP42U\">PLENO INFANTIL<\/a><\/p>\n<p><a href=\"https:\/\/i0.wp.com\/miradordeatarfe.es\/wp-content\/uploads\/2022\/11\/1.jpg?ssl=1\"><img data-recalc-dims=\"1\" loading=\"lazy\" decoding=\"async\" class=\"alignnone size-full wp-image-57679\" src=\"https:\/\/i0.wp.com\/miradordeatarfe.es\/wp-content\/uploads\/2022\/11\/1.jpg?resize=640%2C288&#038;ssl=1\" alt=\"\" width=\"640\" height=\"288\" srcset=\"https:\/\/i0.wp.com\/miradordeatarfe.es\/wp-content\/uploads\/2022\/11\/1.jpg?w=1600&amp;ssl=1 1600w, https:\/\/i0.wp.com\/miradordeatarfe.es\/wp-content\/uploads\/2022\/11\/1.jpg?resize=300%2C135&amp;ssl=1 300w, https:\/\/i0.wp.com\/miradordeatarfe.es\/wp-content\/uploads\/2022\/11\/1.jpg?resize=1024%2C461&amp;ssl=1 1024w, https:\/\/i0.wp.com\/miradordeatarfe.es\/wp-content\/uploads\/2022\/11\/1.jpg?resize=768%2C346&amp;ssl=1 768w, https:\/\/i0.wp.com\/miradordeatarfe.es\/wp-content\/uploads\/2022\/11\/1.jpg?resize=1536%2C692&amp;ssl=1 1536w, https:\/\/i0.wp.com\/miradordeatarfe.es\/wp-content\/uploads\/2022\/11\/1.jpg?resize=1320%2C595&amp;ssl=1 1320w\" sizes=\"auto, (max-width: 640px) 100vw, 640px\" \/><\/a><\/p>\n","protected":false},"excerpt":{"rendered":"<p>Con motivo del d\u00eda del ni\u00f1o el 24 de noviembre tuvo lugar un Pleno Infantil&#8230;<\/p>\n","protected":false},"author":1,"featured_media":57680,"comment_status":"closed","ping_status":"closed","sticky":false,"template":"","format":"standard","meta":{"_coblocks_attr":"","_coblocks_dimensions":"","_coblocks_responsive_height":"","_coblocks_accordion_ie_support":"","jetpack_post_was_ever_published":false,"_jetpack_newsletter_access":"","_jetpack_dont_email_post_to_subs":false,"_jetpack_newsletter_tier_id":0,"_jetpack_memberships_contains_paywalled_content":false,"_jetpack_memberships_contains_paid_content":false,"footnotes":"","jetpack_publicize_message":"","jetpack_publicize_feature_enabled":true,"jetpack_social_post_already_shared":true,"jetpack_social_options":{"image_generator_settings":{"template":"highway","default_image_id":0,"enabled":false},"version":2}},"categories":[2,6916,187,44,15],"tags":[81,526,9785],"class_list":["post-57678","post","type-post","status-publish","format-standard","has-post-thumbnail","hentry","category-atarfe","category-ayuntamiento-de-atarfe","category-centros-educativos","category-noticias-de-hoy","category-ultimas-noticias","tag-atarfe","tag-centros-educativos","tag-pleno-imfantil"],"jetpack_publicize_connections":[],"jetpack_featured_media_url":"https:\/\/i0.wp.com\/miradordeatarfe.es\/wp-content\/uploads\/2022\/11\/2.jpg?fit=834%2C627&ssl=1","jetpack_likes_enabled":true,"jetpack_sharing_enabled":true,"_links":{"self":[{"href":"https:\/\/miradordeatarfe.es\/index.php?rest_route=\/wp\/v2\/posts\/57678","targetHints":{"allow":["GET"]}}],"collection":[{"href":"https:\/\/miradordeatarfe.es\/index.php?rest_route=\/wp\/v2\/posts"}],"about":[{"href":"https:\/\/miradordeatarfe.es\/index.php?rest_route=\/wp\/v2\/types\/post"}],"author":[{"embeddable":true,"href":"https:\/\/miradordeatarfe.es\/index.php?rest_route=\/wp\/v2\/users\/1"}],"replies":[{"embeddable":true,"href":"https:\/\/miradordeatarfe.es\/index.php?rest_route=%2Fwp%2Fv2%2Fcomments&post=57678"}],"version-history":[{"count":2,"href":"https:\/\/miradordeatarfe.es\/index.php?rest_route=\/wp\/v2\/posts\/57678\/revisions"}],"predecessor-version":[{"id":57682,"href":"https:\/\/miradordeatarfe.es\/index.php?rest_route=\/wp\/v2\/posts\/57678\/revisions\/57682"}],"wp:featuredmedia":[{"embeddable":true,"href":"https:\/\/miradordeatarfe.es\/index.php?rest_route=\/wp\/v2\/media\/57680"}],"wp:attachment":[{"href":"https:\/\/miradordeatarfe.es\/index.php?rest_route=%2Fwp%2Fv2%2Fmedia&parent=57678"}],"wp:term":[{"taxonomy":"category","embeddable":true,"href":"https:\/\/miradordeatarfe.es\/index.php?rest_route=%2Fwp%2Fv2%2Fcategories&post=57678"},{"taxonomy":"post_tag","embeddable":true,"href":"https:\/\/miradordeatarfe.es\/index.php?rest_route=%2Fwp%2Fv2%2Ftags&post=57678"}],"curies":[{"name":"wp","href":"https:\/\/api.w.org\/{rel}","templated":true}]}}