{"id":5770,"date":"2016-01-04T08:43:41","date_gmt":"2016-01-04T08:43:41","guid":{"rendered":"http:\/\/miradordeatarfe.es\/?p=5770"},"modified":"2016-01-02T22:27:24","modified_gmt":"2016-01-02T22:27:24","slug":"diario-de-ana-frank-un-legado-protegido-70-anos-despues-de-su-muerte","status":"publish","type":"post","link":"https:\/\/miradordeatarfe.es\/?p=5770","title":{"rendered":"Diario de Ana Frank, un legado protegido 70 a\u00f1os despu\u00e9s de su muerte"},"content":{"rendered":"<p style=\"text-align: justify;\">As\u00ed comenz\u00f3 su relato la joven Ana Frank, el d\u00eda de su trece cumplea\u00f1os, el 14 de junio de 1942, antes de que ella su hermana Margot y sus padres Otto y Edith, tuvieran que encerrarse para evitar la persecuci\u00f3n y la muerte. <!--more--><\/p>\n<p style=\"text-align: justify;\">Un cuaderno de cuadros rojos y verdes, al que le seguir\u00edan otras libretas y hasta hojas de papel sueltas durante una clausura vivida entre la ni\u00f1ez y la adolescencia y las paredes de una estancia oculta tras las oficinas Opectra en Amsterdam, que la separ\u00f3 del mundo exterior. Ma\u00f1ana se cumplir\u00e1 el plazo legal de los setenta a\u00f1os del fin de la Segunda Guerra Mundial, y con \u00e9l caducar\u00e1n muchos de los derechos de las obras escritas por sus protagonistas fallecidos entonces: diarios, memorias y obras de la \u00e9poca del III Reich.<\/p>\n<p style=\"text-align: justify;\">Entre ellos, la pol\u00e9mica obra seminal del nazismo, Mi lucha, escrita por Adolf Hitler o las memorias de su ministro de propaganda Joseph Goebbels, pero mientras algunos de los manuscritos de los jerarcas nazis se abrir\u00e1n al mercado editorial en muchos pa\u00edses, no ocurrir\u00e1 lo mismo con los diarios probablemente m\u00e1s le\u00eddos de la historia; los de la joven jud\u00eda holandesa Ana Frank, cuyos derechos seguir\u00e1 ostentando la Fundaci\u00f3n Ana Frank con sede en Suiza, tal y como explica por tel\u00e9fono su portavoz, Yves Kugelman. En Espa\u00f1a, concretamente, hasta 2027.<br \/>\nCuaderno original de Anne Frank Anne Frank Haus<\/p>\n<p style=\"text-align: justify;\">Pero aunque los derechos los posee la fundaci\u00f3n suiza creada por el padre de Ana, Otto, los manuscritos f\u00edsicos pertenecen al estado holand\u00e9s, que los cedi\u00f3 a la Casa de Anna Frank en 2009, la otra organizaci\u00f3n que vela por su legado. No se trata de un s\u00f3lo escrito, ni de una sola narraci\u00f3n, son varias piezas. Por el principio: menos de un mes despu\u00e9s de ese cumplea\u00f1os, el 6 de julio de 1942 la familia Frank tuvo que esconderse. Ana llen\u00f3 r\u00e1pidamente su cuaderno de cuadros rojos y verdes al que le siguieron otras libretas, de las que se conservaron dos, tal y como matizan a La Aventura de la Historia los responsables de su custodia y estudio. Es lo que los expertos denominan la versi\u00f3n &#8216;A&#8217; del diario.<\/p>\n<p style=\"text-align: justify;\">Narra sus vivencias y anhelos entre 1942 y marzo de 1944. Fue entonces cuando los habitantes del Anexo Secreto: la familia Frank, adem\u00e1s de Herman y Auguste van Pels, su hijo Peter y Fritz Pfefferr, escucharon en Radio Orantje un mensaje que supuso un nuevo impulso para Ana que hab\u00eda pasado de los trece a los quince a\u00f1os: las ondas anunciaron que recolectar\u00edan todas las memorias para documentar el sufrimiento de la guerra. Ana decidi\u00f3 reescribir los diarios de forma novelada en hojas de papel sueltas: hab\u00eda decidido convertirse en periodista y escritora. Existe constancia de su inter\u00e9s por publicarlos alg\u00fan d\u00eda: \u00abTan s\u00f3lo imagina lo interesante que ser\u00eda si publicara una novela sobre el Anexo Secreto, S\u00f3lo el t\u00edtulo har\u00eda pensar a los lectores en una historia de intriga\u00bb, escribi\u00f3 entonces. Se conservaron 225 p\u00e1ginas, lo que se conoce como la versi\u00f3n &#8216;B&#8217;.<br \/>\n\u00abTan s\u00f3lo imagina lo interesante que ser\u00eda si publicara una novela sobre el &#8216;Anexo Secreto&#8217;, S\u00f3lo el t\u00edtulo har\u00eda pensar a los lectores en una historia de intriga\u00bb<\/p>\n<p style=\"text-align: justify;\">No sobrevivi\u00f3 para ver cumplido su sue\u00f1o. Fueron descubiertos y enviados a diferentes campos. \u00abDe Edith y las ni\u00f1as no s\u00e9 nada. Seguramente han sido deportadas a Alemania. \u00bfVolveremos a vernos sanos y salvos?\u00bb, escribi\u00f3, el 15 de marzo de 1945, Otto Frank a su madre desde Polonia, mientras trataba de gestionar su regreso a Holanda. Reci\u00e9n liberado de su cautiverio en Auschwitz, no pod\u00eda imaginar que quiz\u00e1s ese mismo d\u00eda o, probablemente, unas pocas fechas antes, sus hijas Margot y Ana hab\u00edan muerto en Bergen-Belsen, consumidas por el tifus. Y tardar\u00eda meses en enterarse de que su mujer hab\u00eda fallecido el 6 de enero de 1945, de inanici\u00f3n y loca, en el propio Auschwitz, no muy lejos de donde \u00e9l mismo hab\u00eda sobrevivido durante medio a\u00f1o, caminando por el filo de la muerte.<\/p>\n<p style=\"text-align: justify;\">Ana falleci\u00f3 apenas unas semanas antes de que el campo fuera liberado por las tropas aliadas. No lleg\u00f3 a cumplir los 16. Pero una gran parte de sus escritos si sobrevivieron, y su padre, Otto, tambi\u00e9n, el \u00fanico de toda la familia y el que pas\u00f3 a ostentar la propiedad del legado. Despu\u00e9s de muchas dudasOtto Frank decidi\u00f3 editarlos y publicarlos en 1947 convirti\u00e9ndose en uno de los testimonios m\u00e1s impactantes de la persecuci\u00f3n de los jud\u00edos durante el Tercer Reich, y en un Best Seller inmune al paso de los a\u00f1os. Pero Otto encontr\u00f3 que la versi\u00f3n &#8216;A&#8217; estaba incompleta y que la &#8216;B&#8217; se deten\u00eda antes del 1 de agosto de 1944, as\u00ed que edit\u00f3 una combinaci\u00f3n de ambas. Lo que ha dado lugar a que algunos medios apuntaran a una supuesta coautor\u00eda del padre, que muri\u00f3 en 1980, raz\u00f3n por la cual no quedar\u00edan libres de derechos ma\u00f1ana, sino en 2050.<br \/>\nMara\u00f1a normativa<\/p>\n<p style=\"text-align: justify;\">La realidad es m\u00e1s compleja. Yves Kugelmann, portavoz de la Fundaci\u00f3n Ana Frank rechaza el argumento rotundamente: \u00abnosotros nunca hemos defendido tal afirmaci\u00f3n\u00bb. Escoge cuidadosamente sus palabras para desenmara\u00f1ar la madeja legal que dejar\u00e1 el apetecible bocado editorial en espera: \u00abPara entender cu\u00e1l es la norma aplicable, en general, existe la regla de los 70 a\u00f1os posteriores a la muerte del autor, momento en el que pasa a ser de dominio p\u00fablico, pero es una regla que s\u00f3lo se aplica a partir de 1995 seg\u00fan la ley de Copyright de la Uni\u00f3n Europea\u00bb.<\/p>\n<p style=\"text-align: justify;\">Tanto la Anne Frank Fonds como la Anne Frank Haus consultadas por La Aventura de la Historia son tajantes: la \u00fanica autora es Ana, lo que ocurre es que la versi\u00f3n de 1947 es, primero, incompleta y segundo, est\u00e1 descatalogada, por lo que carece sentido discutir sobre un Copyright de una edici\u00f3n que en ese caso s\u00ed que era propiedad de Otto.<\/p>\n<p style=\"text-align: justify;\">En 1986, el NIO -Instituto de estudios sobre el genocidio la guerra y el Holocausto-, llev\u00f3 a cabo una edici\u00f3n cr\u00edtica de los escritos de Ana Frank que determinaron la autenticidad de la obra, puesta en duda por algunos a mediados de los 80. A partir de ese momento la fundaci\u00f3n public\u00f3 en 1991 una edici\u00f3n completa de ambas versiones -la &#8216;A&#8217; y la &#8216;B&#8217;- y no parcial, como hab\u00eda sido la del padre de Ana Frank, que hab\u00eda omitido algunos pasajes de su despertar sexual, por citar alg\u00fan ejemplo.<\/p>\n<p style=\"text-align: justify;\">Kugelmman reconoce que puede dar lugar a confusi\u00f3n por la creencia com\u00fan de la regla aplicable de los 70 a\u00f1os, pero matiza que depende del periodo en el que fuera escrita la obra y de la legislaci\u00f3n de cada pa\u00eds en ese momento: \u00abEs, ciertamente, una excepci\u00f3n, pero no una pr\u00f3rroga de los derechos, sino la pura realidad legal, por ejemplo, de Espa\u00f1a. En muchos otros pa\u00edses ocurre algo similar para obras anteriores a 1995. En Francia y Reino Unido existe por ejemplo otra norma, la de los 50 a\u00f1os desde su publicaci\u00f3n, que en este caso corresponde a 1986, cuando sali\u00f3 editada la versi\u00f3n \u00edntegra de los diarios, lo que supone que en esos pa\u00edses seguir\u00e1 protegida hasta 2036\u00bb.<\/p>\n<p style=\"text-align: justify;\">Mientras, los expertos siguen a\u00fan con lupa el incalculable valor de los documentos de la joven Ana. El instituto NIOD desarrolla un proyecto que analiza la obra para responder a las intenciones de Ana cuando comenz\u00f3 a reescribir los diarios en 1944, como por ejemplo, qu\u00e9 decidi\u00f3 incluir de su diario &#8216;puro&#8217; -la versi\u00f3n &#8216;A&#8217;- en la parte novelada que pretend\u00eda publicar al finalizar la guerra y qu\u00e9 pasajes omiti\u00f3, cuales alter\u00f3 y por qu\u00e9 lo hizo.<\/p>\n<p style=\"text-align: justify;\">Las conexiones entre ambos textos desvelan la evoluci\u00f3n de una ni\u00f1a de trece a\u00f1os que anota sus vivencias, a la joven de 15 a\u00f1os convertida en escritora, tal y como explica desde Amsterdam, Ronald Leopold, de la Anne Frank House. Adem\u00e1s se espera conocer m\u00e1s acerca de c\u00f3mo se organizaron y se desarroll\u00f3 la vida en el Anexo Secreto y c\u00f3mo y cando supieron sus habitantes de algunos de los acontecimientos que ocurr\u00edan en el exterior, como los bombardeos sobre las ciudades o la existencia de los campos de concentraci\u00f3n y los gaseamientos.<\/p>\n","protected":false},"excerpt":{"rendered":"<p>As\u00ed comenz\u00f3 su relato la joven Ana Frank, el d\u00eda de su trece cumplea\u00f1os, el&#8230;<\/p>\n","protected":false},"author":1,"featured_media":5772,"comment_status":"closed","ping_status":"closed","sticky":false,"template":"","format":"standard","meta":{"_coblocks_attr":"","_coblocks_dimensions":"","_coblocks_responsive_height":"","_coblocks_accordion_ie_support":"","jetpack_post_was_ever_published":false,"_jetpack_newsletter_access":"","_jetpack_dont_email_post_to_subs":false,"_jetpack_newsletter_tier_id":0,"_jetpack_memberships_contains_paywalled_content":false,"_jetpack_memberships_contains_paid_content":false,"footnotes":"","jetpack_publicize_message":"","jetpack_publicize_feature_enabled":true,"jetpack_social_post_already_shared":false,"jetpack_social_options":{"image_generator_settings":{"template":"highway","default_image_id":0,"enabled":false},"version":2}},"categories":[12,186,44,15],"tags":[90,1933,1934],"class_list":["post-5770","post","type-post","status-publish","format-standard","has-post-thumbnail","hentry","category-cultura","category-instituciones","category-noticias-de-hoy","category-ultimas-noticias","tag-cultura","tag-legado","tag-testamento"],"jetpack_publicize_connections":[],"jetpack_featured_media_url":"https:\/\/i0.wp.com\/miradordeatarfe.es\/wp-content\/uploads\/2016\/01\/annehome.jpg?fit=717%2C254&ssl=1","jetpack_likes_enabled":true,"jetpack_sharing_enabled":true,"_links":{"self":[{"href":"https:\/\/miradordeatarfe.es\/index.php?rest_route=\/wp\/v2\/posts\/5770","targetHints":{"allow":["GET"]}}],"collection":[{"href":"https:\/\/miradordeatarfe.es\/index.php?rest_route=\/wp\/v2\/posts"}],"about":[{"href":"https:\/\/miradordeatarfe.es\/index.php?rest_route=\/wp\/v2\/types\/post"}],"author":[{"embeddable":true,"href":"https:\/\/miradordeatarfe.es\/index.php?rest_route=\/wp\/v2\/users\/1"}],"replies":[{"embeddable":true,"href":"https:\/\/miradordeatarfe.es\/index.php?rest_route=%2Fwp%2Fv2%2Fcomments&post=5770"}],"version-history":[{"count":1,"href":"https:\/\/miradordeatarfe.es\/index.php?rest_route=\/wp\/v2\/posts\/5770\/revisions"}],"predecessor-version":[{"id":5773,"href":"https:\/\/miradordeatarfe.es\/index.php?rest_route=\/wp\/v2\/posts\/5770\/revisions\/5773"}],"wp:featuredmedia":[{"embeddable":true,"href":"https:\/\/miradordeatarfe.es\/index.php?rest_route=\/wp\/v2\/media\/5772"}],"wp:attachment":[{"href":"https:\/\/miradordeatarfe.es\/index.php?rest_route=%2Fwp%2Fv2%2Fmedia&parent=5770"}],"wp:term":[{"taxonomy":"category","embeddable":true,"href":"https:\/\/miradordeatarfe.es\/index.php?rest_route=%2Fwp%2Fv2%2Fcategories&post=5770"},{"taxonomy":"post_tag","embeddable":true,"href":"https:\/\/miradordeatarfe.es\/index.php?rest_route=%2Fwp%2Fv2%2Ftags&post=5770"}],"curies":[{"name":"wp","href":"https:\/\/api.w.org\/{rel}","templated":true}]}}