{"id":57729,"date":"2022-11-30T09:28:09","date_gmt":"2022-11-30T08:28:09","guid":{"rendered":"https:\/\/miradordeatarfe.es\/?p=57729"},"modified":"2022-11-28T14:52:53","modified_gmt":"2022-11-28T13:52:53","slug":"violetera-la-maestra-que-se-convirtio-en-escritora-de-cuentos","status":"publish","type":"post","link":"https:\/\/miradordeatarfe.es\/?p=57729","title":{"rendered":"Violetera&#8217;, la maestra que se convirti\u00f3 en escritora de cuentos"},"content":{"rendered":"<h3><span class=\"pg-bkn-kicker kicker-seo\">Ante el pasado dia 27 de noviembrte \u00bb D\u00eda del Maestro\u00bb <\/span>La profesora\u00a0 Paqui Loli Tellado ha creado un particular universo con un personaje que est\u00e1 revolucionando la novela infantil: una docente so\u00f1adora a caballo entre Pipi Calzaslargas y Mary Poppins<\/h3>\n<div class=\"gd\">\n<div class=\"gdu u16 u-first\">\n<div class=\"pg-body\">\n<div class=\"mce-body \">\n<p class=\"x_MsoNormal mce\"><strong class=\"mce\">Violetera<\/strong>\u00a0es una maestra un poco diferente, con ella puedes ir de expedici\u00f3n en busca de tesoros, pasear en mitad de la clase por el bosque que ha crecido e incluso viajar a la luna.\u00a0A lo mejor tiene algunos p\u00e1jaros en la cabeza, pero dice que as\u00ed no le queda espacio para ning\u00fan miedo.\u00a0As\u00ed parte una de las propuestas m\u00e1s exitosas de la editorial andaluza independiente\u00a0<strong class=\"mce\">Babidi-B\u00fa<\/strong>, l\u00edder en el sector del libro infantil y juvenil.<\/p>\n<p class=\"x_MsoNormal mce\">Se trata, siguiendo el nombre de su propia protagonista, de\u00a0<em class=\"mce\">Violetera<\/em>, un cuento que nos ense\u00f1a el amor por la lectura y la importancia de cuidar y respetar nuestro entorno, que cumple su tercera edici\u00f3n y con el que Babidi-B\u00fa quiere rendir\u00a0<strong class=\"mce\">homenaje a la figura del maestro<\/strong>, que celebra su D\u00eda Internacional este domingo, 27 de noviembre.<\/p>\n<p class=\"x_MsoNormal mce\">Obra de la <strong class=\"mce\">maestra almeriense Paqui Loli Tellado<\/strong>\u00a0(Hu\u00e9tor-T\u00e1jar, 1978), especialista de audici\u00f3n y lenguaje y con una larga trayectoria en la que ha recorrido centros docentes de toda Andaluc\u00eda. La autora de <em class=\"mce\">Violetera<\/em> se ha\u00a0dedicado a trabajar con ni\u00f1os con dificultades.<\/p>\n<p class=\"x_MsoNormal mce\">Con <em class=\"mce\">Violetera<\/em> ha dado el salto a la literatura infantil, creando un personaje que es un trasunto de su personalidad como maestra y con la que se ha\u00a0iniciado una tendencia a la que se han sumado muchos otros j\u00f3venes docentes de Andaluc\u00eda.\u00a0<\/p>\n<p class=\"x_MsoNormal mce\">Su protagonista destaca por sus m\u00e9todos un tanto peculiares, usa la imaginaci\u00f3n como su principal herramienta, nos invita a so\u00f1ar despiertos, a que los ni\u00f1os se sientan libres y capaces de cualquier cosa. \u201cSer\u00eda algo as\u00ed como una mezcla entre Pippi Calzaslargas y Mary Poppins dando clase\u201d, asegura.<\/p>\n<div class=\"inset inset-L inset-L-w7\">\n<figure class=\"image-holder\"><span class=\"obj-img hmedia\"><img data-recalc-dims=\"1\" loading=\"lazy\" decoding=\"async\" class=\"photo lazy\" src=\"https:\/\/i0.wp.com\/www.granadahoy.com\/2022\/11\/25\/andalucia\/autora-ilustrador-Violetera_1741937215_171314168_1200x1524.jpg?resize=640%2C813&#038;ssl=1\" alt=\"La autora y el ilustrador de 'Violetera'.\" width=\"640\" height=\"813\" data-src=\"\/2022\/11\/25\/andalucia\/autora-ilustrador-Violetera_1741937215_171314168_1200x1524.jpg\" \/><\/span><figcaption>\n<div class=\"footnote\">\n<p class=\"text\">La autora y el ilustrador de &#8216;Violetera&#8217;. <wbr \/> \/ <span class=\"source\">M. G.<\/span><\/p>\n<\/div>\n<\/figcaption><\/figure>\n<\/div>\n<p class=\"x_MsoNormal mce\"><em class=\"mce\">Violetera<\/em> cuenta con las ilustraciones del tambi\u00e9n almeriense <strong class=\"mce\">Jos\u00e9 \u00c1ngel J\u00e1imez<\/strong> (Hu\u00e9tor-T\u00e1jar, 1977), licenciado en Bellas Artes y profesor de la Escuela de Artes desde 2007.<\/p>\n<p class=\"x_MsoNormal mce\">Con este libro, Babidi-B\u00fa quiere recordar el D\u00eda Internacional del Maestro, que se celebra cada a\u00f1o el 27 de noviembre, y al que la editorial andaluza suma dos t\u00edtulos m\u00e1s, en los que los autores son igualmente profesores de educaci\u00f3n infantil y primaria, en lo que supone una verdadera apuesta por dar salida a la vocaci\u00f3n literaria de muchos de nuestros educadores, que entienden la lectura como de las herramientas de trabajo m\u00e1s poderosas e importantes en la formaci\u00f3n de los ni\u00f1os.<\/p>\n<p class=\"x_MsoNormal mce\">No es el \u00fanico t\u00edtulo que la editorial sevillana ha publicado para celebrar el D\u00eda del Maestro.\u00a0<em class=\"mce\">Zurribulle<\/em>, es obra de <strong class=\"mce\">Raimundo Lara<\/strong> (La Matea-Ja\u00e9n, 1986), maestro andaluz que ejerce como docente en Murcia.\u00a0 Es autor del poemario\u00a0<em class=\"mce\">Canciones desencantadas<\/em>, y en esta incursi\u00f3n narrativa para ni\u00f1os nos sumerge en la fascinante historia de Marco, al que le ocurren cosas incre\u00edbles desde que lo hechizara el Hada del Bosque cuando era peque\u00f1o; seg\u00fan su comportamiento pueden ser fant\u00e1sticas o totalmente desastrosas. Ahora es maestro y comparte sus poderes secretos con sus alumnos y alumnas.<\/p>\n<p class=\"x_MsoNormal mce\">Tambi\u00e9n<em class=\"mce\"> Buscando tu estrella<\/em>, que ha sido escrita por\u00a0<strong class=\"mce\">Laura Romero Mart\u00ednez<\/strong> (Madrid, 1995). Esta maestra de Educaci\u00f3n Primaria, especializada en ingl\u00e9s y Pedagog\u00eda Terap\u00e9utica, debuta como escritora con esta historia coral, donde cada personaje tiene un sue\u00f1o. El papel de su profesora es ayudarles a \u201cencontrar la estrella que gu\u00ede su camino\u201d.<\/p>\n<p class=\"x_MsoNormal mce\">Este cuento \u201crefleja el verdadero significado de ser maestro e invita a reflexionar sobre la importancia de mirar a todas las personas con los mismos ojos\u201d, reflexiona su autora.\u00a0<\/p>\n<p><small><\/small><small class=\"author\">Redacci\u00f3n<\/small> GRANADA HOY<\/p>\n<p>FOTO: &#8216;Violetera&#8217;, la maestra que se convirti\u00f3 en escritora de cuentos <wbr \/> \/ <span class=\"source\">M. G.<\/span><\/p>\n<p>https:\/\/www.granadahoy.com\/andalucia\/Violetera-maestra-convirtio-escritora-cuentos_0_1741927443.html<\/p>\n<\/div>\n<\/div>\n<\/div>\n<\/div>\n","protected":false},"excerpt":{"rendered":"<p>Ante el pasado dia 27 de noviembrte \u00bb D\u00eda del Maestro\u00bb La profesora\u00a0 Paqui Loli&#8230;<\/p>\n","protected":false},"author":1,"featured_media":57730,"comment_status":"closed","ping_status":"closed","sticky":false,"template":"","format":"standard","meta":{"_coblocks_attr":"","_coblocks_dimensions":"","_coblocks_responsive_height":"","_coblocks_accordion_ie_support":"","jetpack_post_was_ever_published":false,"_jetpack_newsletter_access":"","_jetpack_dont_email_post_to_subs":false,"_jetpack_newsletter_tier_id":0,"_jetpack_memberships_contains_paywalled_content":false,"_jetpack_memberships_contains_paid_content":false,"footnotes":"","jetpack_publicize_message":"","jetpack_publicize_feature_enabled":true,"jetpack_social_post_already_shared":true,"jetpack_social_options":{"image_generator_settings":{"template":"highway","default_image_id":0,"enabled":false},"version":2}},"categories":[187,1161,44,6937,15],"tags":[911,8592],"class_list":["post-57729","post","type-post","status-publish","format-standard","has-post-thumbnail","hentry","category-centros-educativos","category-ciudadania","category-noticias-de-hoy","category-sociedad","category-ultimas-noticias","tag-cuentos","tag-maestros-as"],"jetpack_publicize_connections":[],"jetpack_featured_media_url":"https:\/\/i0.wp.com\/miradordeatarfe.es\/wp-content\/uploads\/2022\/11\/Violetera_1741937292_171317963_667x375.jpg?fit=667%2C375&ssl=1","jetpack_likes_enabled":true,"jetpack_sharing_enabled":true,"_links":{"self":[{"href":"https:\/\/miradordeatarfe.es\/index.php?rest_route=\/wp\/v2\/posts\/57729","targetHints":{"allow":["GET"]}}],"collection":[{"href":"https:\/\/miradordeatarfe.es\/index.php?rest_route=\/wp\/v2\/posts"}],"about":[{"href":"https:\/\/miradordeatarfe.es\/index.php?rest_route=\/wp\/v2\/types\/post"}],"author":[{"embeddable":true,"href":"https:\/\/miradordeatarfe.es\/index.php?rest_route=\/wp\/v2\/users\/1"}],"replies":[{"embeddable":true,"href":"https:\/\/miradordeatarfe.es\/index.php?rest_route=%2Fwp%2Fv2%2Fcomments&post=57729"}],"version-history":[{"count":1,"href":"https:\/\/miradordeatarfe.es\/index.php?rest_route=\/wp\/v2\/posts\/57729\/revisions"}],"predecessor-version":[{"id":57731,"href":"https:\/\/miradordeatarfe.es\/index.php?rest_route=\/wp\/v2\/posts\/57729\/revisions\/57731"}],"wp:featuredmedia":[{"embeddable":true,"href":"https:\/\/miradordeatarfe.es\/index.php?rest_route=\/wp\/v2\/media\/57730"}],"wp:attachment":[{"href":"https:\/\/miradordeatarfe.es\/index.php?rest_route=%2Fwp%2Fv2%2Fmedia&parent=57729"}],"wp:term":[{"taxonomy":"category","embeddable":true,"href":"https:\/\/miradordeatarfe.es\/index.php?rest_route=%2Fwp%2Fv2%2Fcategories&post=57729"},{"taxonomy":"post_tag","embeddable":true,"href":"https:\/\/miradordeatarfe.es\/index.php?rest_route=%2Fwp%2Fv2%2Ftags&post=57729"}],"curies":[{"name":"wp","href":"https:\/\/api.w.org\/{rel}","templated":true}]}}