{"id":5775,"date":"2016-01-03T09:30:03","date_gmt":"2016-01-03T09:30:03","guid":{"rendered":"http:\/\/miradordeatarfe.es\/?p=5775"},"modified":"2016-01-02T22:25:22","modified_gmt":"2016-01-02T22:25:22","slug":"el-gobierno-municipal-saca-adelante-las-compensaciones-en-el-ibi","status":"publish","type":"post","link":"https:\/\/miradordeatarfe.es\/?p=5775","title":{"rendered":"El gobierno municipal de ATARFE saca adelante las compensaciones en el IBI"},"content":{"rendered":"<p><span class=\"contenidos_subtitulo\">Los cambios en la ordenanza fiscal del impuesto sobre bienes inmuebles (IBI) y la tasa por el tratamiento de residuos s\u00f3lidos se aprueban en el pleno extraordinario\u00a0\u00a0del 30 de Diciembre<\/span><br \/>\n<!--more-->El gobierno municipal integrado por los seis concejales de PASI (Por Atarfe S\u00ed) sac\u00f3 adelante en el \u00faltimo pleno extraordinario celebrado el 30 de Diciembre la modificaci\u00f3n de la ordenanza fiscal reguladora del impuesto municipal sobre bienes inmuebles (IBI) que incluye bonificaciones en el recibo si se pertenece a una familia numerosa, se domicilia el pago de su bien inmueble en suelo urbano a trav\u00e9s de una cuenta bancaria, o reside en una vivienda cuyo valor catastral no est\u00e1 por encima de los 60.000 euros y los ingresos no superan dos veces el salario m\u00ednimo interprofesional.<\/p>\n<div style=\"text-align: justify;\"><\/div>\n<div style=\"text-align: justify;\">Los cambios en el tasa del IBI que introduce el gobierno local para aliviar la carga impositiva a la que tienen que hacer frente los ciudadanos desde que el Ministerio de Hacienda actualiz\u00f3 al alza los valores catastrales se debatieron inicialmente en el\u00a0<strong>pleno celebrado el 16 de noviembre<\/strong>\u00a0y, tras el periodo de alegaciones, se aprobaron definitivamente el \u00faltimo mi\u00e9rcoles del a\u00f1o con el voto a favor de Por Atarfe S\u00ed (PASI), la abstenci\u00f3n de PP y Ciudadanos, y el voto en contra de Ganemos. Los cinco concejales del PSOE no acudieron al pleno extraordinario ni justificaron su ausencia. S\u00ed lo hizo Silvia Lara, de Ganemos, que por motivos laborales no pudo estar presente.<\/div>\n<div style=\"text-align: justify;\"><\/div>\n<div style=\"text-align: justify;\">Las dos alegaciones que presentaron Ganemos y Covir\u00e1n fueron rechazadas con el voto en contra de PASI y la abstenci\u00f3n de PP y Ciudadanos. El edil de Ganemos, Antonio Lucena, tambi\u00e9n puso reparos a la presentada por la cooperativa granadina con sede en Atarfe. El rechazo de ambas alegaciones se sustent\u00f3 en el informe t\u00e9cnico elaborado desde el \u00e1rea Econ\u00f3mica del Ayuntamiento.<\/div>\n<div style=\"text-align: justify;\"><\/div>\n<div style=\"text-align: justify;\">Ganemos propon\u00eda que se modificase el tipo de gravamen que se aplica sobre la base imponible del IBI, pasando del 0,73% al 0,68%; una rebaja que se llev\u00f3 a pleno en noviembre de 2011 pero que no fue autorizada por el Ministerio de Hacienda. El informe t\u00e9cnico del Ayuntamiento advierte de que la alegaci\u00f3n presentada por Ganemos no se acompa\u00f1a de estudio econ\u00f3mico alguno y, de aprobarse, \u00abconllevar\u00eda un descenso de los ingresos previstos que, al no acompa\u00f1arse de ninguna medida compensatoria, supondr\u00eda un incumplimiento del plan de ajuste aprobado en su d\u00eda\u00bb.<\/div>\n<div style=\"text-align: justify;\"><\/div>\n<div style=\"text-align: justify;\">El plan de ajuste para el pago a proveedores que debe cumplir el Ayuntamiento de Atarfe obliga a compensar la p\u00e9rdida de ingresos por la aplicaci\u00f3n de bonificaciones para evitar una quiebra de la hacienda local. Para ello, el equipo de gobierno gravar\u00e1 a partir de 2016 los tipos del IBI de los bienes inmuebles que no son residenciales ni r\u00fasticos y cuyo valor catastral es muy elevado, una operaci\u00f3n que permitir\u00e1 ingresar casi 298.000 euros y que, en este caso, s\u00ed cuenta con informes favorables del interventor provisional y el tesorero.<\/div>\n<div style=\"text-align: justify;\"><\/div>\n<div style=\"text-align: justify;\">La subida afecta a usos de caracter\u00edsticas especiales, y a los usos de almac\u00e9n y estacionamiento, industrial, deportivo, cultural, oficinas, edificios singulares y espect\u00e1culos, \u201ccuyos propietarios tienen capacidad para aguantar\u201d.<\/div>\n<div style=\"text-align: justify;\"><\/div>\n<div style=\"text-align: justify;\">La otra alegaci\u00f3n que tambi\u00e9n fue desestimada con el aval del informe t\u00e9cnico del \u00e1rea de Econom\u00eda fue la que hizo llegar Covir\u00e1n. La cooperativa sostiene que los cambios que introduce el equipo de gobierno no cumplen con las formalidades exigidas, cuestiona la legalidad de los beneficios fiscales que persigue el gobierno local, argumenta que la nueva tarifa es contraria a los principios constitucionales que deben regir el sistema tributario y, por \u00faltimo, afirma que la redacci\u00f3n de la propuesta es incorrrecta. Los cinco puntos son rebatidos por el informe t\u00e9cnico del \u00e1rea de Econom\u00eda al entender que la propuesta se ajusta a la legalidad.<\/div>\n<div style=\"text-align: justify;\"><\/div>\n<div style=\"text-align: justify;\"><strong><span style=\"font-size: small;\">La posici\u00f3n de los partidos pol\u00edticos<\/span><\/strong><\/div>\n<div style=\"text-align: justify;\"><\/div>\n<div style=\"text-align: justify;\">La concejal del PP, Mar\u00eda del Pilar Garc\u00eda Guzm\u00e1n, argument\u00f3 la abstenci\u00f3n de su grupo en el hecho de que, a su juicio, la modificaci\u00f3n es \u00abdiscriminatoria\u00bb e \u00abinjusta\u00bb, al tiempo que echa en falta un \u00abestudio m\u00e1s detallado\u00bb. El portavoz de Ciudadanos, Antonio Pascual Mart\u00edn, justific\u00f3 la abstenci\u00f3n de su partido en el posible \u00abimpacto econ\u00f3mico\u00bb que puede tener la aplicaci\u00f3n de los cambios en el IBI, aludiendo a la posibilidad de que \u00abacarree una p\u00e9rdida de puestos de trabajo\u00bb. Por su parte, Antonio Lucena, de Ganemos, defendi\u00f3 la alegaci\u00f3n de su grupo para reducir el gravamen del 0,73% al 0,68%, recordando que se aprob\u00f3 en el pleno de noviembre de 2011.<\/div>\n<div style=\"text-align: justify;\"><\/div>\n<div style=\"text-align: justify;\">El alcalde Francisco Rodr\u00edguez Quesada (PASI) consider\u00f3 necesarios los cambios propuestos para aliviar la carga de los ciudadanos. Record\u00f3 que la anterior gobierno (PSOE e IU) pudo introducir bonificaciones y no lo hizo, y justific\u00f3 la subida \u00aba los que m\u00e1s tienen\u00bb para tratar de compensar el esfuerzo que realizan familias con escasos recursos. Insisti\u00f3 en que su gobierno pondr\u00e1 en marcha un plan de inspecci\u00f3n catastral para que afloren los inmuebles que sus propietarios no han declarado, y se comprometi\u00f3 a estudiar mejor el impacto econ\u00f3mico que pudiera tener las bonificaciones propuestas una vez que se normalice la situaci\u00f3n del \u00e1rea Econ\u00f3mica, cuyo interventor se incorporar\u00e1 en los pr\u00f3ximos d\u00edas y cuyos trabajadores han hecho un esfuerzo importante en los \u00faltimos meses para tratar de cerrar las cuentas de los dos \u00faltimos a\u00f1os.<\/div>\n<div style=\"text-align: justify;\"><\/div>\n<div style=\"text-align: justify;\"><strong><span style=\"font-size: small;\">Las bonificaciones propuestas en el IBI<\/span><\/strong><\/div>\n<div style=\"text-align: justify;\"><\/div>\n<div style=\"text-align: justify;\">Las familias numerosas obtendr\u00e1n una bonificaci\u00f3n en funci\u00f3n del valor catastral y de una serie de condicionantes que establece la Ley de Haciendas Locales. Los propietarios de inmuebles de uso residencial en suelo urbano obtendr\u00e1n una bonificaci\u00f3n del 3% de la cuota del impuesto si domicilian su recibo antes del 31 de marzo.<\/div>\n<div style=\"text-align: justify;\"><\/div>\n<div style=\"text-align: justify;\">El bono social \u2013una rebaja del 10% en la cuota \u00edntegra del impuesto- s\u00f3lo se aplicar\u00e1 a vecinos que tengan como residencia habitual un inmueble cuyo valor catastral no supere los 60.000 euros. Los ingresos anuales de la unidad familiar tienen que estar por debajo del doble del salario m\u00ednimo interprofesional y sus miembros no deben ostentar m\u00e1s bienes que el de su residencia habitual.<\/div>\n<div style=\"text-align: justify;\"><\/div>\n<div style=\"text-align: justify;\">El gobierno municipal llev\u00f3 recientemente a pleno una f\u00f3rmula para permitir que el fraccionamiento de pago se ajuste mejor a la situaci\u00f3n de las familias. La iniciativa, aprobada por unanimidad por todos los grupos pol\u00edticos y en la actualidad en periodo de alegaciones, posibilita que\u00a0los impuestos puedan pagarse hasta en once mensualidades.<\/div>\n","protected":false},"excerpt":{"rendered":"<p>Los cambios en la ordenanza fiscal del impuesto sobre bienes inmuebles (IBI) y la tasa&#8230;<\/p>\n","protected":false},"author":1,"featured_media":5776,"comment_status":"closed","ping_status":"closed","sticky":false,"template":"","format":"standard","meta":{"_coblocks_attr":"","_coblocks_dimensions":"","_coblocks_responsive_height":"","_coblocks_accordion_ie_support":"","jetpack_post_was_ever_published":false,"_jetpack_newsletter_access":"","_jetpack_dont_email_post_to_subs":false,"_jetpack_newsletter_tier_id":0,"_jetpack_memberships_contains_paywalled_content":false,"_jetpack_memberships_contains_paid_content":false,"footnotes":"","jetpack_publicize_message":"","jetpack_publicize_feature_enabled":true,"jetpack_social_post_already_shared":false,"jetpack_social_options":{"image_generator_settings":{"template":"highway","default_image_id":0,"enabled":false},"version":2}},"categories":[2,1161,44,15],"tags":[],"class_list":["post-5775","post","type-post","status-publish","format-standard","has-post-thumbnail","hentry","category-atarfe","category-ciudadania","category-noticias-de-hoy","category-ultimas-noticias"],"jetpack_publicize_connections":[],"jetpack_featured_media_url":"https:\/\/i0.wp.com\/miradordeatarfe.es\/wp-content\/uploads\/2016\/01\/pleno-ibi-atarfe.jpg?fit=750%2C422&ssl=1","jetpack_likes_enabled":true,"jetpack_sharing_enabled":true,"_links":{"self":[{"href":"https:\/\/miradordeatarfe.es\/index.php?rest_route=\/wp\/v2\/posts\/5775","targetHints":{"allow":["GET"]}}],"collection":[{"href":"https:\/\/miradordeatarfe.es\/index.php?rest_route=\/wp\/v2\/posts"}],"about":[{"href":"https:\/\/miradordeatarfe.es\/index.php?rest_route=\/wp\/v2\/types\/post"}],"author":[{"embeddable":true,"href":"https:\/\/miradordeatarfe.es\/index.php?rest_route=\/wp\/v2\/users\/1"}],"replies":[{"embeddable":true,"href":"https:\/\/miradordeatarfe.es\/index.php?rest_route=%2Fwp%2Fv2%2Fcomments&post=5775"}],"version-history":[{"count":2,"href":"https:\/\/miradordeatarfe.es\/index.php?rest_route=\/wp\/v2\/posts\/5775\/revisions"}],"predecessor-version":[{"id":5778,"href":"https:\/\/miradordeatarfe.es\/index.php?rest_route=\/wp\/v2\/posts\/5775\/revisions\/5778"}],"wp:featuredmedia":[{"embeddable":true,"href":"https:\/\/miradordeatarfe.es\/index.php?rest_route=\/wp\/v2\/media\/5776"}],"wp:attachment":[{"href":"https:\/\/miradordeatarfe.es\/index.php?rest_route=%2Fwp%2Fv2%2Fmedia&parent=5775"}],"wp:term":[{"taxonomy":"category","embeddable":true,"href":"https:\/\/miradordeatarfe.es\/index.php?rest_route=%2Fwp%2Fv2%2Fcategories&post=5775"},{"taxonomy":"post_tag","embeddable":true,"href":"https:\/\/miradordeatarfe.es\/index.php?rest_route=%2Fwp%2Fv2%2Ftags&post=5775"}],"curies":[{"name":"wp","href":"https:\/\/api.w.org\/{rel}","templated":true}]}}