{"id":57782,"date":"2022-12-02T11:32:39","date_gmt":"2022-12-02T10:32:39","guid":{"rendered":"https:\/\/miradordeatarfe.es\/?p=57782"},"modified":"2022-12-30T22:19:02","modified_gmt":"2022-12-30T21:19:02","slug":"entre-el-camino-y-la-etica-por-juan-de-dios-villanueva-roa","status":"publish","type":"post","link":"https:\/\/miradordeatarfe.es\/?p=57782","title":{"rendered":"\u00abENTRE EL CAMINO Y LA \u00c9TICA\u00bb por Juan de Dios Villanueva Roa"},"content":{"rendered":"<h3 style=\"text-align: justify;\">Cuando los derechos son propios y las obligaciones ajenas, se camina cerca del abismo.<\/h3>\n<p style=\"text-align: justify;\">La ciudadan\u00eda en este pa\u00eds ha recorrido muchos caminos, esto es f\u00e1cil de ver si se tienen unos a\u00f1os caminados. Si no se tienen a\u00fan, se recorren aunque a veces se desconozca la historia de quienes han desmontado monta\u00f1as, vadeado r\u00edos, aplanado aristas y se\u00f1alizado recorridos.<\/p>\n<p style=\"text-align: justify;\">Y as\u00ed se van transitando caminos y con el paso de muchos se van acrecentando y consolidando sus suelos. Luego, cada cual elige destino, aunque hay quienes para alcanzar el propio no les importe destruir el ajeno, incluso si ese ajeno es el de quienes le han facilitado llegar hasta ah\u00ed.<\/p>\n<p style=\"text-align: justify;\">Pero eso entra ya en la \u00e9tica personal de cada cual, al igual que entra en esa \u00e9tica el que quienes han de estar\u00a0 atentos a que el respeto sea incorruptible ejerzan sus funcione\u00a0 sin pretender quedar siempre bien con los que gritan m\u00e1s fuerte. Sabemos que el grito m\u00e1s fuerte no ha de ser obligadamente el que m\u00e1s raz\u00f3n tiene.<\/p>\n<p style=\"text-align: justify;\">\u00a0Siquiera ha de tener raz\u00f3n, puede que solo sea un grito. Y todas las personas tenemos derecho al respeto, a que nuestra forma de pensar sea escuchada si la manifestamos como las normas que nos hemos establecido en esos<br \/>\ncaminos lo amparan. Porque la norma com\u00fan hace m\u00e1s grande los derechos individuales, y para cambiarla solo hay que ser mayor\u00eda y proponerlo con los argumentos convincentes.<\/p>\n<p style=\"text-align: justify;\">Mientras tanto, la igualdad nos llega con lo que la mayor\u00eda ha decidido que sea en este discurrir de caminos.\u00a0 Despu\u00e9s, cada cual en sus fueros internos que camine como pueda o quiera.<\/p>\n","protected":false},"excerpt":{"rendered":"<p>Cuando los derechos son propios y las obligaciones ajenas, se camina cerca del abismo. La&#8230;<\/p>\n","protected":false},"author":1,"featured_media":57783,"comment_status":"closed","ping_status":"closed","sticky":false,"template":"","format":"standard","meta":{"_coblocks_attr":"","_coblocks_dimensions":"","_coblocks_responsive_height":"","_coblocks_accordion_ie_support":"","jetpack_post_was_ever_published":false,"_jetpack_newsletter_access":"","_jetpack_dont_email_post_to_subs":false,"_jetpack_newsletter_tier_id":0,"_jetpack_memberships_contains_paywalled_content":false,"_jetpack_memberships_contains_paid_content":false,"footnotes":"","jetpack_publicize_message":"","jetpack_publicize_feature_enabled":true,"jetpack_social_post_already_shared":true,"jetpack_social_options":{"image_generator_settings":{"template":"highway","default_image_id":0,"enabled":false},"version":2}},"categories":[1161,9772,44,7671,6937,15],"tags":[1936,9795],"class_list":["post-57782","post","type-post","status-publish","format-standard","has-post-thumbnail","hentry","category-ciudadania","category-opinion-de-juan-de-dios-villanueva","category-noticias-de-hoy","category-politica","category-sociedad","category-ultimas-noticias","tag-etica","tag-obligaciones"],"jetpack_publicize_connections":[],"jetpack_featured_media_url":"https:\/\/i0.wp.com\/miradordeatarfe.es\/wp-content\/uploads\/2022\/11\/indice-2.jpeg?fit=275%2C183&ssl=1","jetpack_likes_enabled":true,"jetpack_sharing_enabled":true,"_links":{"self":[{"href":"https:\/\/miradordeatarfe.es\/index.php?rest_route=\/wp\/v2\/posts\/57782","targetHints":{"allow":["GET"]}}],"collection":[{"href":"https:\/\/miradordeatarfe.es\/index.php?rest_route=\/wp\/v2\/posts"}],"about":[{"href":"https:\/\/miradordeatarfe.es\/index.php?rest_route=\/wp\/v2\/types\/post"}],"author":[{"embeddable":true,"href":"https:\/\/miradordeatarfe.es\/index.php?rest_route=\/wp\/v2\/users\/1"}],"replies":[{"embeddable":true,"href":"https:\/\/miradordeatarfe.es\/index.php?rest_route=%2Fwp%2Fv2%2Fcomments&post=57782"}],"version-history":[{"count":1,"href":"https:\/\/miradordeatarfe.es\/index.php?rest_route=\/wp\/v2\/posts\/57782\/revisions"}],"predecessor-version":[{"id":57784,"href":"https:\/\/miradordeatarfe.es\/index.php?rest_route=\/wp\/v2\/posts\/57782\/revisions\/57784"}],"wp:featuredmedia":[{"embeddable":true,"href":"https:\/\/miradordeatarfe.es\/index.php?rest_route=\/wp\/v2\/media\/57783"}],"wp:attachment":[{"href":"https:\/\/miradordeatarfe.es\/index.php?rest_route=%2Fwp%2Fv2%2Fmedia&parent=57782"}],"wp:term":[{"taxonomy":"category","embeddable":true,"href":"https:\/\/miradordeatarfe.es\/index.php?rest_route=%2Fwp%2Fv2%2Fcategories&post=57782"},{"taxonomy":"post_tag","embeddable":true,"href":"https:\/\/miradordeatarfe.es\/index.php?rest_route=%2Fwp%2Fv2%2Ftags&post=57782"}],"curies":[{"name":"wp","href":"https:\/\/api.w.org\/{rel}","templated":true}]}}