{"id":57793,"date":"2022-12-03T09:55:19","date_gmt":"2022-12-03T08:55:19","guid":{"rendered":"https:\/\/miradordeatarfe.es\/?p=57793"},"modified":"2022-12-01T10:00:00","modified_gmt":"2022-12-01T09:00:00","slug":"preguntas-y-respuestas-sobre-la-vacunacion-infantil-contra-la-covid-19","status":"publish","type":"post","link":"https:\/\/miradordeatarfe.es\/?p=57793","title":{"rendered":"Preguntas y respuestas sobre la vacunaci\u00f3n infantil contra la COVID-19"},"content":{"rendered":"<h3 style=\"text-align: justify;\"><em>Republicamos este art\u00edculo de la Agencia Sinc, <a href=\"https:\/\/www.agenciasinc.es\/Noticias\/La-vacunacion-covid-infantil-con-todo-detalle-17-preguntas-y-respuestas-utiles\">publicado originalmente <\/a>el 15 de diciembre de 2021. <\/em><\/h3>\n<p style=\"text-align: justify;\">Este mi\u00e9rcoles 15 de diciembre comienza en Espa\u00f1a la campa\u00f1a de vacunaci\u00f3n infantil contra la COVID-19. La recomendaci\u00f3n es vacunar a ni\u00f1os y ni\u00f1as de 5 a 11 a\u00f1os con la vacuna aprobada en Europa para este tramo, Comirnaty (Pfizer) con un tercio de la dosis usada en mayores de doce a\u00f1os. Pero padres y madres siguen teniendo dudas. Aqu\u00ed respondemos a las cl\u00e1sicas (seguridad, riesgo\/beneficio) y a otras m\u00e1s espec\u00edficas: alergias, s\u00edndromes gen\u00e9ticos, personas de alto riesgo&#8230;<\/p>\n<h2 style=\"text-align: justify;\">1) \u00bfQu\u00e9 dicen los pediatras?<\/h2>\n<p style=\"text-align: justify;\">La Asociaci\u00f3n Espa\u00f1ola de Pediatr\u00eda (AEP)\u00a0<a href=\"https:\/\/vacunasaep.org\/profesionales\/noticias\/vacuna-covid-adolescentes-preguntas-y-respuestas\">respalda<\/a>\u00a0las recomendaciones oficiales sobre vacunaci\u00f3n infantil. El coordinador de su Comit\u00e9 Asesor de Vacunas,\u00a0<strong>Francisco \u00c1lvarez Garc\u00eda<\/strong>, ha explicado las razones<a href=\"https:\/\/health-desk.org\/articles\/reaccion-rapida-sobre-vacunacion-covid-pediatrica-en-espana\">\u00a0al Covid Vaccine Media Hub<\/a>:<\/p>\n<ul style=\"text-align: justify;\">\n<li>Se ha demostrado que la vacuna \u201ces\u00a0<strong>eficaz (90,7 %) y segura<\/strong>\u201d.<\/li>\n<li>Los ni\u00f1os y ni\u00f1as \u201ctienen derecho a estar protegidos contra una enfermedad que aun cursando levemente en general\u201d en ellos, \u201cpuede hacerlo de forma grave\u201d. Desde el inicio de la pandemia ha habido en Espa\u00f1a diez muertes en menores de 10 a\u00f1os, y unos 180 ingresos en cuidados intensivos \u2014todos eran especialmente vulnerables por otras patolog\u00edas de base\u2014.<\/li>\n<li>La vacunaci\u00f3n contribuye a tener \u201c<strong>espacios educativos seguros<\/strong>\u201d, que seg\u00fan han visto los psiquiatras durante la pandemia \u201cson indispensables para la formaci\u00f3n y el bienestar psicoemocional de los ni\u00f1os\u201d.<\/li>\n<li>Los ni\u00f1os y ni\u00f1as son el 10 % de la poblaci\u00f3n y su vacunaci\u00f3n ayuda a alcanzar \u201cla protecci\u00f3n de grupo, que con la variante delta se cifra en el 91 %\u201d.<\/li>\n<li>\u201cAdem\u00e1s conseguiremos\u00a0<strong>reducir la circulaci\u00f3n del SARS-CoV-2 y la aparici\u00f3n de nuevas variantes<\/strong>\u201d.<\/li>\n<\/ul>\n<h2 style=\"text-align: justify;\">2) \u00bfCu\u00e1nto es por ellos y cu\u00e1nto por la comunidad?<\/h2>\n<p style=\"text-align: justify;\"><strong>\u00c1ngel Hern\u00e1ndez Merino<\/strong>, vocal del Comit\u00e9 Asesor de Vacunas de la AEP, explica que \u201cla vacunaci\u00f3n es recomendable porque se espera que comporte beneficios netos al ni\u00f1o y al conjunto de la comunidad. Este segundo aspecto no es privativo de esta vacuna, las mejores vacunas benefician al vacunado y tambi\u00e9n, de distinta forma, a los no vacunados\u201d.<\/p>\n<p style=\"text-align: justify;\">El\u00a0<a href=\"https:\/\/www.mscbs.gob.es\/profesionales\/saludPublica\/prevPromocion\/vacunaciones\/covid19\/docs\/Recomendaciones_vacunacion_infantil.pdf\">documento de la Comisi\u00f3n de Salud P\u00fablica<\/a>\u00a0dice: \u201cEl papel transmisor de la poblaci\u00f3n infantil en la infecci\u00f3n por SARS-CoV-2 parece ser menos importante comparado con el papel desempe\u00f1ado por los adultos\u201d. Pero admite que \u201cla vacunaci\u00f3n en la poblaci\u00f3n infantil disminuir\u00eda la carga de enfermedad en este colectivo y puede disminuir la transmisi\u00f3n en el entorno familiar, en los centros educativos y en la comunidad, contribuyendo a la protecci\u00f3n de las poblaciones m\u00e1s vulnerables\u201d.<\/p>\n<h2 style=\"text-align: justify;\">3) \u00bfEn qu\u00e9 balance beneficio\/riesgo se ha basado la aprobaci\u00f3n de la vacuna para ni\u00f1os?<\/h2>\n<p style=\"text-align: justify;\">La aprobaci\u00f3n de la\u00a0<strong>vacuna Comirnaty (Pfizer)<\/strong>\u00a0para ni\u00f1os de 5 a 11 a\u00f1os por parte de la Agencia Espa\u00f1ola del Medicamento (AEMPS), y la Agencia Europea del Medicamento (EMA) se ha basado en\u00a0<a href=\"https:\/\/www.aemps.gob.es\/informa\/notasinformativas\/laaemps\/2021-2\/la-ema-aprueba-la-primera-vacuna-pediatrica-frente-a-la-covid-19\/\">el siguiente an\u00e1lisis<\/a>\u00a0riesgo\/beneficio:<\/p>\n<p style=\"text-align: justify;\">\u201cEl ensayo cl\u00ednico se ha realizado bajo el dise\u00f1o de doble ciego (\u2026). De los 1.305 menores que recibieron la vacuna, solo tres desarrollaron la enfermedad, frente a 16 de los 663 que recibieron el placebo, mostrando una eficacia del 90,7 %.<\/p>\n<p style=\"text-align: justify;\">\u201cLas reacciones adversas m\u00e1s frecuentes identificadas en menores de 5 a 11 a\u00f1os (\u2026) suelen ser leves o moderadas y mejoran a los pocos d\u00edas. Por lo tanto, el Comit\u00e9 de Medicamentos de Uso Humano (CHMP) de la EMA ha concluido que<strong>\u00a0los beneficios de Comirnaty en ni\u00f1os de 5 a 11 a\u00f1os superan a los riesgos<\/strong>, especialmente en aquellos con afecciones que aumentan el riesgo de padecer covid-19 grave\u201d.<\/p>\n<h2 style=\"text-align: justify;\">4) \u00bfEstamos seguros de que son seguras?<\/h2>\n<p style=\"text-align: justify;\">La propia\u00a0<a href=\"https:\/\/www.ema.europa.eu\/en\/documents\/product-information\/comirnaty-epar-product-information_en.pdf\">ficha t\u00e9cnica<\/a>\u00a0de la vacuna Comirnaty \u2014desde la p\u00e1g. 99 se abordan los datos de la dosis infantil, un tercio de la de adultos\u2014 recoge\u00a0<strong>efectos secundarios similares a los de los mayores<\/strong>: dolor en el lugar de inyecci\u00f3n, fatiga, cefalea, mialgia, escalofr\u00edos, artralgia y fiebre e hinchaz\u00f3n en el lugar de inyecci\u00f3n.<\/p>\n<p style=\"text-align: justify;\">La AEMPS recuerda que \u201cla seguridad y eficacia de esta vacuna, al igual que la del resto de medicamentos,\u00a0<strong>se continuar\u00e1 vigilando de forma estrecha<\/strong>\u00a0en todas las franjas de edad una vez que la vacuna pedi\u00e1trica se use en la vida real\u201d.<\/p>\n<p style=\"text-align: justify;\"><strong>\u00c1ngel Hern\u00e1ndez<\/strong>\u00a0explica al\u00a0<a href=\"https:\/\/covidvaccinehub.org\/articles\/la-vacunacion-covid-infantil-con-todo-detalle-17-preguntas-y-respuestas-utiles\" target=\"_blank\" rel=\"noreferrer noopener\">Covid Vaccine Media Hub<\/a>\u00a0la importancia de considerar estos datos: \u201cLos ensayos [que han conducido a la aprobaci\u00f3n] no detectaron efectos secundarios graves. Esto es una base m\u00ednima, pero no suficiente, pues puede haber efectos secundarios de baja frecuencia que solo se pondr\u00e1n de manifiesto tras el uso de la vacuna en condiciones reales y en grandes poblaciones. Esto ha sido as\u00ed siempre. Sin embargo en EE UU\u00a0<strong>ya van vacunados varios millones, sin que hayan aparecido se\u00f1ales de alerta<\/strong>\u201d.<\/p>\n<h2 style=\"text-align: justify;\">5) \u00bfSe ha detectado alguna miocarditis en ni\u00f1os?<\/h2>\n<p style=\"text-align: justify;\">Este es otro dato que inclina la balanza a favor de la vacunaci\u00f3n. \u201cLa vacunaci\u00f3n de adolescentes ya ha mostrado que los casos de peri\/miocarditis son muy raros (menos de 1\/10.000), y en todo caso menos que los ocasionados por la propia enfermedad natural\u201d, dice \u00c1ngel Hern\u00e1ndez. Hasta ahora\u00a0<strong>no se ha detectado ning\u00fan caso<\/strong>\u00a0en los ensayos ni en los pa\u00edses que ya vacunan, como EE UU e Israel.<\/p>\n<h2 style=\"text-align: justify;\">6) \u00bfQu\u00e9 datos hay de los pa\u00edses que ya est\u00e1n vacunando a los ni\u00f1os?<\/h2>\n<p style=\"text-align: justify;\">La Comisi\u00f3n de Salud P\u00fablica\u00a0<a href=\"https:\/\/www.mscbs.gob.es\/profesionales\/saludPublica\/prevPromocion\/vacunaciones\/covid19\/docs\/Recomendaciones_vacunacion_infantil.pdf\">ha tenido en cuenta<\/a>\u00a0los datos recientes de pa\u00edses que ya llevan semanas vacunando a ni\u00f1os: \u201cEstados Unidos e Israel, entre otros, han comenzado a vacunar a la poblaci\u00f3n infantil de 5 a 11 a\u00f1os. En concreto, en Estados Unidos se han administrado m\u00e1s de 5 millones de dosis (\u2026). Si bien todav\u00eda no se dispone de un an\u00e1lisis de la seguridad de la vacuna tras su uso a gran escala y su relevancia en la vida real, hasta la fecha no se ha generado ninguna se\u00f1al de alarma sobre la seguridad de la vacunaci\u00f3n en estos ni\u00f1os\u201d.<\/p>\n<h2 style=\"text-align: justify;\">7) \u00bfHay ni\u00f1os en los que NO se recomiende la vacunaci\u00f3n?<\/h2>\n<p style=\"text-align: justify;\">\u201cNo hay grupos de ni\u00f1os en los que la vacunaci\u00f3n est\u00e9 desaconsejada\u201d, responde \u00c1ngel Hern\u00e1ndez.<\/p>\n<p style=\"text-align: justify;\">Pero s\u00ed\u00a0<strong>hay casos individuales en que la vacunaci\u00f3n est\u00e1 contraindicada<\/strong>: ni\u00f1os que ya han tenido una\u00a0<strong>reacci\u00f3n al\u00e9rgica grave (anafilaxia<\/strong>) o inmediata a una dosis previa de la misma vacuna, o a alg\u00fan componente (principio activo o excipiente). Es decir, ni\u00f1os con alergias ya conocidas.<\/p>\n<p style=\"text-align: justify;\">\u201cLa mayor\u00eda de estos ni\u00f1os, que son pocos en n\u00fameros absolutos, podr\u00edan vacunarse despu\u00e9s de una evaluaci\u00f3n alergol\u00f3gica y si persiste el alto riesgo de covid\u201d, a\u00f1ade Hern\u00e1ndez.<\/p>\n<h2 style=\"text-align: justify;\">8) \u00bfQu\u00e9 pasa con los ni\u00f1os con alergia?<\/h2>\n<p style=\"text-align: justify;\">Si ya han tenido una\u00a0<strong>reacci\u00f3n al\u00e9rgica a<\/strong>\u00a0a una dosis previa de la misma vacuna, o a alg\u00fan componente, se desaconseja la vacunaci\u00f3n sin una evaluaci\u00f3n alergol\u00f3gica previa (<strong>ver 6<\/strong>).<\/p>\n<p style=\"text-align: justify;\">En cuanto a los ni\u00f1os en tratamiento de inmunoterapia contra la alergia (vacunas para la desensibilizaci\u00f3n), se puede vacunar contra la vacuna de la covid-19 normalmente \u201cpues no es esperable ninguna interferencia entre ambas\u201d, afirman la\u00a0<a href=\"https:\/\/vacunasaep.org\/profesionales\/noticias\/vacuna-covid-adolescentes-preguntas-y-respuestas#inmunoterapia\">AEP<\/a>\u00a0y el\u00a0<a href=\"https:\/\/vacunasaep.org\/sites\/vacunasaep.org\/files\/min-sanidad_covid-19_guia_utilizacion_vacunas_personal-sanitario_2021_09_24.pdf#page=6\">Ministerio de Sanidad<\/a>.<\/p>\n<h2 style=\"text-align: justify;\">9) \u00bfCu\u00e1les son los ni\u00f1os con muy alto riesgo, cuya vacunaci\u00f3n se considera prioritaria?<\/h2>\n<p style=\"text-align: justify;\">La Comisi\u00f3n de Salud P\u00fablica afirma que \u201cpodr\u00e1n ser priorizados en la vacunaci\u00f3n infantil de forma paralela al avance de la vacunaci\u00f3n por cohortes de mayor a menor edad\u201d los ni\u00f1os en \u201clos grupos con muy alto riesgo (<a href=\"https:\/\/www.mscbs.gob.es\/profesionales\/saludPublica\/prevPromocion\/vacunaciones\/covid19\/docs\/COVID-19_Actualizacion5_EstrategiaVacunacion.pdf\">Grupo 7 de la Estrategia<\/a>)\u201d.<\/p>\n<p style=\"text-align: justify;\">Pertenecen a este grupo: ni\u00f1os con \u201c<strong>trasplante\u00a0<\/strong>de progenitores hematopoy\u00e9ticos; trasplante de \u00f3rgano s\u00f3lido y lista de espera para trasplante de \u00f3rgano s\u00f3lido; tratamiento sustitutivo renal (<strong>hemodi\u00e1lisis y di\u00e1lisis<\/strong>\u00a0peritoneal); enfermedad\u00a0<strong>oncohematol\u00f3gica<\/strong>;\u00a0<strong>c\u00e1ncer de \u00f3rgano s\u00f3lido en tratamiento<\/strong>\u00a0con quimioterapia citot\u00f3xica; metast\u00e1sico o con radioterapia por tumores de localizaci\u00f3n tor\u00e1cica con riesgo de neumonitis inmunodeficiencias primarias;\u00a0<strong>infecci\u00f3n con el VIH<\/strong>\u00a0con menos de 200c\u00e9l\/ml a pesar de TAR eficaz y carga viral indetectable; y\u00a0<strong>s\u00edndrome de Down<\/strong>\u201d, se dice en la estrategia de vacunaci\u00f3n.<\/p>\n<p style=\"text-align: justify;\">Encajan en este grupo, observa \u00c1ngel Hern\u00e1ndez, \u201clos receptores de\u00a0<strong>tratamientos inmunosupresores<\/strong>\u00a0que se usan en enfermedades inflamatorias no oncol\u00f3gicas\u201d.<\/p>\n<p style=\"text-align: justify;\">Tambi\u00e9n son prioritarias las \u201c<strong>condiciones de muy alto riesgo<\/strong>\u201d establecidas en la\u00a0<a href=\"https:\/\/www.mscbs.gob.es\/profesionales\/saludPublica\/prevPromocion\/vacunaciones\/covid19\/docs\/COVID-19_Actualizacion9_Modificada_EstrategiaVacunacion.pdf\">actualizaci\u00f3n 9<\/a>:\u00a0\u201cEl motivo es poder incluir a enfermedades cong\u00e9nitas o cr\u00f3nicas complejas, como los s\u00edndromes gen\u00e9ticos y otras situaciones que comportan un elevado grado de dependencia del ni\u00f1o\u201d, explica Hern\u00e1ndez. Tambi\u00e9n \u201c<strong>enfermedades neurol\u00f3gicas graves<\/strong>\u00a0y situaciones de d\u00e9ficit cognitivo\u201d, as\u00ed como la\u00a0<strong>obesidad m\u00f3rbida<\/strong>.<\/p>\n<h2 style=\"text-align: justify;\">10) \u00bfSe pueden vacunar ni\u00f1os receptores de un trasplante, en tratamiento oncol\u00f3gico o inmunodeprimidos?<\/h2>\n<p style=\"text-align: justify;\">No solo se puede, sino que estos ni\u00f1os tienen prioridad y adem\u00e1s son candidatos a recibir una tercera dosis (ver 8).<\/p>\n<h2 style=\"text-align: justify;\">11) \u00bfY los ni\u00f1os con s\u00edndrome de Down y otros s\u00edndromes de base gen\u00e9tica?<\/h2>\n<p style=\"text-align: justify;\">Tienen prioridad a la hora de vacunarse. Cualquier enfermedad que implique un alto grado de dependencia, tambi\u00e9n (ver 8).\u00a0<\/p>\n<h2 style=\"text-align: justify;\">12) \u00bfPor qu\u00e9 las dos dosis en ni\u00f1os se separan ocho semanas, en lugar de tres?<\/h2>\n<p style=\"text-align: justify;\">En la ficha t\u00e9cnica de\u00a0Comirnaty (10\u00a0\u00b5g) figura el intervalo de tres semanas por ser el estudiado en el\u00a0<a href=\"https:\/\/www.nejm.org\/doi\/full\/10.1056\/NEJMoa2116298\">ensayo cl\u00ednico<\/a>\u00a0que sirvi\u00f3 de base para su autorizaci\u00f3n. Pero la\u00a0<a href=\"https:\/\/vacunasaep.org\/profesionales\/noticias\/covid-19-vacunacion-ninos-5-11a-aprobada-Espana\" target=\"_blank\" rel=\"noreferrer noopener\">Comisi\u00f3n de Salud P\u00fablica decidi\u00f3<\/a>\u00a0el pasado 7 de diciembre recomendar un intervalo de ocho semanas \u201cpara conseguir mejor respuesta inmune y mejor perfil de seguridad (\u2026). Es bien conocido que la respuesta inmune a las vacunas es, en general, superior cuando la segunda dosis se administra con un intervalo mayor, como se ha observado en adolescentes entre 12 y 16 a\u00f1os\u201d.<\/p>\n<p style=\"text-align: justify;\">La AEP\u00a0<a href=\"https:\/\/vacunasaep.org\/profesionales\/noticias\/covid-19-vacunacion-importancia-intervalo-entre-dosis\">afirma<\/a>\u00a0que \u201cla prolongaci\u00f3n del intervalo entre las dosis de la vacuna Comirnaty (10\u00a0\u00b5g) en ni\u00f1os de 5-11 a\u00f1os de edad es, probablemente, una decisi\u00f3n acertada en el contexto actual\u201d. La AEP\u00a0<a href=\"https:\/\/vacunasaep.org\/profesionales\/noticias\/covid-19-vacunacion-importancia-intervalo-entre-dosis\">ofrece<\/a>\u00a0rese\u00f1as de los estudios con evidencias al respecto.<\/p>\n<h2 style=\"text-align: justify;\">13) \u00bfLos ni\u00f1os de grupos de alto riesgo recibir\u00e1n tambi\u00e9n una tercera dosis, como los adultos?<\/h2>\n<p style=\"text-align: justify;\">S\u00ed.\u00a0<a href=\"https:\/\/www.mscbs.gob.es\/profesionales\/saludPublica\/prevPromocion\/vacunaciones\/covid19\/docs\/Recomendaciones_vacunacion_infantil.pdf\">Las instrucciones de la Comisi\u00f3n de Salud P\u00fablica as\u00ed<\/a>\u00a0lo indican.<\/p>\n<h2 style=\"text-align: justify;\">14) \u00bfPuede la vacuna interaccionar (negativamente) con alg\u00fan tratamiento que est\u00e9 siguiendo el ni\u00f1o?<\/h2>\n<p style=\"text-align: justify;\">En general, no. \u201cLa \u00fanica salvedad son los tratamientos con capacidad inmunosupresora (c\u00e1ncer, trasplantes, enfermedades inflamatorias, etc.) en los que la respuesta puede ser sub\u00f3ptima, pero en los que la vacunaci\u00f3n no solo no est\u00e1 contraindicada, sino que est\u00e1 especialmente indicada\u201d, indica \u00c1ngel Hern\u00e1ndez.<\/p>\n<h2 style=\"text-align: justify;\">15) \u00bfY si la vacuna frente a la covid coincide con otras del calendario vacunal infantil?<\/h2>\n<p style=\"text-align: justify;\">\u201cLas vacunas de ARNm frente a la covid-19 para poblaci\u00f3n infantil se pueden administrar de manera concomitante con cualquier vacuna, en lugares anat\u00f3micos diferentes\u201d, dice la\u00a0<a href=\"https:\/\/www.mscbs.gob.es\/profesionales\/saludPublica\/prevPromocion\/vacunaciones\/covid19\/docs\/Recomendaciones_vacunacion_infantil.pdf\">Comisi\u00f3n de Salud P\u00fablica<\/a>.<\/p>\n<h2 style=\"text-align: justify;\">16) Si la vacunaci\u00f3n es en los colegios, \u00bfse puede hacer sin autorizaci\u00f3n de los progenitores?<\/h2>\n<p style=\"text-align: justify;\">No. Se debe solicitar previamente por escrito la firma de una autorizaci\u00f3n de la madre, el padre o el tutor, dice la\u00a0<a href=\"https:\/\/www.mscbs.gob.es\/profesionales\/saludPublica\/prevPromocion\/vacunaciones\/covid19\/docs\/Recomendaciones_vacunacion_infantil.pdf\">Comisi\u00f3n de Salud P\u00fablica<\/a>.<\/p>\n<h2 style=\"text-align: justify;\">17) \u00bfSe vacuna a los ni\u00f1os que han pasado la covid?<\/h2>\n<p style=\"text-align: justify;\">S\u00ed, con una sola dosis a partir de las cuatro semanas despu\u00e9s del diagn\u00f3stico. Si el contagio se produce tras la primera dosis, la vacunaci\u00f3n ser\u00e1 cuatro semanas despu\u00e9s la infecci\u00f3n, manteniendo el intervalo de ocho semanas respecto a laprimera dosis.<\/p>\n<p><strong>MALDITA CIENCIA<\/strong><\/p>\n<div id=\"section-sidebar\" class=\"mb-8 md:mb-8 w-full md:w-sidebar md:flex md:flex-col\" style=\"text-align: justify;\">\n<div class=\"msidebar\">\n<div class=\"sidebar-column\" draggable=\"false\">\n<div class=\"news-three news-block\" data-section=\"10\">\n<div class=\"news-three-top\" draggable=\"false\">https:\/\/maldita.es\/malditaciencia\/20211215\/preguntas-respuestas-vacunas-ninos-covid\/<\/div>\n<\/div>\n<\/div>\n<\/div>\n<\/div>\n<div class=\"send-questions-top\" style=\"text-align: justify;\" draggable=\"false\">\u00a0<\/div>\n","protected":false},"excerpt":{"rendered":"<p>Republicamos este art\u00edculo de la Agencia Sinc, publicado originalmente el 15 de diciembre de 2021&#8230;.<\/p>\n","protected":false},"author":1,"featured_media":57794,"comment_status":"closed","ping_status":"closed","sticky":false,"template":"","format":"standard","meta":{"_coblocks_attr":"","_coblocks_dimensions":"","_coblocks_responsive_height":"","_coblocks_accordion_ie_support":"","jetpack_post_was_ever_published":false,"_jetpack_newsletter_access":"","_jetpack_dont_email_post_to_subs":false,"_jetpack_newsletter_tier_id":0,"_jetpack_memberships_contains_paywalled_content":false,"_jetpack_memberships_contains_paid_content":false,"footnotes":"","jetpack_publicize_message":"","jetpack_publicize_feature_enabled":true,"jetpack_social_post_already_shared":true,"jetpack_social_options":{"image_generator_settings":{"template":"highway","default_image_id":0,"enabled":false},"version":2}},"categories":[1161,7149,44,15,10],"tags":[9800,9798,9799],"class_list":["post-57793","post","type-post","status-publish","format-standard","has-post-thumbnail","hentry","category-ciudadania","category-coronavirus","category-noticias-de-hoy","category-ultimas-noticias","category-salud","tag-pediatras","tag-vacunacion-covid","tag-vacunas-ninos"],"jetpack_publicize_connections":[],"jetpack_featured_media_url":"https:\/\/i0.wp.com\/miradordeatarfe.es\/wp-content\/uploads\/2022\/12\/61b9eaddce463pexels-cdc-3992931-1-jpg.jpg?fit=1600%2C675&ssl=1","jetpack_likes_enabled":true,"jetpack_sharing_enabled":true,"_links":{"self":[{"href":"https:\/\/miradordeatarfe.es\/index.php?rest_route=\/wp\/v2\/posts\/57793","targetHints":{"allow":["GET"]}}],"collection":[{"href":"https:\/\/miradordeatarfe.es\/index.php?rest_route=\/wp\/v2\/posts"}],"about":[{"href":"https:\/\/miradordeatarfe.es\/index.php?rest_route=\/wp\/v2\/types\/post"}],"author":[{"embeddable":true,"href":"https:\/\/miradordeatarfe.es\/index.php?rest_route=\/wp\/v2\/users\/1"}],"replies":[{"embeddable":true,"href":"https:\/\/miradordeatarfe.es\/index.php?rest_route=%2Fwp%2Fv2%2Fcomments&post=57793"}],"version-history":[{"count":3,"href":"https:\/\/miradordeatarfe.es\/index.php?rest_route=\/wp\/v2\/posts\/57793\/revisions"}],"predecessor-version":[{"id":57797,"href":"https:\/\/miradordeatarfe.es\/index.php?rest_route=\/wp\/v2\/posts\/57793\/revisions\/57797"}],"wp:featuredmedia":[{"embeddable":true,"href":"https:\/\/miradordeatarfe.es\/index.php?rest_route=\/wp\/v2\/media\/57794"}],"wp:attachment":[{"href":"https:\/\/miradordeatarfe.es\/index.php?rest_route=%2Fwp%2Fv2%2Fmedia&parent=57793"}],"wp:term":[{"taxonomy":"category","embeddable":true,"href":"https:\/\/miradordeatarfe.es\/index.php?rest_route=%2Fwp%2Fv2%2Fcategories&post=57793"},{"taxonomy":"post_tag","embeddable":true,"href":"https:\/\/miradordeatarfe.es\/index.php?rest_route=%2Fwp%2Fv2%2Ftags&post=57793"}],"curies":[{"name":"wp","href":"https:\/\/api.w.org\/{rel}","templated":true}]}}