{"id":57803,"date":"2022-12-04T11:12:13","date_gmt":"2022-12-04T10:12:13","guid":{"rendered":"https:\/\/miradordeatarfe.es\/?p=57803"},"modified":"2023-10-21T18:35:43","modified_gmt":"2023-10-21T16:35:43","slug":"atarfenos-del-mundo-de-la-ciencia-jose-manuel-peula-garcia","status":"publish","type":"post","link":"https:\/\/miradordeatarfe.es\/?p=57803","title":{"rendered":"ATARFE\u00d1OS DEL MUNDO DE LA CIENCIA: JOS\u00c9 MANUEL PEULA GARC\u00cdA"},"content":{"rendered":"<h3>Jos\u00e9 Manuel Peula Garc\u00eda. Licenciado en Bioqu\u00edmica, Doctor en Ciencias F\u00edsicas por la UGR, Profesor universitario<\/h3>\n<p style=\"text-align: justify;\">La importancia de los avances cient\u00edficos y tecnol\u00f3gicos marcan nuestra vida, nuestro d\u00eda a d\u00eda. Basta con tres ejemplos muy diferentes pero basados todos ellos en el conocimiento cient\u00edfico.\u00a0 Es tan simple como pensar en la incre\u00edble interconexi\u00f3n que tenemos a trav\u00e9s de Internet.<\/p>\n<p style=\"text-align: justify;\">Hab\u00e9is pensado en los millones de mensajes que nos enviamos diariamente, en que cada uno de ellos llegue a quien tiene que llegar, en la ventana al mundo que tenemos cuando nos ponemos enfrente de nuestros dispositivos digitales, cada vez m\u00e1s peque\u00f1os y con mejores prestaciones. Os hab\u00e9is parado a pensar en c\u00f3mo somos capaces de generar energ\u00eda con la luz del sol o el viento. Y en que est\u00e1 ser\u00e1 una de las formas de reducir nuestro impacto en la Naturaleza, en la Tierra, nuestro hogar y el hogar de todos los que vendr\u00e1n despu\u00e9s de nosotros. Todos hemos sido y somos testigos y sufridores de la pandemia que nos afecta desde hace dos a\u00f1os por un\u00a0 peque\u00f1o microorganismo, el COVID-19, un virus cuyo tama\u00f1o es alrededor de un mill\u00f3n de veces m\u00e1s peque\u00f1o que\u00a0un cent\u00edmetro.<\/p>\n<p style=\"text-align: justify;\">Os hab\u00e9is parado a pensar en la importancia de habernos vacunado. Y la rapidez para desarrollar esa vacuna. Y en la incre\u00edble biotecnolog\u00eda que hay detr\u00e1s de ella. Esta vacuna, usa una peque\u00f1a porci\u00f3n de la informaci\u00f3n gen\u00e9tica del virus para introducirla en nuestras c\u00e9lulas de forma que \u00e9stas produzcan una prote\u00edna de la cubierta del virus, justo la que el virus usa para infectarnos. Pero esa prote\u00edna, fabricada por nuestras propias c\u00e9lulas, no nos hace enfermar sino que sirve para que otras\u00a0 c\u00e9lulas de nuestro organismo fabriquen anticuerpos, que son las primeras herramientos que usamos para detectar la presencia del virus, si nos hemos infectado, y ser capaces de eliminarlo sin sufrir consecuencias graves.<\/p>\n<p style=\"text-align: justify;\">Tres ejemplos muy distintos pero que dejan clara la importancia de contar con cient\u00edficos y\u00a0cient\u00edficas, con ingenieros e ingenieras, que nos aporten d\u00eda tras d\u00eda, continuos avances que\u00a0nos facilitan la vida y nos protegen.<\/p>\n<p style=\"text-align: justify;\">Hay\u00a0que apoyar su\u00a0trabajo,\u00a0<strong>SIN\u00a0CIENCIA\u00a0NO\u00a0HAY\u00a0FUTURO<\/strong>.<\/p>\n<p style=\"text-align: justify;\">Animaros\u00a0a\u00a0ser\u00a0curiosos,\u00a0a\u00a0pensar\u00a0en\u00a0todo\u00a0lo\u00a0que\u00a0nos\u00a0rodea\u00a0y,\u00a0porque\u00a0no,\u00a0a\u00a0convertiros\u00a0en\u00a0los\u00a0investigadores e ingenieros del futuro para ayudar a vuestros padres y abuelos, a vuestros\u00a0hijos y nietos&#8230;<\/p>\n<p><a href=\"https:\/\/i0.wp.com\/miradordeatarfe.es\/wp-content\/uploads\/2022\/12\/la-nanotecnologia-abre-una-via-a-una-quimioterapia-menos-agresiva-0.jpg?ssl=1\"><img data-recalc-dims=\"1\" loading=\"lazy\" decoding=\"async\" class=\"alignnone wp-image-57805 \" src=\"https:\/\/i0.wp.com\/miradordeatarfe.es\/wp-content\/uploads\/2022\/12\/la-nanotecnologia-abre-una-via-a-una-quimioterapia-menos-agresiva-0.jpg?resize=640%2C384&#038;ssl=1\" alt=\"\" width=\"640\" height=\"384\" srcset=\"https:\/\/i0.wp.com\/miradordeatarfe.es\/wp-content\/uploads\/2022\/12\/la-nanotecnologia-abre-una-via-a-una-quimioterapia-menos-agresiva-0.jpg?w=610&amp;ssl=1 610w, https:\/\/i0.wp.com\/miradordeatarfe.es\/wp-content\/uploads\/2022\/12\/la-nanotecnologia-abre-una-via-a-una-quimioterapia-menos-agresiva-0.jpg?resize=300%2C180&amp;ssl=1 300w\" sizes=\"auto, (max-width: 640px) 100vw, 640px\" \/><\/a><\/p>\n","protected":false},"excerpt":{"rendered":"<p>Jos\u00e9 Manuel Peula Garc\u00eda. Licenciado en Bioqu\u00edmica, Doctor en Ciencias F\u00edsicas por la UGR, Profesor&#8230;<\/p>\n","protected":false},"author":1,"featured_media":57807,"comment_status":"closed","ping_status":"closed","sticky":false,"template":"","format":"standard","meta":{"_coblocks_attr":"","_coblocks_dimensions":"","_coblocks_responsive_height":"","_coblocks_accordion_ie_support":"","jetpack_post_was_ever_published":false,"_jetpack_newsletter_access":"","_jetpack_dont_email_post_to_subs":false,"_jetpack_newsletter_tier_id":0,"_jetpack_memberships_contains_paywalled_content":false,"_jetpack_memberships_contains_paid_content":false,"footnotes":"","jetpack_publicize_message":"","jetpack_publicize_feature_enabled":true,"jetpack_social_post_already_shared":true,"jetpack_social_options":{"image_generator_settings":{"template":"highway","default_image_id":0,"enabled":false},"version":2}},"categories":[9597,10778,6539],"tags":[9605,9598],"class_list":["post-57803","post","type-post","status-publish","format-standard","has-post-thumbnail","hentry","category-cientificos-atarfenos","category-feria-de-la-ciencia-atarfe","category-personajes-de-ataref","tag-ciencia-atarfe","tag-cientificos-atarfenos"],"jetpack_publicize_connections":[],"jetpack_featured_media_url":"https:\/\/i0.wp.com\/miradordeatarfe.es\/wp-content\/uploads\/2022\/12\/1669886808938-1.jpg?fit=1435%2C1470&ssl=1","jetpack_likes_enabled":true,"jetpack_sharing_enabled":true,"_links":{"self":[{"href":"https:\/\/miradordeatarfe.es\/index.php?rest_route=\/wp\/v2\/posts\/57803","targetHints":{"allow":["GET"]}}],"collection":[{"href":"https:\/\/miradordeatarfe.es\/index.php?rest_route=\/wp\/v2\/posts"}],"about":[{"href":"https:\/\/miradordeatarfe.es\/index.php?rest_route=\/wp\/v2\/types\/post"}],"author":[{"embeddable":true,"href":"https:\/\/miradordeatarfe.es\/index.php?rest_route=\/wp\/v2\/users\/1"}],"replies":[{"embeddable":true,"href":"https:\/\/miradordeatarfe.es\/index.php?rest_route=%2Fwp%2Fv2%2Fcomments&post=57803"}],"version-history":[{"count":1,"href":"https:\/\/miradordeatarfe.es\/index.php?rest_route=\/wp\/v2\/posts\/57803\/revisions"}],"predecessor-version":[{"id":57808,"href":"https:\/\/miradordeatarfe.es\/index.php?rest_route=\/wp\/v2\/posts\/57803\/revisions\/57808"}],"wp:featuredmedia":[{"embeddable":true,"href":"https:\/\/miradordeatarfe.es\/index.php?rest_route=\/wp\/v2\/media\/57807"}],"wp:attachment":[{"href":"https:\/\/miradordeatarfe.es\/index.php?rest_route=%2Fwp%2Fv2%2Fmedia&parent=57803"}],"wp:term":[{"taxonomy":"category","embeddable":true,"href":"https:\/\/miradordeatarfe.es\/index.php?rest_route=%2Fwp%2Fv2%2Fcategories&post=57803"},{"taxonomy":"post_tag","embeddable":true,"href":"https:\/\/miradordeatarfe.es\/index.php?rest_route=%2Fwp%2Fv2%2Ftags&post=57803"}],"curies":[{"name":"wp","href":"https:\/\/api.w.org\/{rel}","templated":true}]}}