{"id":57822,"date":"2022-12-04T08:39:58","date_gmt":"2022-12-04T07:39:58","guid":{"rendered":"https:\/\/miradordeatarfe.es\/?p=57822"},"modified":"2022-12-01T11:53:07","modified_gmt":"2022-12-01T10:53:07","slug":"sintomas-de-rebeldia-en-china","status":"publish","type":"post","link":"https:\/\/miradordeatarfe.es\/?p=57822","title":{"rendered":"S\u00edntomas de rebeld\u00eda en China"},"content":{"rendered":"<h3 style=\"text-align: justify;\">Las movilizaciones en el pa\u00eds asi\u00e1tico contra la pol\u00edtica covid cero desaf\u00edan la autoridad de Xi Jingping por primera vez en a\u00f1os<\/h3>\n<p style=\"text-align: justify;\">Apenas un mes despu\u00e9s del XX Congreso del Partido Comunista que ha otorgado a Xi Jinping un tercer mandato presidencial, China atraviesa su mayor convulsi\u00f3n pol\u00edtica desde la primavera de 1989. Entonces los j\u00f3venes estudiantes ocuparon la plaza de Tiananmen en demanda de democracia y obtuvieron como respuesta una brutal intervenci\u00f3n militar. <a title=\"https:\/\/elpais.com\/internacional\/2022-11-27\/las-protestas-en-china-contra-la-politica-de-covid-cero-en-imagenes.html\" href=\"http:\/\/t.newsletter.elpais.com\/r\/?id=h52259c77,a3a2cd8,49e42f2\" target=\"_blank\" rel=\"noopener noreferrer\" data-saferedirecturl=\"https:\/\/www.google.com\/url?q=http:\/\/t.newsletter.elpais.com\/r\/?id%3Dh52259c77,a3a2cd8,49e42f2&amp;source=gmail&amp;ust=1669978166809000&amp;usg=AOvVaw1mD6-XYB60J1420ES_FKQh\"> Estos \u00faltimos d\u00edas miles de manifestantes, al menos en diez grandes ciudades,<\/a> sin distinci\u00f3n de profesiones y clases, se est\u00e1n lanzando a las calles para denunciar los estrictos confinamientos impuestos por la llamada pol\u00edtica de covid cero, claramente identificada con Xi Jinping. Con folios en blanco en las manos contra la censura digital o protegiendo sus m\u00f3viles de la persecuci\u00f3n de la polic\u00eda, los manifestantes exhiben por primera vez una rebeli\u00f3n contra Xi Jinping que combina el rechazo a las medidas anticovid con la denuncia del control policial de un r\u00e9gimen autocr\u00e1tico.El actual movimiento de desobediencia civil critica los m\u00e9todos con los que se aplica la pol\u00edtica sanitaria, la ausencia de cualquier transparencia <a title=\"https:\/\/elpais.com\/internacional\/2022-11-28\/hartazgo-estragos-economicos-y-accidentes-mortales-claves-para-entender-las-protestas-en-china.html\" href=\"http:\/\/t.newsletter.elpais.com\/r\/?id=h52259c77,a3a2cd8,49e42f3\" target=\"_blank\" rel=\"noopener noreferrer\" data-saferedirecturl=\"https:\/\/www.google.com\/url?q=http:\/\/t.newsletter.elpais.com\/r\/?id%3Dh52259c77,a3a2cd8,49e42f3&amp;source=gmail&amp;ust=1669978166809000&amp;usg=AOvVaw3I8IBgkYZDdgOQk_DDVRz7\"> y la falta de libertades, de democracia y de rendimiento de cuentas por parte de las autoridades<\/a>. Tambi\u00e9n las nefastas consecuencias econ\u00f3micas de unos confinamientos radicales que han provocado estallidos populares en diversas f\u00e1bricas e industrias duramente reprimidos. El exceso de confianza en sus poderes autoritarios y la severidad de las medidas contra la covid, han convertido esta pol\u00edtica de Xi Jinping en la bandera aglutinadora de un naciente movimiento que expresa en las calles y a trav\u00e9s de v\u00eddeos de rapid\u00edsima circulaci\u00f3n la insumis\u00f3n casi siempre de j\u00f3venes contra el monopolio del Partido Comunista.<\/p>\n<p style=\"text-align: justify;\">Es significativa la chispa que provoc\u00f3 el estallido social. Diez personas que se hallaban confinadas murieron en el incendio de un edificio de Urumqi, la capital del Xingjiang. Todas las v\u00edctimas pertenec\u00edan a la etnia uigur, hasta hace poco mayoritaria en la regi\u00f3n, sometida por el r\u00e9gimen a una pol\u00edtica de asimilaci\u00f3n, a una lenta sustituci\u00f3n por la poblaci\u00f3n de etnia han ahora ya mayoritaria y a unos internamientos masivos para modificar sus comportamientos religiosos, ling\u00fc\u00edsticos e incluso de costumbres, que algunos gobiernos y parlamentos occidentales han considerado como un caso de genocidio.<\/p>\n<p style=\"text-align: justify;\">La experiencia represiva del r\u00e9gimen chino y sobre todo el recuerdo de la matanza de Tiananmen hace 33 a\u00f1os, justo cuando en Europa los reg\u00edmenes hermanos del comunista chino se negaban a utilizar las armas contra las reivindicaciones democr\u00e1ticas, hace temer ahora lo peor. Ser\u00e1 dif\u00edcil que Xi Jinping encaje un fracaso que es suyo, de su presidencia vitalicia y de sus pretensiones de superioridad del sistema autocr\u00e1tico tanto en la gesti\u00f3n de la econom\u00eda como de la salud p\u00fablica.<\/p>\n<p style=\"text-align: justify;\">Las protestas en f\u00e1bricas y edificios confinados por brotes de covid tienen cada vez m\u00e1s una causa econ\u00f3mica junto al cansancio de la poblaci\u00f3n sometida a cribados aleatorios sistem\u00e1ticos y continuas pruebas de PCR. La reciente visita de Xi Jinping a Indonesia para asistir al G-20 y la difusi\u00f3n de im\u00e1genes de un mundo cada vez menos sometido al control de la pandemia \u2014como en el Mundial de Qatar\u2014 <a title=\"https:\/\/elpais.com\/internacional\/2022-11-26\/la-muerte-de-10-personas-en-un-incendio-en-xinjiang-extiende-las-protestas-contra-la-politica-de-covid-zero-en-china.html\" href=\"http:\/\/t.newsletter.elpais.com\/r\/?id=h52259c77,a3a2cd8,49e42f4\" target=\"_blank\" rel=\"noopener noreferrer\" data-saferedirecturl=\"https:\/\/www.google.com\/url?q=http:\/\/t.newsletter.elpais.com\/r\/?id%3Dh52259c77,a3a2cd8,49e42f4&amp;source=gmail&amp;ust=1669978166809000&amp;usg=AOvVaw2XWI3mtkilnXroOr5tol7q\"> han alimentado movilizaciones que refuerzan la desconfianza en el m\u00e9todo oficial para frenar la epidemia<\/a> y cuestionan sin disimulo sus peores consecuencias. La temible represi\u00f3n policial ha empezado ya.<\/p>\n<p>EL PAIS EDITORIAL<\/p>\n<p>FOTO: https:\/\/tuplanetavital.org\/actualidad-planetaria\/en-china-internet-rebeldia\/<\/p>\n","protected":false},"excerpt":{"rendered":"<p>Las movilizaciones en el pa\u00eds asi\u00e1tico contra la pol\u00edtica covid cero desaf\u00edan la autoridad de&#8230;<\/p>\n","protected":false},"author":1,"featured_media":57823,"comment_status":"closed","ping_status":"closed","sticky":false,"template":"","format":"standard","meta":{"_coblocks_attr":"","_coblocks_dimensions":"","_coblocks_responsive_height":"","_coblocks_accordion_ie_support":"","jetpack_post_was_ever_published":false,"_jetpack_newsletter_access":"","_jetpack_dont_email_post_to_subs":false,"_jetpack_newsletter_tier_id":0,"_jetpack_memberships_contains_paywalled_content":false,"_jetpack_memberships_contains_paid_content":false,"footnotes":"","jetpack_publicize_message":"","jetpack_publicize_feature_enabled":true,"jetpack_social_post_already_shared":true,"jetpack_social_options":{"image_generator_settings":{"template":"highway","default_image_id":0,"enabled":false},"version":2}},"categories":[1161,7149,44,7671,15],"tags":[1312,9797,2972],"class_list":["post-57822","post","type-post","status-publish","format-standard","has-post-thumbnail","hentry","category-ciudadania","category-coronavirus","category-noticias-de-hoy","category-politica","category-ultimas-noticias","tag-china","tag-covid-cero","tag-rebeldia"],"jetpack_publicize_connections":[],"jetpack_featured_media_url":"https:\/\/i0.wp.com\/miradordeatarfe.es\/wp-content\/uploads\/2022\/12\/china.webp?fit=620%2C396&ssl=1","jetpack_likes_enabled":true,"jetpack_sharing_enabled":true,"_links":{"self":[{"href":"https:\/\/miradordeatarfe.es\/index.php?rest_route=\/wp\/v2\/posts\/57822","targetHints":{"allow":["GET"]}}],"collection":[{"href":"https:\/\/miradordeatarfe.es\/index.php?rest_route=\/wp\/v2\/posts"}],"about":[{"href":"https:\/\/miradordeatarfe.es\/index.php?rest_route=\/wp\/v2\/types\/post"}],"author":[{"embeddable":true,"href":"https:\/\/miradordeatarfe.es\/index.php?rest_route=\/wp\/v2\/users\/1"}],"replies":[{"embeddable":true,"href":"https:\/\/miradordeatarfe.es\/index.php?rest_route=%2Fwp%2Fv2%2Fcomments&post=57822"}],"version-history":[{"count":1,"href":"https:\/\/miradordeatarfe.es\/index.php?rest_route=\/wp\/v2\/posts\/57822\/revisions"}],"predecessor-version":[{"id":57824,"href":"https:\/\/miradordeatarfe.es\/index.php?rest_route=\/wp\/v2\/posts\/57822\/revisions\/57824"}],"wp:featuredmedia":[{"embeddable":true,"href":"https:\/\/miradordeatarfe.es\/index.php?rest_route=\/wp\/v2\/media\/57823"}],"wp:attachment":[{"href":"https:\/\/miradordeatarfe.es\/index.php?rest_route=%2Fwp%2Fv2%2Fmedia&parent=57822"}],"wp:term":[{"taxonomy":"category","embeddable":true,"href":"https:\/\/miradordeatarfe.es\/index.php?rest_route=%2Fwp%2Fv2%2Fcategories&post=57822"},{"taxonomy":"post_tag","embeddable":true,"href":"https:\/\/miradordeatarfe.es\/index.php?rest_route=%2Fwp%2Fv2%2Ftags&post=57822"}],"curies":[{"name":"wp","href":"https:\/\/api.w.org\/{rel}","templated":true}]}}