{"id":57833,"date":"2022-12-08T09:36:32","date_gmt":"2022-12-08T08:36:32","guid":{"rendered":"https:\/\/miradordeatarfe.es\/?p=57833"},"modified":"2022-12-04T17:53:47","modified_gmt":"2022-12-04T16:53:47","slug":"vandana-shiva-debemos-evitar-que-las-empresas-contaminantes-esten-al-volante-de-la-lucha-contra-el-cambio-climatico","status":"publish","type":"post","link":"https:\/\/miradordeatarfe.es\/?p=57833","title":{"rendered":"Vandana Shiva: \u201cDebemos evitar que las empresas contaminantes est\u00e9n al volante de la lucha contra el cambio clim\u00e1tico\u201d"},"content":{"rendered":"<h3 style=\"text-align: justify;\">\u201cCoca-Cola era uno de los patrocinadores de la Cumbre del Clima, 700 lobbies de la industria de los combustibles f\u00f3siles estaban ah\u00ed, las empresas contaminantes no tienen verg\u00fcenza y est\u00e1n secuestrando la naturaleza en nombre de la protecci\u00f3n del planeta\u201d, lamenta<\/h3>\n<p class=\"article-text\" style=\"text-align: justify;\">Vandana Shiva viste un sari rojo y dorado que se ha tejido con sus propias manos. Cuando deje de usarlo, lo utilizar\u00e1 a modo de toldo para refugiarse del sol. Cuando se desgaste, har\u00e1 con \u00e9l trapos para limpiar el suelo. Y, cuando ya no le valga ni para eso, har\u00e1 compost con \u00e9l. Y as\u00ed, con todo lo dem\u00e1s. Shiva sabe que el consumismo derivado de la globalizaci\u00f3n est\u00e1 acabando con el planeta y, por ello, plantea alternativas reales. No queda mucho tiempo, \u201chay que parar la globalizaci\u00f3n ya\u201d, sostiene durante la entrevista con elDiario.es en Vitoria antes de que el Gobierno vasco le hiciera entrega del premio Ignacio Ellacur\u00eda por ser un referente mundial en el movimiento ecofeminista internacional y en la lucha por preservar la biodiversidad y construir alternativas agr\u00edcolas sostenibles frente a la crisis clim\u00e1tica.<\/p>\n<p style=\"text-align: justify;\">Adem\u00e1s de ser activista ecofeminista, Shiva es f\u00edsica, fil\u00f3sofa y escritora. Entre los muchos premios que ha recibido a lo largo de su carrera se encuentra el Premio al Sustento Bien Ganado, llamado tambi\u00e9n\u00a0Premio\u00a0Nobel Alternativo (en ingl\u00e9s Right Livelihood Award). Seg\u00fan destaca, uno de los desaf\u00edos que tiene la humanidad actualmente es evitar que las empresas contaminantes controlen las estrategias y pol\u00edticas contra el cambio clim\u00e1tico. \u201cLas empresas contaminantes deber\u00edan estar cumpliendo tratados y no dando las soluciones contra el cambio clim\u00e1tico. Son ellos quienes fijan las condiciones ahora y est\u00e1n pensando solo en sus beneficios. Est\u00e1n secuestrando la naturaleza en nombre de la protecci\u00f3n del planeta. Coca-Cola era uno de los patrocinadores de la Cumbre del Clima, 700 lobbies de la industria de los combustibles f\u00f3siles estaban ah\u00ed, esos son indicadores de que las empresas contaminantes no tienen verg\u00fcenza y est\u00e1n al volante de la lucha contra el cambio clim\u00e1tico\u201d, lamenta la activista.<\/p>\n<p class=\"article-text\" style=\"text-align: justify;\"><strong>\u00bfQu\u00e9 supone para usted recibir el premio Ignacio Ellacur\u00eda de Cooperaci\u00f3n para el Desarrollo?<\/strong><\/p>\n<p class=\"article-text\" style=\"text-align: justify;\">Para m\u00ed es un honor porque Ignacio Ellacur\u00eda dio su vida por la justicia y la solidaridad y luch\u00f3 contra la violencia. Recibo este premio con humildad y espero que me fortalezca y me d\u00e9 valent\u00eda.<\/p>\n<figure style=\"text-align: justify;\"><picture class=\"news-image\"><source srcset=\"https:\/\/static.eldiario.es\/clip\/126650e4-a5f6-4d33-a89d-c2a4d7130f0f_16-9-aspect-ratio_50p_0.jpg\" media=\"(max-width: 576px)\" data-srcset=\"https:\/\/static.eldiario.es\/clip\/126650e4-a5f6-4d33-a89d-c2a4d7130f0f_16-9-aspect-ratio_50p_0.jpg\" \/><source srcset=\"https:\/\/static.eldiario.es\/clip\/126650e4-a5f6-4d33-a89d-c2a4d7130f0f_16-9-aspect-ratio_75p_0.jpg\" media=\"(max-width: 768px)\" data-srcset=\"https:\/\/static.eldiario.es\/clip\/126650e4-a5f6-4d33-a89d-c2a4d7130f0f_16-9-aspect-ratio_75p_0.jpg\" \/><source srcset=\"https:\/\/static.eldiario.es\/clip\/126650e4-a5f6-4d33-a89d-c2a4d7130f0f_16-9-aspect-ratio_default_0.jpg\" media=\"(min-width: 769px)\" data-srcset=\"https:\/\/static.eldiario.es\/clip\/126650e4-a5f6-4d33-a89d-c2a4d7130f0f_16-9-aspect-ratio_default_0.jpg\" \/><img class=\"lazy entered loaded\" alt=\"\" data-ll-status=\"loaded\" \/> <\/picture><figcaption class=\"image-footer\"><span class=\"title\"> La activista Vandana Shiva tras recoger en Vitoria el premio Ignacio Ellacur\u00eda <span class=\"author\"> IREKIA<\/span> <\/span><\/figcaption><\/figure>\n<p class=\"article-text\" style=\"text-align: justify;\"><strong>Usted es un referente del ecofeminismo. Ya hablaba sobre ese concepto hace 30 a\u00f1os, cuando public\u00f3 el libro &#8216;Ecofeminismo&#8217; en 1993. \u00bfQu\u00e9 ha cambiado desde entonces?<\/strong><\/p>\n<p class=\"article-text\" style=\"text-align: justify;\">Yo creo que la evoluci\u00f3n se ve en que cada vez hay m\u00e1s personas que se dan cuenta de que hay distintas formas de violencia contra la tierra, las mujeres, los ni\u00f1os y contra los seres humanos en general. Nos damos cuenta de que eso est\u00e1 arraigado en la convergencia entre el capitalismo como una econom\u00eda de avaricia y el patriarcado como una estructura de dominaci\u00f3n. Cuando esos dos elementos se juntan, se crea el colonialismo, el racismo y el sexismo. Esencialmente reducen el mundo a un mundo de propiedad y mercanc\u00edas. Por lo que la relevancia del ecofeminismo a d\u00eda de hoy es todav\u00eda mayor que hace d\u00e9cadas, cuando yo me un\u00ed a este movimiento para proteger los bosques y las selvas.<\/p>\n<blockquote class=\"quote\">\n<div class=\"quote-wrapper\">\n<p class=\"quote-text\"><strong>Tendremos una vida mejor cuando consumamos menos porque comprar no da un sentido a nuestras vidas, a la larga no nos da satisfacci\u00f3n<\/strong><\/p>\n<\/div>\n<\/blockquote>\n<p class=\"article-text\" style=\"text-align: justify;\">Antes la amenaza estaba en la selva y en aquellas industrias que quer\u00edan saquearla para sus propios beneficios, pero ahora est\u00e1 en todos nosotros porque a todos nos ata\u00f1e el colonialismo. El ecofeminismo significa que la tierra y las mujeres no son elementos pasivos, sino que somos la base de la producci\u00f3n del mundo entero y que todos los seres humanos tienen el derecho a ser libres. El ecofeminismo hoy en d\u00eda no se trata solamente de las mujeres, se trata de todos los seres humanos que no quieren da\u00f1ar a otros seres humanos y tampoco quieren sufrir da\u00f1os.<\/p>\n<p class=\"article-text\" style=\"text-align: justify;\"><strong>La sociedad es m\u00e1s consciente de la importancia de un mundo m\u00e1s ecol\u00f3gico, \u00bfpero est\u00e1 dispuesta a dejar a un lado sus privilegios para lograrlo?<\/strong><\/p>\n<p class=\"article-text\" style=\"text-align: justify;\">Hay un sistema industrial violento que lo \u00fanico que nos ofrece es mejorar el confort del mundo en el que vivimos, pero fracasa en ello. Se supone que tenemos que cambiar la tierra y los productos que cultivan los agricultores por comida basura y, luego, contraemos enfermedades como la diabetes al consumir esa comida. Entonces, est\u00e1 claro que eso no nos da confort. Yo creo que ha llegado el momento de compartir las ideas sobre qu\u00e9 es una buena vida. Una buena vida no tiene nada que ver con las corporaciones que nos reducen a consumidores y terminamos pensando solamente en comprar porque creemos que as\u00ed tendremos una vida mejor. Tendremos una vida mejor cuando consumamos menos, cuando nos demos cuenta de que formamos parte de una comunidad, que no estamos solos. Comprar no da un sentido a nuestras vidas, a la larga no nos da satisfacci\u00f3n.<\/p>\n<figure style=\"text-align: justify;\"><picture class=\"news-image\"><source srcset=\"https:\/\/static.eldiario.es\/clip\/a49aeb6a-4a83-46a0-ade7-0b2cae248ac2_16-9-aspect-ratio_50p_0.jpg\" media=\"(max-width: 576px)\" data-srcset=\"https:\/\/static.eldiario.es\/clip\/a49aeb6a-4a83-46a0-ade7-0b2cae248ac2_16-9-aspect-ratio_50p_0.jpg\" \/><source srcset=\"https:\/\/static.eldiario.es\/clip\/a49aeb6a-4a83-46a0-ade7-0b2cae248ac2_16-9-aspect-ratio_75p_0.jpg\" media=\"(max-width: 768px)\" data-srcset=\"https:\/\/static.eldiario.es\/clip\/a49aeb6a-4a83-46a0-ade7-0b2cae248ac2_16-9-aspect-ratio_75p_0.jpg\" \/><source srcset=\"https:\/\/static.eldiario.es\/clip\/a49aeb6a-4a83-46a0-ade7-0b2cae248ac2_16-9-aspect-ratio_default_0.jpg\" media=\"(min-width: 769px)\" data-srcset=\"https:\/\/static.eldiario.es\/clip\/a49aeb6a-4a83-46a0-ade7-0b2cae248ac2_16-9-aspect-ratio_default_0.jpg\" \/><img class=\"lazy entered loaded\" alt=\"\" data-ll-status=\"loaded\" \/> <\/picture><figcaption class=\"image-footer\"><span class=\"title\"> Vandana Shiva, fil\u00f3sofa, activista y escritora <span class=\"author\"> EFE<\/span> <\/span><\/figcaption><\/figure>\n<p class=\"article-text\" style=\"text-align: justify;\"><strong>Entonces, \u00bfpor qu\u00e9 la sociedad cree que comprar le da satisfacci\u00f3n?<\/strong><\/p>\n<p class=\"article-text\" style=\"text-align: justify;\">Porque nos han colonizado. Hemos sido colonizados por aquellos que nos han negado a nosotros mismos a ser creadores y nos han reducido a ser meros consumidores de un sistema de producci\u00f3n. La industria de la comida basura no quiere que nosotros tengamos econom\u00edas basadas en alimentaci\u00f3n local. Pasa lo mismo con el mundo de la moda, que tampoco quiere que seamos capaces de crear nuestra propia ropa o de arreglarla cuando se rompa. H&amp;M, Zara y todas las marcas est\u00e1n creando tantos desechos materiales que tenemos ropa suficiente en el mundo para poder vivir 500 a\u00f1os y siguen creando m\u00e1s. Hay todo un desierto en Chile que est\u00e1 lleno de desechos de ropa.<\/p>\n<blockquote class=\"quote\">\n<div class=\"quote-wrapper\">\n<p class=\"quote-text\"><strong>HyM, Zara y todas las marcas est\u00e1n creando tantos desechos materiales que tenemos ropa suficiente en el mundo para poder vivir 500 a\u00f1os y siguen creando m\u00e1s<\/strong><\/p>\n<\/div>\n<\/blockquote>\n<p class=\"article-text\" style=\"text-align: justify;\">Todos nuestros recursos deber\u00edan ser un regalo tratado con respeto, deber\u00edan durar el mayor tiempo posible. Por ejemplo, el sari que yo llevo, lo he hecho a mano. Cuando no me sirva, podr\u00e9 utilizarlo para hacer un toldo, despu\u00e9s, para limpiar el suelo y, por \u00faltimo, compostar\u00e9 ese tejido. No tenemos que despilfarrar los recursos porque todo forma parte del ciclo de la naturaleza y en la naturaleza no hay desechos ni se despilfarra. Pasa lo mismo con la humanidad, tendr\u00edamos que reconocer que cada refugiado es el resultado de una econom\u00eda de consumismo.<\/p>\n<p class=\"article-text\" style=\"text-align: justify;\"><strong>\u00bfHa visto un cambio en ese sentido en las empresas e instituciones p\u00fablicas o se trata de lo que llaman &#8216;greenwashing&#8217; o &#8216;ecoblanqueamiento&#8217;?<\/strong><\/p>\n<p class=\"article-text\" style=\"text-align: justify;\">Se est\u00e1 despilfarrando mucha pintura verde en el mundo para lavar la imagen de empresas e instituciones (ironiza). Estamos en una crisis clim\u00e1tica y hay muchas soluciones falsas. Por ejemplo, el problema del cambio clim\u00e1tico es la desestabilizaci\u00f3n del ciclo clim\u00e1tico mediante la contaminaci\u00f3n de la atm\u00f3sfera. Se utiliza el &#8216;greenwashing&#8217; para decir que la soluci\u00f3n pasa por m\u00e1s ingenier\u00eda para acabar con los contaminantes de la tierra o para bloquear incluso el sol, pero el sol es la base de la vida en la tierra y quienes contaminan acusan a la vida de ser el problema, mientras ofrecen a\u00fan m\u00e1s contaminaci\u00f3n como soluci\u00f3n. Otra de las cuestiones es la agricultura. Hay industrias que quieren crear agricultura sin agricultores y crear alimentos que vengan de laboratorios. Si los alimentos ultraprocesados contaminan y nos enferman imagina qu\u00e9 har\u00e1n los alimentos creados en un laboratorio. Por eso considero que la comida real y local es la \u00fanica soluci\u00f3n.<\/p>\n<p class=\"article-text\" style=\"text-align: justify;\"><strong>Parte de la sociedad, sobre todo en las esferas de poder, critica ferozmente e infravalora a activistas como usted en lugar de cambiar su actitud con respecto al medio ambiente. \u00bfQu\u00e9 le dir\u00eda a esas personas?<\/strong><\/p>\n<p class=\"article-text\" style=\"text-align: justify;\">Yo siempre les invito a que vean mi trabajo. Les invito a que coman la comida de verdad y vean la diferencia, a que metan sus manos en la tierra y planten una semilla. As\u00ed se dar\u00e1n cuenta de que no necesitan una agricultura digital con sistemas de vigilancia. Les invito a experimentar la belleza de este mundo, la abundancia de la naturaleza y el conocimiento de la gente.<\/p>\n<figure style=\"text-align: justify;\"><picture class=\"news-image\"><source srcset=\"https:\/\/static.eldiario.es\/clip\/1a6d5bc3-105b-4b12-b7c8-b3eab653526c_16-9-aspect-ratio_50p_0.jpg\" media=\"(max-width: 576px)\" data-srcset=\"https:\/\/static.eldiario.es\/clip\/1a6d5bc3-105b-4b12-b7c8-b3eab653526c_16-9-aspect-ratio_50p_0.jpg\" \/><source srcset=\"https:\/\/static.eldiario.es\/clip\/1a6d5bc3-105b-4b12-b7c8-b3eab653526c_16-9-aspect-ratio_75p_0.jpg\" media=\"(max-width: 768px)\" data-srcset=\"https:\/\/static.eldiario.es\/clip\/1a6d5bc3-105b-4b12-b7c8-b3eab653526c_16-9-aspect-ratio_75p_0.jpg\" \/><source srcset=\"https:\/\/static.eldiario.es\/clip\/1a6d5bc3-105b-4b12-b7c8-b3eab653526c_16-9-aspect-ratio_default_0.jpg\" media=\"(min-width: 769px)\" data-srcset=\"https:\/\/static.eldiario.es\/clip\/1a6d5bc3-105b-4b12-b7c8-b3eab653526c_16-9-aspect-ratio_default_0.jpg\" \/><img class=\"lazy entered loaded\" alt=\"\" data-ll-status=\"loaded\" \/> <\/picture><figcaption class=\"image-footer\"><span class=\"title\"> Vandana Shiva, ganadora del Premio al Sustento Bien Ganado, llamado tambi\u00e9n Premio Nobel Alternativo por su lucha a favor del ecofeminismo <span class=\"author\"> EFE<\/span> <\/span><\/figcaption><\/figure>\n<p class=\"article-text\" style=\"text-align: justify;\"><strong>\u00bfEstamos a tiempo de revertir las consecuencias negativas que ha tra\u00eddo consigo la globalizaci\u00f3n?<\/strong><\/p>\n<p class=\"article-text\" style=\"text-align: justify;\">Tenemos la obligaci\u00f3n de no dejar que se produzca la aceleraci\u00f3n de la globalizaci\u00f3n. Tenemos que pararla ahora mismo. Necesitamos proteger lo que todav\u00eda existe. Las poblaciones ind\u00edgenas, por ejemplo, tenemos que evitar que caigan en manos de las industrias. Debemos regenerar las culturas locales y preservar su agricultura y alimentos.<\/p>\n<blockquote class=\"quote\">\n<div class=\"quote-wrapper\">\n<p class=\"quote-text\"><strong>Yo he visto las f\u00e1bricas de Banglad\u00e9s donde personas esclavas fabrican ropa, he vivido c\u00f3mo han destruido con violencia sus econom\u00edas locales. Tenemos que proteger lo que es nuestro, regenerarlo y compartirlo<\/strong><\/p>\n<\/div>\n<\/blockquote>\n<p class=\"article-text\" style=\"text-align: justify;\">Fortalecer esos territorios es una soluci\u00f3n para los problemas relacionados con el agua, la tierra o las enfermedades y as\u00ed, creamos alternativas que nos alejen de la econom\u00eda basura que crean ropa o comida r\u00e1pida y no dejan que existan otras formas de econom\u00eda. Yo he visto las f\u00e1bricas de Banglad\u00e9s donde personas esclavas fabrican ropa, he vivido c\u00f3mo han destruido las econom\u00edas locales con violencia, por eso tuvimos que desobedecer pac\u00edficamente y crear un movimiento contrario a esas industrias. Tenemos que proteger lo que es nuestro, regenerarlo y compartirlo.<\/p>\n<p class=\"article-text\" style=\"text-align: justify;\"><strong>\u00bfQu\u00e9 es lo m\u00e1s duro o complicado a lo que ha tenido que enfrentarse en su vida como activista?<\/strong><\/p>\n<p class=\"article-text\" style=\"text-align: justify;\">Lo m\u00e1s desafiante es que todo lo que he hecho ha sido porque he visto una violencia terrible. He sido testigo de la violencia contra la tierra, los agricultores y las mujeres y mi respuesta es tratar de encontrar la verdad y luchar contra ello de una forma no violenta. El desaf\u00edo hoy en d\u00eda es m\u00e1s acuciante porque esos que ganan tanto dinero son los que desencadenan la violencia, pero yo, cuando trabajo con honestidad, creo movimientos alternativos.<\/p>\n<p class=\"article-text\" style=\"text-align: justify;\">Cuando los poderosos se dan cuenta de lo que hago, ven que sus mercados est\u00e1n en peligro y contraatacan utilizando sus medios financieros. No solo nos atacan, pretenden que, a pesar de sus ataques, la sociedad les crea y que conf\u00eden en lo que hacen. Cuando miles de agricultores se suicidan en India por sus condiciones laborales, por la inestabilidad econ\u00f3mica o por perder sus tierras a ra\u00edz de las cat\u00e1strofes naturales provocadas por el cambio clim\u00e1tico, empresas e instituciones dicen que no es cierto, que mueren solos, pero la gente empieza ya a tener dudas al respecto y esa duda se est\u00e1 expandiendo. Tratan de crear una divisi\u00f3n de la poblaci\u00f3n y eso es lo que me parece m\u00e1s desafiante y dif\u00edcil, porque con sus mentiras est\u00e1n bloqueando la capacidad de pensar y de decidir de muchas personas.<\/p>\n<p class=\"article-text\" style=\"text-align: justify;\"><strong>\u00bfC\u00f3mo valora la <\/strong><a class=\"link\" href=\"https:\/\/www.eldiario.es\/sociedad\/cumbre-clima-acuerda-compensar-vulnerables-incapaz-pedir-abandono-gas-petroleo_1_9727097.html\" data-mrf-recirculation=\"links-noticia\"><strong>Cumbre del Clima<\/strong><\/a><strong> celebrada en Egipto? \u00bfSe muestra positiva o a\u00fan m\u00e1s preocupada tras el encuentro?<\/strong><\/p>\n<p class=\"article-text\" style=\"text-align: justify;\">Deber\u00edamos estar preocupados y no solamente por esta Cumbre del Clima. Las empresas contaminantes deber\u00edan estar cumpliendo tratados y no dando las soluciones contra el cambio clim\u00e1tico. Son ellos quienes fijan las condiciones ahora y lo hacen pensando solo en sus propios beneficios. Est\u00e1n secuestrando la naturaleza en nombre de la protecci\u00f3n del planeta. Coca-Cola era uno de los patrocinadores de la Cumbre del Clima, 700 lobbies de la industria de los combustibles f\u00f3siles estaban ah\u00ed, esos son indicadores de que las empresas contaminantes no tienen verg\u00fcenza y est\u00e1n al volante de la lucha contra el cambio clim\u00e1tico. Ese es el mayor desaf\u00edo al que nos enfrentamos y debemos evitarlo a toda costa.<\/p>\n<p style=\"text-align: justify;\"><a href=\"https:\/\/www.eldiario.es\/autores\/maialen_ferreira\/\"><strong>Maialen Ferreira<\/strong><\/a><\/p>\n<p><span class=\"title\">FOTO: La activista ecofeminista Vandana Shiva <span class=\"author\"> IREKIA<\/span> <\/span><\/p>\n<footer class=\"news-info  has-button-follow\" data-mrf-recirculation=\"firma\">\n<div class=\"info-wrapper\">\n<p>https:\/\/www.eldiario.es\/euskadi\/vandana-shiva-debemos-evitar-empresas-contaminantes-esten-volante-lucha-cambio-climatico_128_9755050.html<\/p>\n<\/div>\n<\/footer>\n","protected":false},"excerpt":{"rendered":"<p>\u201cCoca-Cola era uno de los patrocinadores de la Cumbre del Clima, 700 lobbies de la&#8230;<\/p>\n","protected":false},"author":1,"featured_media":57835,"comment_status":"closed","ping_status":"closed","sticky":false,"template":"","format":"standard","meta":{"_coblocks_attr":"","_coblocks_dimensions":"","_coblocks_responsive_height":"","_coblocks_accordion_ie_support":"","jetpack_post_was_ever_published":false,"_jetpack_newsletter_access":"","_jetpack_dont_email_post_to_subs":false,"_jetpack_newsletter_tier_id":0,"_jetpack_memberships_contains_paywalled_content":false,"_jetpack_memberships_contains_paid_content":false,"footnotes":"","jetpack_publicize_message":"","jetpack_publicize_feature_enabled":true,"jetpack_social_post_already_shared":true,"jetpack_social_options":{"image_generator_settings":{"template":"highway","default_image_id":0,"enabled":false},"version":2}},"categories":[7725,1161,9,44,7671,15],"tags":[7726,6800,99],"class_list":["post-57833","post","type-post","status-publish","format-standard","has-post-thumbnail","hentry","category-atarfe-sostenible","category-ciudadania","category-medio-ambiente","category-noticias-de-hoy","category-politica","category-ultimas-noticias","tag-atarfe-sostenible","tag-cumbre-del-clima","tag-medio-ambiente"],"jetpack_publicize_connections":[],"jetpack_featured_media_url":"https:\/\/i0.wp.com\/miradordeatarfe.es\/wp-content\/uploads\/2022\/12\/f47e7059-2919-4a96-88f4-6cd20dfe64ab_16-9-aspect-ratio_default_0.jpg?fit=880%2C495&ssl=1","jetpack_likes_enabled":true,"jetpack_sharing_enabled":true,"_links":{"self":[{"href":"https:\/\/miradordeatarfe.es\/index.php?rest_route=\/wp\/v2\/posts\/57833","targetHints":{"allow":["GET"]}}],"collection":[{"href":"https:\/\/miradordeatarfe.es\/index.php?rest_route=\/wp\/v2\/posts"}],"about":[{"href":"https:\/\/miradordeatarfe.es\/index.php?rest_route=\/wp\/v2\/types\/post"}],"author":[{"embeddable":true,"href":"https:\/\/miradordeatarfe.es\/index.php?rest_route=\/wp\/v2\/users\/1"}],"replies":[{"embeddable":true,"href":"https:\/\/miradordeatarfe.es\/index.php?rest_route=%2Fwp%2Fv2%2Fcomments&post=57833"}],"version-history":[{"count":3,"href":"https:\/\/miradordeatarfe.es\/index.php?rest_route=\/wp\/v2\/posts\/57833\/revisions"}],"predecessor-version":[{"id":57837,"href":"https:\/\/miradordeatarfe.es\/index.php?rest_route=\/wp\/v2\/posts\/57833\/revisions\/57837"}],"wp:featuredmedia":[{"embeddable":true,"href":"https:\/\/miradordeatarfe.es\/index.php?rest_route=\/wp\/v2\/media\/57835"}],"wp:attachment":[{"href":"https:\/\/miradordeatarfe.es\/index.php?rest_route=%2Fwp%2Fv2%2Fmedia&parent=57833"}],"wp:term":[{"taxonomy":"category","embeddable":true,"href":"https:\/\/miradordeatarfe.es\/index.php?rest_route=%2Fwp%2Fv2%2Fcategories&post=57833"},{"taxonomy":"post_tag","embeddable":true,"href":"https:\/\/miradordeatarfe.es\/index.php?rest_route=%2Fwp%2Fv2%2Ftags&post=57833"}],"curies":[{"name":"wp","href":"https:\/\/api.w.org\/{rel}","templated":true}]}}